{"id":21587,"date":"2026-02-08T06:57:37","date_gmt":"2026-02-08T06:57:37","guid":{"rendered":"https:\/\/bihavadis.com\/?p=21587"},"modified":"2026-02-08T06:57:37","modified_gmt":"2026-02-08T06:57:37","slug":"ergeneden-kadinlara-okuma-yazma-destegi","status":"publish","type":"post","link":"https:\/\/bihavadis.com\/index.php\/2026\/02\/08\/ergeneden-kadinlara-okuma-yazma-destegi\/","title":{"rendered":"Ergene&#8217;den Kad\u0131nlara Okuma Yazma Deste\u011fi"},"content":{"rendered":"<p>Ergene Belediyesi, &#8220;Kad\u0131n okur, toplum ayd\u0131nlan\u0131r&#8221; okuma yazma kurslar\u0131na \u00e7e\u015fitli nedenlerle kat\u0131lamayan vatanda\u015flar i\u00e7in yeni bir proje haz\u0131rlad\u0131.<\/p>\n<p>Belediye Ba\u015fkan\u0131 M\u00fcge Y\u0131ld\u0131z Topak, konuyla ilgili yapt\u0131\u011f\u0131 a\u00e7\u0131klamada, \u00f6\u011frenmenin ya\u015f\u0131n\u0131n olmad\u0131\u011f\u0131n\u0131 s\u00f6yledi.<\/p>\n<p>Ergene Belediyesi b\u00fcnyesinde hayata ge\u00e7irilen &#8220;Kad\u0131n okur, toplum ayd\u0131nlan\u0131r&#8221; projesi kapsam\u0131nda a\u00e7\u0131lan kurslara kat\u0131lamayan vatanda\u015flar i\u00e7in yeni bir program olu\u015fturduklar\u0131n\u0131 belirten Topak, herkesin e\u011fitime a\u00e7\u0131k olmas\u0131 gerekti\u011fini vurgulad\u0131.<\/p>\n<p>E\u011fitimli bireylerin daha cesaretli ve \u00f6zg\u00fcvenli olduklar\u0131n\u0131 ifade eden Topak, \u015funlar\u0131 kaydetti: <\/p>\n<p>&#8220;Y\u0131llarca i\u00e7inde kalan bir eksiklik, k\u00fc\u00e7\u00fck bir dokunu\u015fla b\u00fcy\u00fck bir mutlulu\u011fa d\u00f6n\u00fc\u015f\u00fcyor. G\u00f6zlerden s\u00fcz\u00fclen sevin\u00e7 g\u00f6zya\u015flar\u0131 bize bunu bir kez daha hat\u0131rlat\u0131yor. Vatanda\u015flar\u0131m\u0131z\u0131n mutlulu\u011fu bizim en b\u00fcy\u00fck motivasyon kayna\u011f\u0131m\u0131z. E\u011fitim deste\u011fimizle kimse geride kalmas\u0131n, kimse kendini yaln\u0131z hissetmesin istiyoruz. Okuma yazma kurslar\u0131m\u0131za kat\u0131lamayan vatanda\u015flar\u0131m\u0131z\u0131n hangi ya\u015fta olursa olsun evlerine e\u011fitmen g\u00f6ndererek okuma yazma \u00f6\u011fretiyoruz. Ba\u015fta kad\u0131nlar\u0131m\u0131z olmak \u00fczere evlerde bir araya gelen vatanda\u015flar\u0131m\u0131za e\u011fitmenlerimizi y\u00f6nlendiriyoruz.&#8221;<\/p>\n","protected":false},"excerpt":{"rendered":"<p>Ergene Belediyesi, okuma yazma kurslar\u0131na kat\u0131lamayanlara evde e\u011fitim imkan\u0131 sunuyor.<\/p>\n","protected":false},"author":1,"featured_media":21588,"comment_status":"open","ping_status":"open","sticky":false,"template":"","format":"standard","meta":{"footnotes":""},"categories":[9,4,13],"tags":[1135],"class_list":["post-21587","post","type-post","status-publish","format-standard","has-post-thumbnail","hentry","category-genel","category-gundem","category-son-dakika","tag-vatandaslar"],"_links":{"self":[{"href":"https:\/\/bihavadis.com\/index.php\/wp-json\/wp\/v2\/posts\/21587","targetHints":{"allow":["GET"]}}],"collection":[{"href":"https:\/\/bihavadis.com\/index.php\/wp-json\/wp\/v2\/posts"}],"about":[{"href":"https:\/\/bihavadis.com\/index.php\/wp-json\/wp\/v2\/types\/post"}],"author":[{"embeddable":true,"href":"https:\/\/bihavadis.com\/index.php\/wp-json\/wp\/v2\/users\/1"}],"replies":[{"embeddable":true,"href":"https:\/\/bihavadis.com\/index.php\/wp-json\/wp\/v2\/comments?post=21587"}],"version-history":[{"count":1,"href":"https:\/\/bihavadis.com\/index.php\/wp-json\/wp\/v2\/posts\/21587\/revisions"}],"predecessor-version":[{"id":21589,"href":"https:\/\/bihavadis.com\/index.php\/wp-json\/wp\/v2\/posts\/21587\/revisions\/21589"}],"wp:featuredmedia":[{"embeddable":true,"href":"https:\/\/bihavadis.com\/index.php\/wp-json\/wp\/v2\/media\/21588"}],"wp:attachment":[{"href":"https:\/\/bihavadis.com\/index.php\/wp-json\/wp\/v2\/media?parent=21587"}],"wp:term":[{"taxonomy":"category","embeddable":true,"href":"https:\/\/bihavadis.com\/index.php\/wp-json\/wp\/v2\/categories?post=21587"},{"taxonomy":"post_tag","embeddable":true,"href":"https:\/\/bihavadis.com\/index.php\/wp-json\/wp\/v2\/tags?post=21587"}],"curies":[{"name":"wp","href":"https:\/\/api.w.org\/{rel}","templated":true}]}}