{"id":21593,"date":"2026-02-08T07:03:08","date_gmt":"2026-02-08T07:03:08","guid":{"rendered":"https:\/\/bihavadis.com\/?p=21593"},"modified":"2026-02-08T07:03:08","modified_gmt":"2026-02-08T07:03:08","slug":"bipolar-hastasi-enes-terzi-kayboldu","status":"publish","type":"post","link":"https:\/\/bihavadis.com\/index.php\/2026\/02\/08\/bipolar-hastasi-enes-terzi-kayboldu\/","title":{"rendered":"Bipolar hastas\u0131 Enes Terzi kayboldu"},"content":{"rendered":"<p>\n<p>TRABZON&#8217;da, evden \u00e7\u0131kt\u0131ktan sonra kendisinden haber al\u0131namayan, ayakkab\u0131lar\u0131 ve g\u00f6zl\u00fc\u011f\u00fc sahil k\u0131y\u0131s\u0131nda bulunan bipolar hastas\u0131 Enes Terzi (25) i\u00e7in denizde arama \u00e7al\u0131\u015fmas\u0131 y\u00fcr\u00fct\u00fcl\u00fcyor. Dalg\u0131\u00e7lar taraf\u0131ndan yap\u0131lan \u00e7al\u0131\u015fmalarda hen\u00fcz bir ize rastlanmazken, Terzi&#8217;nin kayboldu\u011fu g\u00fcne ait son g\u00f6r\u00fcnt\u00fcler de ortaya \u00e7\u0131kt\u0131.<\/p>\n<p>Ortahisar il\u00e7esi 2 Nolu Erdo\u011fdu Mahallesi&#8217;nde ailesiyle ya\u015fayan Enes Terzi, 27 Ocak ak\u015fam\u0131 ayr\u0131ld\u0131\u011f\u0131 evlerine geri d\u00f6nmedi. Kendisinden haber alamayan ailesi, durumu polise bildirdi. \u0130hbar \u00fczerine polis ekipleri, arama \u00e7al\u0131\u015fmas\u0131 ba\u015flatt\u0131. \u00c7al\u0131\u015fmalar\u0131n 4&#8217;\u00fcnc\u00fc g\u00fcn\u00fcnde Terzi&#8217;nin ayakkab\u0131s\u0131 ve g\u00f6zl\u00fc\u011f\u00fc, il\u00e7enin Be\u015firli Mahallesi&#8217;ndeki sahil dolgu alan\u0131nda bulundu. AFAD, Sahil G\u00fcvenlik, polis, dalg\u0131\u00e7 ve arama-kurtarma ekipleri, \u00e7al\u0131\u015fmalar\u0131n\u0131 denizde yo\u011funla\u015ft\u0131rd\u0131. Sahil hatt\u0131nda ve \u00e7evrede geni\u015f \u00e7apl\u0131 arama ba\u015flat\u0131ld\u0131. Ekipler havadan dronla ve karadan tarama yaparken, dalg\u0131\u00e7lar da dal\u0131\u015flar yap\u0131p denizdeki aramalar\u0131 s\u00fcrd\u00fcrd\u00fc. Uzaktan kumandal\u0131 sualt\u0131 arac\u0131n\u0131n (ROV) da kullan\u0131ld\u0131\u011f\u0131 \u00e7al\u0131\u015fmalar\u0131n 5&#8217;inci g\u00fcn\u00fcnde, kay\u0131p Terzi&#8217;ye dair bir ize ula\u015f\u0131lamad\u0131.<\/p>\n<p>Aramalar s\u00fcrerken, Enes Terzi&#8217;nin evinden ayr\u0131l\u0131\u011f\u0131 anlara ait son g\u00f6r\u00fcnt\u00fcleri, \u00e7evredeki g\u00fcvenlik kameras\u0131na yans\u0131d\u0131. G\u00f6r\u00fcnt\u00fcde, Enes Terzi&#8217;nin apartman kap\u0131s\u0131ndan \u00e7\u0131k\u0131p yola do\u011fru y\u00fcr\u00fcd\u00fc\u011f\u00fc anlar yer ald\u0131.<\/p>\n<p>&#8216;\u00c7IKIP GELMES\u0130N\u0130 \u00dcM\u0130T ED\u0130YORUZ&#8217;<\/p>\n<p>Aramalar\u0131n yap\u0131ld\u0131\u011f\u0131 b\u00f6lgede umutla bekledi\u011fini belirten B\u00fclent Terzi, &#8220;Muhtemelen evden denize gelmi\u015f. Burada d\u00fcn ayakkab\u0131lar\u0131 ve g\u00f6zl\u00fc\u011f\u00fc bulundu. D\u00fcnden beri devletin arama kurtarma ekipleri, itfaiye, AFAD ve sahil g\u00fcvenlik ekipleri herkes arama \u00e7al\u0131\u015fmas\u0131 yap\u0131yor. \u0130n\u015fallah denizde de\u011fildir, bir yerlerden \u00e7\u0131k\u0131p gelmesini \u00fcmit ediyoruz. \u00c7aresizce bekliyoruz. Bipolar bozuklu\u011fu ve psikiyatrik sorunlar\u0131 vard\u0131. Ac\u0131lar \u00e7ekti\u011fini s\u00f6yl\u00fcyordu. \u0130nan\u00e7l\u0131 da bir \u00e7ocuktu ama morali her g\u00fcn bozuktu. Genel olarak ne\u015feli olmazd\u0131 ve hayattan hi\u00e7 zevk almayan bir \u00e7ocuktu. Cenab\u0131hakk&#8217;\u0131n takdiriilahisi. \u0130la\u00e7 kullan\u0131yordu. Bir kavga ya da g\u00fcr\u00fclt\u00fc olmad\u0131&#8221; dedi. <\/p>\n","protected":false},"excerpt":{"rendered":"<p>TRABZON&#8217;da kaybolan Enes Terzi i\u00e7in denizde arama \u00e7al\u0131\u015fmalar\u0131 s\u00fcr\u00fcyor. Ayakkab\u0131lar\u0131 bulundu.<\/p>\n","protected":false},"author":1,"featured_media":21594,"comment_status":"open","ping_status":"open","sticky":false,"template":"","format":"standard","meta":{"footnotes":""},"categories":[9,4,13],"tags":[403,279,2599,2661],"class_list":["post-21593","post","type-post","status-publish","format-standard","has-post-thumbnail","hentry","category-genel","category-gundem","category-son-dakika","tag-arama","tag-ekipler","tag-sahil","tag-terzi"],"_links":{"self":[{"href":"https:\/\/bihavadis.com\/index.php\/wp-json\/wp\/v2\/posts\/21593","targetHints":{"allow":["GET"]}}],"collection":[{"href":"https:\/\/bihavadis.com\/index.php\/wp-json\/wp\/v2\/posts"}],"about":[{"href":"https:\/\/bihavadis.com\/index.php\/wp-json\/wp\/v2\/types\/post"}],"author":[{"embeddable":true,"href":"https:\/\/bihavadis.com\/index.php\/wp-json\/wp\/v2\/users\/1"}],"replies":[{"embeddable":true,"href":"https:\/\/bihavadis.com\/index.php\/wp-json\/wp\/v2\/comments?post=21593"}],"version-history":[{"count":1,"href":"https:\/\/bihavadis.com\/index.php\/wp-json\/wp\/v2\/posts\/21593\/revisions"}],"predecessor-version":[{"id":21595,"href":"https:\/\/bihavadis.com\/index.php\/wp-json\/wp\/v2\/posts\/21593\/revisions\/21595"}],"wp:featuredmedia":[{"embeddable":true,"href":"https:\/\/bihavadis.com\/index.php\/wp-json\/wp\/v2\/media\/21594"}],"wp:attachment":[{"href":"https:\/\/bihavadis.com\/index.php\/wp-json\/wp\/v2\/media?parent=21593"}],"wp:term":[{"taxonomy":"category","embeddable":true,"href":"https:\/\/bihavadis.com\/index.php\/wp-json\/wp\/v2\/categories?post=21593"},{"taxonomy":"post_tag","embeddable":true,"href":"https:\/\/bihavadis.com\/index.php\/wp-json\/wp\/v2\/tags?post=21593"}],"curies":[{"name":"wp","href":"https:\/\/api.w.org\/{rel}","templated":true}]}}