{"id":21604,"date":"2026-02-08T07:12:20","date_gmt":"2026-02-08T07:12:20","guid":{"rendered":"https:\/\/bihavadis.com\/?p=21604"},"modified":"2026-02-08T07:12:20","modified_gmt":"2026-02-08T07:12:20","slug":"6-subat-depremlerinin-3-yili-hatayda-yikimdan-yeniden-dogusa-degisimin-kareleri","status":"publish","type":"post","link":"https:\/\/bihavadis.com\/index.php\/2026\/02\/08\/6-subat-depremlerinin-3-yili-hatayda-yikimdan-yeniden-dogusa-degisimin-kareleri\/","title":{"rendered":"6 \u015eubat depremlerinin 3. y\u0131l\u0131: Hatay\u2019da y\u0131k\u0131mdan yeniden do\u011fu\u015fa de\u011fi\u015fimin kareleri"},"content":{"rendered":"<p>Kahramanmara\u015f merkezli 7.7 ve 7.6 b\u00fcy\u00fckl\u00fc\u011f\u00fcndeki depremlerde Hatay\u2019da 24 bin 147 ki\u015fi hayat\u0131n\u0131 kaybederken, 90 binden fazla bina y\u0131k\u0131ld\u0131. Afetin ard\u0131ndan kentte kayda al\u0131nan y\u0131k\u0131m g\u00f6r\u00fcnt\u00fcleri, \u00fc\u00e7\u00fcnc\u00fc y\u0131lda ayn\u0131 noktalar ve a\u00e7\u0131lardan yeniden drone&#8217;la g\u00f6r\u00fcnt\u00fclendi.<\/p>\n<p>Ortaya \u00e7\u0131kan kareler, 2023\u2019te enkaz haline gelen alanlar\u0131n yerinde y\u00fckselen yeni yap\u0131lar\u0131 ve \u015fehir genelinde y\u00fcr\u00fct\u00fclen kapsaml\u0131 in\u015fa \u00e7al\u0131\u015fmalar\u0131n\u0131 ortaya koydu.<\/p>\n<p><strong>ANTAKYA&#8217;DA YEN\u0130 B\u0130R S\u0130L\u00dcET Y\u00dcKSEL\u0130YOR<\/strong><\/p>\n<p>Antakya il\u00e7esinde Cumhuriyet Meydan\u0131, R\u00fcstem T\u00fcmer Pa\u015fa ve Atat\u00fcrk caddeleri ile Asi Nehri k\u0131y\u0131s\u0131ndaki yerle\u015fim alanlar\u0131nda \u00e7ok say\u0131da yeni binan\u0131n tamamland\u0131\u011f\u0131 veya y\u00fckseldi\u011fi g\u00f6r\u00fcld\u00fc. G\u00f6r\u00fcnt\u00fcler, kent merkezinin yeniden \u015fekillendi\u011fini ortaya koydu.<\/p>\n<p><img decoding=\"async\" src=\"https:\/\/bihavadis.com\/wp-content\/uploads\/2026\/02\/6-subat-depremlerinin-3-yili-hatayda-yikimdan-yeniden-dogusa-degisimin-kareleri-0-H3p9x6X3.jpg\"\/><\/p>\n<p><strong>TAR\u0130H\u0130 YAPILAR, ASLINA UYGUN YEN\u0130DEN \u0130N\u015eA ED\u0130LD\u0130<\/strong><\/p>\n<p>Drone kay\u0131tlar\u0131nda, Cumhuriyet Meydan\u0131 \u00f6n\u00fcnde yer alan ve restorasyon \u00e7al\u0131\u015fmalar\u0131yla yeniden hizmete a\u00e7\u0131lan tarihi Meclis binas\u0131 da yer ald\u0131. Depremde tamamen y\u0131k\u0131lan Anadolu\u2019nun ilk camisi olarak bilinen Habib-i Neccar Camisi\u2019nin asl\u0131na uygun \u015fekilde yeniden in\u015fa edilen hali de g\u00f6r\u00fcnt\u00fclere yans\u0131d\u0131.<\/p>\n<p><img decoding=\"async\" src=\"https:\/\/bihavadis.com\/wp-content\/uploads\/2026\/02\/6-subat-depremlerinin-3-yili-hatayda-yikimdan-yeniden-dogusa-degisimin-kareleri-1-nOjnSQMZ.jpg\"\/><\/p>\n<p><strong>KURTULU\u015e CADDES\u0130 YEN\u0130DEN AYDINLANDI<\/strong><\/p>\n<p>Depremlerde en a\u011f\u0131r hasar\u0131n ya\u015fand\u0131\u011f\u0131 ve 5 \u015eubat 2023\u2019te \u0131\u015f\u0131klar\u0131 s\u00f6nen Kurtulu\u015f Caddesi\u2019nde ya\u015fanan de\u011fi\u015fim de havadan g\u00f6r\u00fcnt\u00fclendi. Cadde, Cumhurba\u015fkan\u0131 Recep Tayyip Erdo\u011fan\u2019\u0131n 27 Aral\u0131k 2025\u2019te yeniden ayd\u0131nlatma d\u00fc\u011fmesine basmas\u0131yla \u00fc\u00e7 y\u0131l sonra tekrar \u0131\u015f\u0131klar\u0131na kavu\u015fmu\u015ftu.<\/p>\n<p><img decoding=\"async\" src=\"https:\/\/bihavadis.com\/wp-content\/uploads\/2026\/02\/6-subat-depremlerinin-3-yili-hatayda-yikimdan-yeniden-dogusa-degisimin-kareleri-2-5Q8D1RjZ.jpg\"\/><\/p>\n<p><strong>YARIKLAR ONARILDI, YOLLAR YEN\u0130DEN A\u00c7ILDI<\/strong><\/p>\n<p>Deprem sabah\u0131 derin yar\u0131klar\u0131n olu\u015ftu\u011fu Antakya\u2013Reyhanl\u0131 kara yolunun Demirk\u00f6pr\u00fc mevkisi, \u00fc\u00e7 y\u0131l sonra yenilenmi\u015f ve ula\u015f\u0131ma uygun haliyle kayda al\u0131nd\u0131. G\u00f6r\u00fcnt\u00fcler, altyap\u0131 \u00e7al\u0131\u015fmalar\u0131nda gelinen a\u015famay\u0131 net bi\u00e7imde ortaya koydu.<\/p>\n<p><img decoding=\"async\" src=\"https:\/\/bihavadis.com\/wp-content\/uploads\/2026\/02\/6-subat-depremlerinin-3-yili-hatayda-yikimdan-yeniden-dogusa-degisimin-kareleri-3-yVahhEJX.jpg\"\/><\/p>\n<p><strong>&#8220;YIKIMIN S\u0130MGES\u0130&#8221; ALANLARDA YEN\u0130 YA\u015eAM ALANLARI<\/strong><\/p>\n<p>Afette 526 ki\u015finin ya\u015fam\u0131n\u0131 yitirdi\u011fi ve kentin y\u0131k\u0131m sembollerinden biri haline gelen \u201c600 Evler Sitesi\u201dnin bulundu\u011fu alanda yap\u0131lan yeni yerle\u015fim alanlar\u0131 da drone g\u00f6r\u00fcnt\u00fclerinde yer ald\u0131. B\u00f6lgenin tamamen de\u011fi\u015fen \u00e7ehresi dikkat \u00e7ekti.<\/p>\n<p><img decoding=\"async\" src=\"https:\/\/bihavadis.com\/wp-content\/uploads\/2026\/02\/6-subat-depremlerinin-3-yili-hatayda-yikimdan-yeniden-dogusa-degisimin-kareleri-4-n75eSANA.jpg\"\/><\/p>\n<p><strong>SAH\u0130L BANDI SOSYAL YA\u015eAMA KAZANDIRILDI<\/strong><\/p>\n<p>Depremlerle yakla\u015f\u0131k 80 santimetre \u00e7\u00f6kmenin meydana geldi\u011fi \u0130skenderun sahil band\u0131 da yenilenen haliyle g\u00f6r\u00fcnt\u00fclendi. \u00dc\u00e7 y\u0131l arayla kaydedilen g\u00f6r\u00fcnt\u00fcler, \u00c7evre, \u015eehircilik ve \u0130klim De\u011fi\u015fikli\u011fi Bakanl\u0131\u011f\u0131 taraf\u0131ndan d\u00fczenlenen sahil band\u0131n\u0131n sosyal donat\u0131larla yeniden canland\u0131r\u0131ld\u0131\u011f\u0131n\u0131 g\u00f6sterdi.<\/p>\n<p><img decoding=\"async\" src=\"https:\/\/bihavadis.com\/wp-content\/uploads\/2026\/02\/6-subat-depremlerinin-3-yili-hatayda-yikimdan-yeniden-dogusa-degisimin-kareleri-5-waTn5ryI.jpg\"\/><\/p>\n<p><strong>&#8220;HATAY, ANKA KU\u015eU G\u0130B\u0130 K\u00dcLLER\u0130NDEN DO\u011eDU&#8221;<\/strong><\/p>\n<p>Hatay Valisi Mustafa Masatl\u0131, depremlerin en a\u011f\u0131r sonu\u00e7lar\u0131n\u0131n Hatay\u2019da ya\u015fand\u0131\u011f\u0131n\u0131 belirtti. Kent genelinde yo\u011fun bir yeniden in\u015fa s\u00fcreci y\u00fcr\u00fct\u00fcld\u00fc\u011f\u00fcn\u00fc vurgulayan Masatl\u0131, \u015fu ifadeleri kulland\u0131:<\/p>\n<p>Bug\u00fcn itibar\u0131yla ilimizde hak sahiplerine teslim edilen, in\u015fas\u0131 tamamlanan ve devam eden toplam 194 binden fazla ba\u011f\u0131ms\u0131z b\u00f6l\u00fcm bulunuyor. Bunun yan\u0131nda kirac\u0131lar\u0131m\u0131z i\u00e7in 13 bin 500 sosyal konut projesinin \u00e7al\u0131\u015fmalar\u0131 da ba\u015flat\u0131ld\u0131. Yeni ya\u015fam alanlar\u0131m\u0131z, eskisinden daha sa\u011flam zeminlerde, daha g\u00fc\u00e7l\u00fc, estetik ve planl\u0131 \u015fekilde y\u00fckseliyor. Say\u0131n Cumhurba\u015fkan\u0131m\u0131z\u0131n liderli\u011finde y\u00fcr\u00fct\u00fclen asr\u0131n in\u015fa seferberli\u011fiyle Hatay\u2019\u0131m\u0131z, Anka ku\u015fu misali k\u00fcllerinden yeniden do\u011fmu\u015ftur.<\/p>\n<p><img decoding=\"async\" src=\"https:\/\/bihavadis.com\/wp-content\/uploads\/2026\/02\/6-subat-depremlerinin-3-yili-hatayda-yikimdan-yeniden-dogusa-degisimin-kareleri-6-Pm2izGQO.jpg\"\/><\/p>\n<p><img decoding=\"async\" src=\"https:\/\/bihavadis.com\/wp-content\/uploads\/2026\/02\/6-subat-depremlerinin-3-yili-hatayda-yikimdan-yeniden-dogusa-degisimin-kareleri-7-7xjGIC9C.jpg\"\/><\/p>\n<p><img decoding=\"async\" src=\"https:\/\/bihavadis.com\/wp-content\/uploads\/2026\/02\/6-subat-depremlerinin-3-yili-hatayda-yikimdan-yeniden-dogusa-degisimin-kareleri-8-mgwbgbq5.jpg\"\/><\/p>\n<p><img decoding=\"async\" src=\"https:\/\/bihavadis.com\/wp-content\/uploads\/2026\/02\/6-subat-depremlerinin-3-yili-hatayda-yikimdan-yeniden-dogusa-degisimin-kareleri-9-PK7zzIh1.jpg\"\/><\/p>\n<p><img decoding=\"async\" src=\"https:\/\/bihavadis.com\/wp-content\/uploads\/2026\/02\/6-subat-depremlerinin-3-yili-hatayda-yikimdan-yeniden-dogusa-degisimin-kareleri-10-yQDrEC1z.jpg\"\/><\/p>\n<p><img decoding=\"async\" src=\"https:\/\/bihavadis.com\/wp-content\/uploads\/2026\/02\/6-subat-depremlerinin-3-yili-hatayda-yikimdan-yeniden-dogusa-degisimin-kareleri-11-f1J7S7SX.jpg\"\/><\/p>\n<p><img decoding=\"async\" src=\"https:\/\/bihavadis.com\/wp-content\/uploads\/2026\/02\/6-subat-depremlerinin-3-yili-hatayda-yikimdan-yeniden-dogusa-degisimin-kareleri-12-kLffasV2.jpg\"\/><\/p>\n<p><img decoding=\"async\" src=\"https:\/\/bihavadis.com\/wp-content\/uploads\/2026\/02\/6-subat-depremlerinin-3-yili-hatayda-yikimdan-yeniden-dogusa-degisimin-kareleri-13-U4KIvOal.jpg\"\/><\/p>\n<p><img decoding=\"async\" src=\"https:\/\/bihavadis.com\/wp-content\/uploads\/2026\/02\/6-subat-depremlerinin-3-yili-hatayda-yikimdan-yeniden-dogusa-degisimin-kareleri-14-QRSPjI3f.jpg\"\/><\/p>\n<p><img decoding=\"async\" src=\"https:\/\/bihavadis.com\/wp-content\/uploads\/2026\/02\/6-subat-depremlerinin-3-yili-hatayda-yikimdan-yeniden-dogusa-degisimin-kareleri-15-BF754Qvs.jpg\"\/><\/p>\n<p><img decoding=\"async\" src=\"https:\/\/bihavadis.com\/wp-content\/uploads\/2026\/02\/6-subat-depremlerinin-3-yili-hatayda-yikimdan-yeniden-dogusa-degisimin-kareleri-16-sURjpRsJ.jpg\"\/><\/p>\n<p><img decoding=\"async\" src=\"https:\/\/bihavadis.com\/wp-content\/uploads\/2026\/02\/6-subat-depremlerinin-3-yili-hatayda-yikimdan-yeniden-dogusa-degisimin-kareleri-17-bcv4pG34.jpg\"\/><\/p>\n<p><img decoding=\"async\" src=\"https:\/\/bihavadis.com\/wp-content\/uploads\/2026\/02\/6-subat-depremlerinin-3-yili-hatayda-yikimdan-yeniden-dogusa-degisimin-kareleri-18-fdPlKdaq.jpg\"\/><\/p>\n<p><img decoding=\"async\" src=\"https:\/\/bihavadis.com\/wp-content\/uploads\/2026\/02\/6-subat-depremlerinin-3-yili-hatayda-yikimdan-yeniden-dogusa-degisimin-kareleri-19-M9NsPYcp.jpg\"\/><\/p>\n<p><img decoding=\"async\" src=\"https:\/\/bihavadis.com\/wp-content\/uploads\/2026\/02\/6-subat-depremlerinin-3-yili-hatayda-yikimdan-yeniden-dogusa-degisimin-kareleri-20-inpjkgNV.jpg\"\/><\/p>\n<p><img decoding=\"async\" src=\"https:\/\/bihavadis.com\/wp-content\/uploads\/2026\/02\/6-subat-depremlerinin-3-yili-hatayda-yikimdan-yeniden-dogusa-degisimin-kareleri-21-Dnm89KGv.jpg\"\/><\/p>\n","protected":false},"excerpt":{"rendered":"<p>6 \u015eubat 2023 depremlerinde b\u00fcy\u00fck y\u0131k\u0131m ya\u015fayan Hatay\u2019da, afetin \u00fc\u00e7\u00fcnc\u00fc y\u0131l\u0131nda ge\u00e7mi\u015f ve bug\u00fcn ayn\u0131 a\u00e7\u0131lardan drone&#8217;la g\u00f6r\u00fcnt\u00fclendi.<\/p>\n","protected":false},"author":1,"featured_media":21605,"comment_status":"open","ping_status":"open","sticky":false,"template":"","format":"standard","meta":{"footnotes":""},"categories":[9,13],"tags":[382,60,2048,362,2188],"class_list":["post-21604","post","type-post","status-publish","format-standard","has-post-thumbnail","hentry","category-genel","category-son-dakika","tag-alan","tag-deprem","tag-hali","tag-insa","tag-yeniden"],"_links":{"self":[{"href":"https:\/\/bihavadis.com\/index.php\/wp-json\/wp\/v2\/posts\/21604","targetHints":{"allow":["GET"]}}],"collection":[{"href":"https:\/\/bihavadis.com\/index.php\/wp-json\/wp\/v2\/posts"}],"about":[{"href":"https:\/\/bihavadis.com\/index.php\/wp-json\/wp\/v2\/types\/post"}],"author":[{"embeddable":true,"href":"https:\/\/bihavadis.com\/index.php\/wp-json\/wp\/v2\/users\/1"}],"replies":[{"embeddable":true,"href":"https:\/\/bihavadis.com\/index.php\/wp-json\/wp\/v2\/comments?post=21604"}],"version-history":[{"count":1,"href":"https:\/\/bihavadis.com\/index.php\/wp-json\/wp\/v2\/posts\/21604\/revisions"}],"predecessor-version":[{"id":21628,"href":"https:\/\/bihavadis.com\/index.php\/wp-json\/wp\/v2\/posts\/21604\/revisions\/21628"}],"wp:featuredmedia":[{"embeddable":true,"href":"https:\/\/bihavadis.com\/index.php\/wp-json\/wp\/v2\/media\/21605"}],"wp:attachment":[{"href":"https:\/\/bihavadis.com\/index.php\/wp-json\/wp\/v2\/media?parent=21604"}],"wp:term":[{"taxonomy":"category","embeddable":true,"href":"https:\/\/bihavadis.com\/index.php\/wp-json\/wp\/v2\/categories?post=21604"},{"taxonomy":"post_tag","embeddable":true,"href":"https:\/\/bihavadis.com\/index.php\/wp-json\/wp\/v2\/tags?post=21604"}],"curies":[{"name":"wp","href":"https:\/\/api.w.org\/{rel}","templated":true}]}}