{"id":21651,"date":"2026-02-08T07:33:14","date_gmt":"2026-02-08T07:33:14","guid":{"rendered":"https:\/\/bihavadis.com\/?p=21651"},"modified":"2026-02-08T07:33:14","modified_gmt":"2026-02-08T07:33:14","slug":"yesilyurta-taziye-evi","status":"publish","type":"post","link":"https:\/\/bihavadis.com\/index.php\/2026\/02\/08\/yesilyurta-taziye-evi\/","title":{"rendered":"Ye\u015filyurt&#8217;a taziye evi"},"content":{"rendered":"<p> Malatya&#8217;n\u0131n Ye\u015filyurt il\u00e7esinde yap\u0131m\u0131 hay\u0131r sever bir i\u015f insan\u0131 taraf\u0131ndan yap\u0131lan taziye evinin a\u00e7\u0131l\u0131\u015f\u0131 ger\u00e7ekle\u015ftirildi.<\/p>\n<p>Ye\u015filyurt il\u00e7esi Karakavak Mahallesi&#8217;nde in\u015fas\u0131 hay\u0131r sever i\u015f insan\u0131 \u00d6mer Baran taraf\u0131ndan ger\u00e7ekle\u015ftirilen taziye evinin a\u00e7\u0131l\u0131\u015f\u0131 ger\u00e7ekle\u015ftirildi. Program\u0131n a\u00e7\u0131l\u0131\u015f\u0131nda konu\u015fan Ye\u015filyurt Belediye Ba\u015fkan\u0131 Prof. Dr. \u0130lhan Ge\u00e7it, T\u00fcrkiye&#8217;nin bir de\u011ferler ve k\u00fclt\u00fcr toplumu oldu\u011funu belirterek, birlik ve beraberli\u011fi g\u00fc\u00e7lendiren her sosyal projenin yan\u0131nda olduklar\u0131n\u0131 s\u00f6yledi. Taziye evinin Malatya&#8217;da farkl\u0131 k\u00fclt\u00fcrlerin kayna\u015fmas\u0131na vesile oldu\u011funu ifade eden Ge\u00e7it, hay\u0131rsever i\u015f insan\u0131 \u00d6mer Baran&#8217;a te\u015fekk\u00fcr etti.<\/p>\n<p>AK Parti Diyarbak\u0131r \u0130l Ba\u015fkan\u0131 ise taziye evlerinin sadece taziye kabul edilen alanlar olmad\u0131\u011f\u0131n\u0131, ayn\u0131 zamanda toplumsal dayan\u0131\u015fmay\u0131 g\u00fc\u00e7lendiren \u00f6nemli sosyal mekanlar oldu\u011funu vurgulad\u0131. Malatya ile Diyarbak\u0131r&#8217;\u0131n k\u00fclt\u00fcrel ba\u011flar\u0131n\u0131n g\u00fc\u00e7l\u00fc oldu\u011funa dikkat \u00e7ekti.<\/p>\n<p>T\u00f6rende konu\u015fan AK Parti Diyarbak\u0131r Milletvekili ve TBMM \u00c7evre Komisyonu Ba\u015fkan\u0131 Galip Ensario\u011flu da taziye evlerinin \u00f6rf ve adetlerin ya\u015fat\u0131lmas\u0131 a\u00e7\u0131s\u0131ndan b\u00fcy\u00fck \u00f6nem ta\u015f\u0131d\u0131\u011f\u0131n\u0131 belirterek, bu t\u00fcr hay\u0131r i\u015flerinin toplumda birlik duygusunu peki\u015ftirdi\u011fini ifade etti.<\/p>\n<p>Malatya Valisi Seddar Yavuz ise 6 \u015eubat depremlerinin ard\u0131ndan Malatya&#8217;da y\u00fcr\u00fct\u00fclen yeniden in\u015fa \u00e7al\u0131\u015fmalar\u0131na de\u011finerek, devlet ve millet dayan\u0131\u015fmas\u0131yla \u015fehrin h\u0131zla aya\u011fa kald\u0131r\u0131ld\u0131\u011f\u0131n\u0131 s\u00f6yledi. Yavuz, taziye evinin sosyal dayan\u0131\u015fman\u0131n \u00f6nemli bir \u00f6rne\u011fi oldu\u011funu kaydetti.<\/p>\n<p>Yap\u0131lan konu\u015fmalar\u0131n ard\u0131ndan edilen dualarla Diyarbak\u0131rl\u0131lar Taziye Evi&#8217;nin a\u00e7\u0131l\u0131\u015f\u0131 ger\u00e7ekle\u015ftirildi. &#8211; MALATYA<\/p>\n","protected":false},"excerpt":{"rendered":"<p>Malatya&#8217;n\u0131n Ye\u015filyurt il\u00e7esinde hay\u0131r sever i\u015f insan\u0131 \u00d6mer Baran taraf\u0131ndan yap\u0131lan taziye evinin a\u00e7\u0131l\u0131\u015f\u0131 ger\u00e7ekle\u015ftirildi. A\u00e7\u0131l\u0131\u015fta konu\u015fan yetkililer, taziye evinin toplumsal dayan\u0131\u015fma ve k\u00fclt\u00fcrel kayna\u015fma a\u00e7\u0131s\u0131ndan \u00f6nemini vurgulad\u0131lar.<\/p>\n","protected":false},"author":1,"featured_media":21652,"comment_status":"open","ping_status":"open","sticky":false,"template":"","format":"standard","meta":{"footnotes":""},"categories":[12],"tags":[2454,3857],"class_list":["post-21651","post","type-post","status-publish","format-standard","has-post-thumbnail","hentry","category-siyaset","tag-malatya","tag-taziye"],"_links":{"self":[{"href":"https:\/\/bihavadis.com\/index.php\/wp-json\/wp\/v2\/posts\/21651","targetHints":{"allow":["GET"]}}],"collection":[{"href":"https:\/\/bihavadis.com\/index.php\/wp-json\/wp\/v2\/posts"}],"about":[{"href":"https:\/\/bihavadis.com\/index.php\/wp-json\/wp\/v2\/types\/post"}],"author":[{"embeddable":true,"href":"https:\/\/bihavadis.com\/index.php\/wp-json\/wp\/v2\/users\/1"}],"replies":[{"embeddable":true,"href":"https:\/\/bihavadis.com\/index.php\/wp-json\/wp\/v2\/comments?post=21651"}],"version-history":[{"count":1,"href":"https:\/\/bihavadis.com\/index.php\/wp-json\/wp\/v2\/posts\/21651\/revisions"}],"predecessor-version":[{"id":21653,"href":"https:\/\/bihavadis.com\/index.php\/wp-json\/wp\/v2\/posts\/21651\/revisions\/21653"}],"wp:featuredmedia":[{"embeddable":true,"href":"https:\/\/bihavadis.com\/index.php\/wp-json\/wp\/v2\/media\/21652"}],"wp:attachment":[{"href":"https:\/\/bihavadis.com\/index.php\/wp-json\/wp\/v2\/media?parent=21651"}],"wp:term":[{"taxonomy":"category","embeddable":true,"href":"https:\/\/bihavadis.com\/index.php\/wp-json\/wp\/v2\/categories?post=21651"},{"taxonomy":"post_tag","embeddable":true,"href":"https:\/\/bihavadis.com\/index.php\/wp-json\/wp\/v2\/tags?post=21651"}],"curies":[{"name":"wp","href":"https:\/\/api.w.org\/{rel}","templated":true}]}}