{"id":21654,"date":"2026-02-08T07:39:06","date_gmt":"2026-02-08T07:39:06","guid":{"rendered":"https:\/\/bihavadis.com\/?p=21654"},"modified":"2026-02-08T07:39:06","modified_gmt":"2026-02-08T07:39:06","slug":"mircea-lucescu-hastaneye-kaldirilmisti-romanyada-teknik-direktor-krizi-patlak-verdi","status":"publish","type":"post","link":"https:\/\/bihavadis.com\/index.php\/2026\/02\/08\/mircea-lucescu-hastaneye-kaldirilmisti-romanyada-teknik-direktor-krizi-patlak-verdi\/","title":{"rendered":"Mircea Lucescu hastaneye kald\u0131r\u0131lm\u0131\u015ft\u0131: Romanya&#8217;da teknik direkt\u00f6r krizi patlak verdi"},"content":{"rendered":"<p>A Milli Futbol Tak\u0131m\u0131\u2019n\u0131n 2026 FIFA D\u00fcnya Kupas\u0131 Elemeleri play-off turu yar\u0131 finalinde kar\u015f\u0131 kar\u015f\u0131ya gelece\u011fi Romanya\u2019da, beklenmedik bir kriz ya\u015fan\u0131yor.<\/p>\n<p>26 Mart Per\u015fembe g\u00fcn\u00fc T\u00fcpra\u015f Stad\u0131\u2019nda oynanacak m\u00fccadeleye g\u00fcnler kala, Romanya Milli Tak\u0131m\u0131 Teknik Direkt\u00f6r\u00fc Mircea Lucescu ciddi sa\u011fl\u0131k sorunlar\u0131 ile sava\u015f\u0131yor.<\/p>\n<p><strong>YEN\u0130DEN HASTANEYE KALDIRILMI\u015eTI<\/strong><\/p>\n<p>80 ya\u015f\u0131ndaki tecr\u00fcbeli teknik adam\u0131n hastanede g\u00f6zetim alt\u0131nda tutuldu\u011fu \u00f6ne s\u00fcr\u00fcl\u00fcrken, Romanya Futbol Federasyonu\u2019ndan \u015fu ana kadar resmi bir a\u00e7\u0131klama gelmi\u015f de\u011fil.<\/p>\n<p>Ancak federasyon kulislerinde farkl\u0131 senaryolar\u0131n masaya yat\u0131r\u0131ld\u0131\u011f\u0131 konu\u015fuluyor.<\/p>\n<p>Olas\u0131 bir teknik direkt\u00f6r de\u011fi\u015fikli\u011fi ihtimali federasyonu harekete ge\u00e7irmi\u015f durumda.<\/p>\n<p>GSP\u2019nin haberine g\u00f6re; Romanya Futbol Federasyonu Ba\u015fkan\u0131 Razvan Burleanu, Lucescu\u2019nun g\u00f6reve devam edememesi halinde ilk aday olarak Gheorghe Hagi ismini de\u011ferlendiriyor.<\/p>\n<p><img decoding=\"async\" src=\"https:\/\/bihavadis.com\/wp-content\/uploads\/2026\/02\/mircea-lucescu-hastaneye-kaldirilmisti-romanyada-teknik-direktor-krizi-patlak-verdi-0-d66ljxKp.jpg\"\/><\/p>\n<p><strong>LUCESCU OLMAZSA HAGI<\/strong><\/p>\n<p>Haberde yer alan detaylara g\u00f6re, 60 ya\u015f\u0131ndaki Hagi de Romanya Milli Tak\u0131m\u0131\u2019n\u0131 \u00e7al\u0131\u015ft\u0131rma fikrine s\u0131cak bak\u0131yor.<\/p>\n<p>Efsane futbol adam\u0131n\u0131n, federasyonla yap\u0131lacak olas\u0131 g\u00f6r\u00fc\u015fmelerde play-off ma\u00e7lar\u0131n\u0131n sonucundan ba\u011f\u0131ms\u0131z olarak uzun vadeli bir proje talep edece\u011fi de kulislerde konu\u015fulanlar aras\u0131nda.<\/p>\n<p><img decoding=\"async\" src=\"https:\/\/bihavadis.com\/wp-content\/uploads\/2026\/02\/mircea-lucescu-hastaneye-kaldirilmisti-romanyada-teknik-direktor-krizi-patlak-verdi-1-mEHYDUpH.jpg\"\/><\/p>\n","protected":false},"excerpt":{"rendered":"<p>2026 D\u00fcnya Kupas\u0131 Elemeleri play-off yar\u0131 finalinde A Milli Futbol Tak\u0131m\u0131 ile kar\u015f\u0131la\u015facak Romanya\u2019da, teknik direkt\u00f6rl\u00fck koltu\u011fu sallan\u0131yor. G\u00f6zler, deneyimli teknik adam Mircea Lucescu\u2019nun sa\u011fl\u0131k durumuna \u00e7evrildi.<\/p>\n","protected":false},"author":1,"featured_media":21655,"comment_status":"open","ping_status":"open","sticky":false,"template":"","format":"standard","meta":{"footnotes":""},"categories":[14],"tags":[2042,3858],"class_list":["post-21654","post","type-post","status-publish","format-standard","has-post-thumbnail","hentry","category-spor","tag-federasyon","tag-romanya"],"_links":{"self":[{"href":"https:\/\/bihavadis.com\/index.php\/wp-json\/wp\/v2\/posts\/21654","targetHints":{"allow":["GET"]}}],"collection":[{"href":"https:\/\/bihavadis.com\/index.php\/wp-json\/wp\/v2\/posts"}],"about":[{"href":"https:\/\/bihavadis.com\/index.php\/wp-json\/wp\/v2\/types\/post"}],"author":[{"embeddable":true,"href":"https:\/\/bihavadis.com\/index.php\/wp-json\/wp\/v2\/users\/1"}],"replies":[{"embeddable":true,"href":"https:\/\/bihavadis.com\/index.php\/wp-json\/wp\/v2\/comments?post=21654"}],"version-history":[{"count":1,"href":"https:\/\/bihavadis.com\/index.php\/wp-json\/wp\/v2\/posts\/21654\/revisions"}],"predecessor-version":[{"id":21658,"href":"https:\/\/bihavadis.com\/index.php\/wp-json\/wp\/v2\/posts\/21654\/revisions\/21658"}],"wp:featuredmedia":[{"embeddable":true,"href":"https:\/\/bihavadis.com\/index.php\/wp-json\/wp\/v2\/media\/21655"}],"wp:attachment":[{"href":"https:\/\/bihavadis.com\/index.php\/wp-json\/wp\/v2\/media?parent=21654"}],"wp:term":[{"taxonomy":"category","embeddable":true,"href":"https:\/\/bihavadis.com\/index.php\/wp-json\/wp\/v2\/categories?post=21654"},{"taxonomy":"post_tag","embeddable":true,"href":"https:\/\/bihavadis.com\/index.php\/wp-json\/wp\/v2\/tags?post=21654"}],"curies":[{"name":"wp","href":"https:\/\/api.w.org\/{rel}","templated":true}]}}