{"id":21756,"date":"2026-02-08T09:03:06","date_gmt":"2026-02-08T09:03:06","guid":{"rendered":"https:\/\/bihavadis.com\/?p=21756"},"modified":"2026-02-08T09:03:06","modified_gmt":"2026-02-08T09:03:06","slug":"2026-reform-yili-olacak-2","status":"publish","type":"post","link":"https:\/\/bihavadis.com\/index.php\/2026\/02\/08\/2026-reform-yili-olacak-2\/","title":{"rendered":"2026 Reform Y\u0131l\u0131 Olacak"},"content":{"rendered":"<p> AK Parti MYK \u00dcyesi ve TBMM Grup Ba\u015fkanvekili Abd\u00fclhamit G\u00fcl, 2026 y\u0131l\u0131n\u0131n T\u00fcrkiye i\u00e7in reform y\u0131l\u0131 olaca\u011f\u0131n\u0131 s\u00f6yledi. s\u00f6yledi.<\/p>\n<p>AK Parti Tekirda\u011f \u0130l Ba\u015fkanl\u0131\u011f\u0131 taraf\u0131ndan d\u00fczenlenennda Yerel Bas\u0131n \u0130sti\u015fare Toplant\u0131s\u0131 konu\u015fan Abd\u00fclhamit G\u00fcl, T\u00fcrkiye&#8217;nin i\u00e7 ve d\u0131\u015f politikadaki g\u00fcncel geli\u015fmeleri, reform s\u00fcreci ve b\u00f6lgesel meseleleri de\u011ferlendirdi.<\/p>\n<p>Abd\u00fclhamit G\u00fcl, &#8220;2026 y\u0131l\u0131 T\u00fcrkiye i\u00e7in reform y\u0131l\u0131 olacakt\u0131r. 2026, hem ekonomik hem de hukuki reformlar\u0131n milletimize do\u011frudan yans\u0131d\u0131\u011f\u0131 bir d\u00f6nem olacak. Meclisimizin yasama faaliyetleriyle ve h\u00fck\u00fcmetimizin ataca\u011f\u0131 ad\u0131mlarla vatanda\u015flar\u0131m\u0131z i\u00e7in \u00e7ok \u00f6nemli hizmetler hayata ge\u00e7irilecektir. 2026 y\u0131l\u0131nda hem demokrasimizi hem \u00f6zg\u00fcrl\u00fckleri daha da g\u00fc\u00e7lendirecek, milletimizin refah\u0131n\u0131 art\u0131raca\u011f\u0131z. \u00d6zg\u00fcrl\u00fck artacak, sofradaki ekmek b\u00fcy\u00fcyecek. Hukuk, ekonomi ve demokrasi alanlar\u0131nda \u00e7ok \u00f6nemli bir reform y\u0131l\u0131n\u0131 hep birlikte ya\u015fayaca\u011f\u0131z&#8221; dedi.<\/p>\n<p>Programa AK Parti \u0130stanbul Milletvekili Ahmet Y\u0131ld\u0131r\u0131m, Tekirda\u011fi Milletvekilleri G\u00f6khan Dikta\u015f, \u00c7i\u011fdem Koncag\u00fcl, AK Parti \u0130l Ba\u015fkan\u0131 Ali G\u00fcm\u00fc\u015f ve partililer kat\u0131ld\u0131. &#8211; TEK\u0130RDA\u011e<\/p>\n","protected":false},"excerpt":{"rendered":"<p>Abd\u00fclhamit G\u00fcl, 2026&#8217;n\u0131n T\u00fcrkiye i\u00e7in hukuk ve ekonomi alan\u0131nda reform y\u0131l\u0131 olaca\u011f\u0131n\u0131 belirtti.<\/p>\n","protected":false},"author":1,"featured_media":21757,"comment_status":"open","ping_status":"open","sticky":false,"template":"","format":"standard","meta":{"footnotes":""},"categories":[12],"tags":[563,954,859],"class_list":["post-21756","post","type-post","status-publish","format-standard","has-post-thumbnail","hentry","category-siyaset","tag-parti","tag-reform","tag-yili"],"_links":{"self":[{"href":"https:\/\/bihavadis.com\/index.php\/wp-json\/wp\/v2\/posts\/21756","targetHints":{"allow":["GET"]}}],"collection":[{"href":"https:\/\/bihavadis.com\/index.php\/wp-json\/wp\/v2\/posts"}],"about":[{"href":"https:\/\/bihavadis.com\/index.php\/wp-json\/wp\/v2\/types\/post"}],"author":[{"embeddable":true,"href":"https:\/\/bihavadis.com\/index.php\/wp-json\/wp\/v2\/users\/1"}],"replies":[{"embeddable":true,"href":"https:\/\/bihavadis.com\/index.php\/wp-json\/wp\/v2\/comments?post=21756"}],"version-history":[{"count":1,"href":"https:\/\/bihavadis.com\/index.php\/wp-json\/wp\/v2\/posts\/21756\/revisions"}],"predecessor-version":[{"id":21758,"href":"https:\/\/bihavadis.com\/index.php\/wp-json\/wp\/v2\/posts\/21756\/revisions\/21758"}],"wp:featuredmedia":[{"embeddable":true,"href":"https:\/\/bihavadis.com\/index.php\/wp-json\/wp\/v2\/media\/21757"}],"wp:attachment":[{"href":"https:\/\/bihavadis.com\/index.php\/wp-json\/wp\/v2\/media?parent=21756"}],"wp:term":[{"taxonomy":"category","embeddable":true,"href":"https:\/\/bihavadis.com\/index.php\/wp-json\/wp\/v2\/categories?post=21756"},{"taxonomy":"post_tag","embeddable":true,"href":"https:\/\/bihavadis.com\/index.php\/wp-json\/wp\/v2\/tags?post=21756"}],"curies":[{"name":"wp","href":"https:\/\/api.w.org\/{rel}","templated":true}]}}