{"id":21878,"date":"2026-02-08T10:42:05","date_gmt":"2026-02-08T10:42:05","guid":{"rendered":"https:\/\/bihavadis.com\/?p=21878"},"modified":"2026-02-08T10:42:05","modified_gmt":"2026-02-08T10:42:05","slug":"igdirda-yeni-stadyum-acilisi","status":"publish","type":"post","link":"https:\/\/bihavadis.com\/index.php\/2026\/02\/08\/igdirda-yeni-stadyum-acilisi\/","title":{"rendered":"I\u011fd\u0131r&#8217;da Yeni Stadyum A\u00e7\u0131l\u0131\u015f\u0131"},"content":{"rendered":"<p>Gen\u00e7lik ve Spor Bakan\u0131 Osman A\u015fk\u0131n Bak, &#8220;T\u00fcrkiye spor tesisleri devrimi ya\u015famaktad\u0131r, 40&#8217;a yak\u0131n stadyumu tamamlayan 2032 Avrupa Futbol \u015eampiyonas\u0131&#8217;n\u0131 \u0130talya ile beraber organize edecek kapasiteye eri\u015fen, d\u00fcnyan\u0131n UEFA ve FIFA standartlar\u0131nda en modern stadyumlar\u0131na sahip bir \u00fclke T\u00fcrkiye.&#8221; dedi.<\/p>\n<p>\u00c7e\u015fitli programlara kat\u0131lmak \u00fczere I\u011fd\u0131r&#8217;da gelen Bak, kapasitesi artt\u0131r\u0131lan I\u011fd\u0131r \u015eehir Stadyumunun a\u00e7\u0131l\u0131\u015f\u0131na kat\u0131ld\u0131.<\/p>\n<p>Bak, a\u00e7\u0131l\u0131\u015fta yapt\u0131\u011f\u0131 konu\u015fmada, \u00f6zel bir g\u00fcn i\u00e7in I\u011fd\u0131r&#8217;a geldiklerini ve butik bir stadyumun a\u00e7\u0131l\u0131\u011f\u0131n\u0131 ger\u00e7ekle\u015ftirdiklerini s\u00f6yledi.<\/p>\n<p>Eski Gen\u00e7lik ve Spor Bakan\u0131 Mehmet Muharrem Kasapo\u011flu d\u00f6neminde ba\u015flayan s\u00fcreci devam ettirerek \u015fehre yak\u0131\u015fan, yakla\u015f\u0131k 6 bin kapasiteli butik bir stadyumun a\u00e7\u0131l\u0131\u015f\u0131n\u0131 ger\u00e7ekle\u015ftirdiklerini ifade eden Bak, &#8220;Tabii \u00e7ok \u015fey de\u011fi\u015fti I\u011fd\u0131r&#8217;da, vekilimiz (AK Parti I\u011fd\u0131r Milletvekili Cant\u00fcrk Alag\u00f6z) konu\u015fmas\u0131nda da ifade etti\u011fi gibi I\u011fd\u0131rspor&#8217;a el at\u0131nca Bal Ligi&#8217;ndeki tak\u0131m\u0131, kademe kademe emek vererek \u015fehirle b\u00fct\u00fcnle\u015ferek yat\u0131r\u0131mlar yaparak, \u00f6zellikle altyap\u0131 i\u00e7in tesisler i\u00e7in yapt\u0131\u011f\u0131 yat\u0131r\u0131mlar\u0131yla, tak\u0131m\u0131n y\u00fckseli\u015fi noktas\u0131nda getirdi\u011fi teknik heyetlerle, yapt\u0131\u011f\u0131 \u00e7al\u0131\u015fmalarla, \u015fehre verdi\u011fi dinamizmle g\u00fczel bir hikaye yazd\u0131.&#8221; dedi.<\/p>\n<p>Bak, T\u00fcrkiye&#8217;nin spor tesisleri anlam\u0131nda devrim ya\u015fad\u0131\u011f\u0131n\u0131 dile getirerek, &#8220;Cumhurba\u015fkan\u0131m\u0131z\u0131n sporun i\u00e7inden gelmesi, eski bir futbolcu olmas\u0131, gen\u00e7lik \u00e7al\u0131\u015fmalar\u0131 i\u00e7erisinde bulunmas\u0131 bizim i\u00e7in \u00e7ok b\u00fcy\u00fck bir avantaj. T\u00fcrkiye spor tesisleri devrimi ya\u015famaktad\u0131r, 40&#8217;a yak\u0131n stadyumu tamamlayan 2032 Avrupa Futbol \u015eampiyonas\u0131&#8217;n\u0131 \u0130talya ile beraber organize edecek kapasiteye eri\u015fen d\u00fcnyan\u0131n UEFA ve FIFA standartlar\u0131nda en modern stadyumlar\u0131na sahip bir \u00fclke T\u00fcrkiye.&#8221; diye konu\u015ftu.<\/p>\n<p>AK Parti I\u011fd\u0131r Milletvekili ve Alag\u00f6z Holding I\u011fd\u0131r FK Ba\u015fkan\u0131 Cant\u00fcrk Alag\u00f6z&#8217;\u00fcn spora b\u00fcy\u00fck destekler verdi\u011fini anlatan Bak, &#8220;Ger\u00e7ekten vekil olmadan \u00f6nce de spor kul\u00fcb\u00fc ile ilgilenirken daha \u00f6nceki s\u00fcre\u00e7lerde de hakikaten spora b\u00fcy\u00fck destekler veren, sponsorluk yapan gen\u00e7lerin ba\u015fta uyu\u015fturucu, dijital ba\u011f\u0131ml\u0131l\u0131k, k\u00f6t\u00fc al\u0131\u015fkanl\u0131klar, i\u00e7ki, kumar gibi k\u00f6t\u00fc al\u0131\u015fkanl\u0131klardan uzak kalmas\u0131 i\u00e7in \u00e7aba g\u00f6steren tabii Gen\u00e7lik ve Spor Bakanl\u0131\u011f\u0131 olarak da bizim en b\u00fcy\u00fck hedeflerimizden bir tanesi gen\u00e7leri topluma zarar veren bu k\u00f6t\u00fc al\u0131\u015fkanl\u0131klardan uzak tutmak. Bunun da ilac\u0131, bunun da yolu spor, spora y\u00f6nlendirmek. Biz de Gen\u00e7lik ve Spor Bakanl\u0131\u011f\u0131 olarak \u015fehrimize bu g\u00fczel eseri kazand\u0131r\u0131rken tabii kul\u00fcple i\u00e7 i\u00e7e, \u015fehirle i\u00e7 i\u00e7e g\u00fczel bir butik bir eser ortaya \u00e7\u0131kt\u0131.&#8221; ifadesini kulland\u0131.<\/p>\n<p>&#8220;T\u00fcrkiye bir spor \u00fclkesi olma yolunda h\u0131zla ilerliyor&#8221;<\/p>\n<p>Bakan Bak, s\u00f6zlerini \u015f\u00f6yle s\u00fcrd\u00fcrd\u00fc: <\/p>\n<p>&#8220;Yine Yar\u0131 Olimpik Y\u00fczme Havuzu&#8217;yla, in\u015faat\u0131 devam eden \u00e7ok ama\u00e7l\u0131 spor salonuyla di\u011fer yap\u0131lan hal\u0131 sahalarla ve gelecekte yapaca\u011f\u0131m\u0131z di\u011fer spor tesisleriyle, gen\u00e7lik merkezleriyle I\u011fd\u0131r&#8217;\u0131 bamba\u015fka bir yere ta\u015f\u0131mak i\u00e7in \u00e7al\u0131\u015f\u0131yoruz. Vekilimiz ve il ba\u015fkan\u0131m\u0131z da toplant\u0131da ifade etti. Gen\u00e7lerin ilgiye ihtiyac\u0131 var, gen\u00e7lere bir hedef koymak gerekiyor. \u0130l ba\u015fkan\u0131m\u0131z &#8216;I\u011fd\u0131rspor gen\u00e7lerin spor vas\u0131tas\u0131yla umudu ve \u0131\u015f\u0131\u011f\u0131&#8217; diye ifade etti. Ger\u00e7ekten \u00f6yle burada p\u0131r\u0131l p\u0131r\u0131l altyap\u0131da U12&#8217;den U19&#8217;a kadar tak\u0131mlar var. 150&#8217;ye yak\u0131n sporcunun yer ald\u0131\u011f\u0131 di\u011fer bran\u015flarda da \u00f6ncelikle basketbolda yat\u0131r\u0131mlar yap\u0131ld\u0131. G\u00fczel i\u015fler oldu olmaya da devam edecek. Biz de bunun \u015fahidiyiz. \u0130n\u015fallah I\u011fd\u0131r&#8217;a daha fazla \u015feyler yapmay\u0131 \u00f6ng\u00f6r\u00fcyoruz.<\/p>\n<p>Cumhurba\u015fkan\u0131m\u0131z ger\u00e7ekten \u00f6nemli spor aktivitelerini \u00fclkemize kazand\u0131rmak yolunda bizlere talimatlar\u0131 var. \u0130\u015fte Konya&#8217;da yap\u0131lan \u0130slami Dayan\u0131\u015fma Oyunlar\u0131n\u0131 ba\u015far\u0131yla ger\u00e7ekle\u015ftirdik, yine UEFA \u015eampiyonlar Ligi finalini \u0130stanbul&#8217;da oynatt\u0131k, bu y\u0131l Avrupa Ligi finali \u0130stanbul&#8217;da olacak. 2027&#8217;de Konferans Ligin finali \u0130stanbul&#8217;da olacak. Yine dedi\u011fim gibi 2032 Avrupa Futbol \u015eampiyonas\u0131 \u0130talya ile beraber T\u00fcrkiye taraf\u0131ndan organize edilecek. Voleybolda Avrupa \u015eampiyonas\u0131 \u0130stanbul&#8217;da olacak, yine di\u011fer bran\u015flarda g\u00fcre\u015fte, karatede, tekvandoda d\u00fcnya \u015fampiyonalar\u0131, Avrupa \u015fampiyonalar\u0131 T\u00fcrkiye&#8217;de yap\u0131lacak. 2027 Avrupa Oyunlar\u0131 \u0130stanbul&#8217;da, dolay\u0131s\u0131yla T\u00fcrkiye bir spor \u00fclkesi olma yolunda h\u0131zla ilerliyor.&#8221;<\/p>\n<p>Alag\u00f6z Holding I\u011fd\u0131r Futbol Kul\u00fcb\u00fcn\u00fcn g\u00fczel bir hikaye yazd\u0131\u011f\u0131n\u0131 dile getiren Bak, &#8220;Sporculara ba\u015far\u0131lar diliyorum, ger\u00e7ekten I\u011fd\u0131r g\u00fczel bir hikaye yaz\u0131yor. Ben bu hikayenin sonunun g\u00fczel olaca\u011f\u0131n\u0131, gelece\u011fin I\u011fd\u0131r&#8217;\u0131n gen\u00e7leri i\u00e7in g\u00fczel olaca\u011f\u0131na y\u00fcrekten inan\u0131yorum. Biz de diyoruz ki, \u00fclkemizi sevece\u011fiz, vatan\u0131m\u0131z\u0131 sevece\u011fiz, I\u011fd\u0131r&#8217;\u0131 sevece\u011fiz, T\u00fcrkiye&#8217;yi sevece\u011fiz, sporla beraber gen\u00e7lerimize hizmet etmeye devam edece\u011fiz. Tekrar I\u011fd\u0131r yeni stadyumu 6 bin kapasitesiyle hay\u0131rl\u0131 u\u011furlu olsun diyorum.&#8221; \u015feklinde konu\u015ftu.<\/p>\n<p>Konu\u015fmalar\u0131n ard\u0131ndan Bakan Bak, I\u011fd\u0131r Valisi F\u0131rat Ta\u015folar, AK Parti \u0130zmir Milletvekili Mehmet Muharrem Kasapo\u011flu, AK Parti I\u011fd\u0131r Milletvekili ve Alag\u00f6z Holding I\u011fd\u0131r FK Ba\u015fkan\u0131 Cant\u00fcrk Alag\u00f6z, siyasi parti temsicileri, kurum m\u00fcd\u00fcleri ve sporcular stad\u0131n a\u00e7\u0131l\u0131\u015f\u0131n\u0131 ger\u00e7ekle\u015ftirdi.<\/p>\n<p>Bakan Bak ve beraberindekiler, stad\u0131 gezerek futbolseverleri selamlad\u0131, daha sonra Alag\u00f6z Holding I\u011fd\u0131r FK-Manisa FK ma\u00e7\u0131n\u0131 izledi.<\/p>\n","protected":false},"excerpt":{"rendered":"<p>Gen\u00e7lik ve Spor Bakan\u0131 Osman A\u015fk\u0131n Bak, I\u011fd\u0131r&#8217;da 6 bin kapasiteli butik stadyumu a\u00e7t\u0131.<\/p>\n","protected":false},"author":1,"featured_media":21879,"comment_status":"open","ping_status":"open","sticky":false,"template":"","format":"standard","meta":{"footnotes":""},"categories":[12],"tags":[1937,1179,2511,440,197],"class_list":["post-21878","post","type-post","status-publish","format-standard","has-post-thumbnail","hentry","category-siyaset","tag-bak","tag-guzel","tag-igdir","tag-spor","tag-turkiye"],"_links":{"self":[{"href":"https:\/\/bihavadis.com\/index.php\/wp-json\/wp\/v2\/posts\/21878","targetHints":{"allow":["GET"]}}],"collection":[{"href":"https:\/\/bihavadis.com\/index.php\/wp-json\/wp\/v2\/posts"}],"about":[{"href":"https:\/\/bihavadis.com\/index.php\/wp-json\/wp\/v2\/types\/post"}],"author":[{"embeddable":true,"href":"https:\/\/bihavadis.com\/index.php\/wp-json\/wp\/v2\/users\/1"}],"replies":[{"embeddable":true,"href":"https:\/\/bihavadis.com\/index.php\/wp-json\/wp\/v2\/comments?post=21878"}],"version-history":[{"count":1,"href":"https:\/\/bihavadis.com\/index.php\/wp-json\/wp\/v2\/posts\/21878\/revisions"}],"predecessor-version":[{"id":21880,"href":"https:\/\/bihavadis.com\/index.php\/wp-json\/wp\/v2\/posts\/21878\/revisions\/21880"}],"wp:featuredmedia":[{"embeddable":true,"href":"https:\/\/bihavadis.com\/index.php\/wp-json\/wp\/v2\/media\/21879"}],"wp:attachment":[{"href":"https:\/\/bihavadis.com\/index.php\/wp-json\/wp\/v2\/media?parent=21878"}],"wp:term":[{"taxonomy":"category","embeddable":true,"href":"https:\/\/bihavadis.com\/index.php\/wp-json\/wp\/v2\/categories?post=21878"},{"taxonomy":"post_tag","embeddable":true,"href":"https:\/\/bihavadis.com\/index.php\/wp-json\/wp\/v2\/tags?post=21878"}],"curies":[{"name":"wp","href":"https:\/\/api.w.org\/{rel}","templated":true}]}}