{"id":21911,"date":"2026-02-08T11:09:06","date_gmt":"2026-02-08T11:09:06","guid":{"rendered":"https:\/\/bihavadis.com\/?p=21911"},"modified":"2026-02-08T11:09:06","modified_gmt":"2026-02-08T11:09:06","slug":"fenerbahcede-birlik-mesaji","status":"publish","type":"post","link":"https:\/\/bihavadis.com\/index.php\/2026\/02\/08\/fenerbahcede-birlik-mesaji\/","title":{"rendered":"Fenerbah\u00e7e&#8217;de Birlik Mesaj\u0131"},"content":{"rendered":"<p> Fenerbah\u00e7e Kul\u00fcb\u00fc Ba\u015fkan\u0131 Sadettin Saran, birlikte hareket ederek \u015fampiyonluk ipini g\u00f6\u011f\u00fcsleyeceklerini s\u00f6yledi.<\/p>\n<p>Sar\u0131-lacivertli kul\u00fcb\u00fcn Fenerbah\u00e7e Faruk Ilgaz Tesisleri&#8217;nde ger\u00e7ekle\u015ftirilen Y\u00fcksek Divan Kurulu Toplant\u0131s\u0131&#8217;nda konu\u015fan Saran, Fenerbah\u00e7e formas\u0131 giyen t\u00fcm sporculara destek verilmesi gerekti\u011fini belirtti.<\/p>\n<p>Camian\u0131n birlik olmas\u0131 durumunda kimsenin kar\u015f\u0131lar\u0131nda duramayaca\u011f\u0131n\u0131 aktaran Saran, &#8220;Zaman zaman biz de bu koltuklarda \u00e7ok uzun s\u00fcredir oturuyor gibi hissediyoruz ama bug\u00fcn bak\u0131nca sadece 4 ayl\u0131k s\u00fcre\u00e7ten bahsediyoruz. \u00c7ok s\u00fcre olmad\u0131 ama bu k\u0131sa s\u00fcrede camiam\u0131z\u0131n ne kadar diri, g\u00fc\u00e7l\u00fc ve kenetlenmeye haz\u0131r oldu\u011funun g\u00f6rd\u00fck. Futboldan voleybola, basketboldan di\u011fer t\u00fcm bran\u015flara b\u00fcy\u00fck m\u00fccadele veriyoruz. Umar\u0131m sezon sonunda gurur duyaca\u011f\u0131m\u0131z sonu\u00e7lar ya\u015far\u0131z.&#8221; diye konu\u015ftu.<\/p>\n<p>Y\u00f6netim olarak ba\u015far\u0131 i\u00e7in b\u00fcy\u00fck gayret g\u00f6sterdiklerini vurgulayan Saran, \u015f\u00f6yle devam etti: <\/p>\n<p>&#8220;Son d\u00f6nemde camiam\u0131zda g\u00fczel bir duygu var, ne\u015fe var, heyecan var, umuda yeniden sar\u0131lma iste\u011fi var. Bunu hissediyoruz. Futbol tak\u0131m\u0131zla ilk kupam\u0131z\u0131 kazand\u0131k. Bu sadece sportif de\u011fil, do\u011fru birliktelikle neler yap\u0131labilece\u011finin \u00e7ok g\u00fc\u00e7l\u00fc bir g\u00f6stergesiydi. O ak\u015fam sahadaki m\u00fccadele kadar trib\u00fcndeki co\u015fku da \u00e7ok k\u0131ymetliydi. Fenerbah\u00e7e kenetlenirse bu camian\u0131n \u00f6n\u00fcnde hi\u00e7bir \u015fey duramaz, bize bunu hat\u0131rlatt\u0131. S\u00fcper Kupa sevincinin \u00fczerinden \u00e7ok k\u0131sa s\u00fcre ge\u00e7mi\u015fti. Fenerbah\u00e7e Opet Kad\u0131n Basketbol Tak\u0131m\u0131m\u0131z bize bir gurur daha ya\u015fatt\u0131. T\u00fcrkiye Kupas\u0131&#8217;n\u0131 kazanan Potan\u0131n Krali\u00e7eleri bu camian\u0131n ne kadar g\u00fc\u00e7l\u00fc bir sportif k\u00fclt\u00fcre sahip oldu\u011funu g\u00f6sterdi. Sporun do\u011fas\u0131nda ini\u015f ve \u00e7\u0131k\u0131\u015flar vard\u0131r. \u00d6nemli olan o ne\u015fe ve birlik duygusunu kaybetmemektir. Fenerbah\u00e7e&#8217;yi g\u00fc\u00e7l\u00fc yapan budur.&#8221;<\/p>\n<p>&#8220;Bu koltuk bana emanet&#8221;<\/p>\n<p>Fenerbah\u00e7e Kul\u00fcb\u00fc Ba\u015fkan\u0131 Sadettin Saran, se\u00e7im d\u00f6neminde verdikleri t\u00fcm s\u00f6zleri yerine getirmeye \u00e7al\u0131\u015ft\u0131klar\u0131n\u0131 belirterek, \u015funlar\u0131 kaydetti: <\/p>\n<p>&#8220;Bu camian\u0131n gelece\u011fiyle ilgili herkesin fikri, beklentisi ve heyecan\u0131 olabilir. Bunu sayg\u0131yla kar\u015f\u0131l\u0131yorum ama Fenerbah\u00e7e ba\u015fkanl\u0131\u011f\u0131 ki\u015fisel meselelerin kul\u00fcb\u00fcn \u00f6n\u00fcne ge\u00e7ti\u011fi bir makam de\u011fildir. Bu camian\u0131n huzurunu, birlik duygusunu ve sezon i\u00e7indeki m\u00fccadelesini korumak hepimiz i\u00e7in \u00f6ncelik olmal\u0131. Bu koltuk benim de\u011fil, bu koltuk bana emanet. Buraya yak\u0131\u015f\u0131r bir \u015fekilde g\u00f6rev yapmaya geldim. Camian\u0131n sa\u011fduyusuna ve karar s\u00fcrecine olan g\u00fcvenimizle g\u00f6revimizi lay\u0131k\u0131yla yapmaya devam ediyoruz. 21 Eyl\u00fcl ak\u015fam\u0131na d\u00f6nelim. Se\u00e7imi kazan\u0131nca hepimiz mutluyduk. Y\u00f6netimimle bir odaya girdik, kap\u0131y\u0131 kapatt\u0131m ve onlara \u015funu s\u00f6yledim. &#8216;En mutlu g\u00fcn\u00fcm\u00fcz bug\u00fcn.&#8217; dedim. &#8216;Bundan sonra b\u00f6yle bir g\u00fcn\u00fcm\u00fcz olmayacak.&#8217; dedim ve olmad\u0131 da. \u00c7\u00fcnk\u00fc art\u0131k sorumluluk ba\u015fl\u0131yor. &#8216;Yar\u0131n sabah itibar\u0131yla se\u00e7im s\u00fcrecinde s\u00f6z verdi\u011fimiz her konu i\u00e7in haz\u0131rl\u0131klara ba\u015flayal\u0131m.&#8217; dedim. Ben hi\u00e7 yap\u0131lmam\u0131\u015f u\u00e7uk projelerle gelmedim buraya. S\u00f6z verdi\u011fim ba\u015fl\u0131klarda nettim ve \u015funu s\u00f6yledim. &#8216;Buradan gitti\u011fimizde arkam\u0131zdan en az\u0131ndan verdikleri t\u00fcm s\u00f6zleri tuttular desinler.&#8217; dedim. Biz o odadan bunlar\u0131 konu\u015farak \u00e7\u0131kt\u0131k.&#8221;<\/p>\n<p>G\u00f6reve geldikten sonra yeni projelere ba\u015flad\u0131klar\u0131n\u0131 dile getiren Saran, &#8220;\u00c7ocuklar\u0131m\u0131z\u0131n Fenerbah\u00e7elilik bilinciyle b\u00fcy\u00fcmesi i\u00e7in projelere ba\u015flad\u0131k. Gelir alanlar\u0131m\u0131z\u0131 g\u00fc\u00e7lendirdik. T\u00fcz\u00fc\u011f\u00fcm\u00fcz\u00fcn kul\u00fcb\u00fcn ihtiya\u00e7lar\u0131na cevap verip vermedi\u011fini g\u00f6rmek ad\u0131na \u00e7al\u0131\u015fmalara ba\u015flad\u0131k. \u00dczerimizde ta\u015f\u0131d\u0131\u011f\u0131m\u0131z finansal y\u00fckten kurtulduk, Bankalar Birli\u011fi anla\u015fmas\u0131ndan \u00e7\u0131kt\u0131k. Bu noktaya gelinmesinde eme\u011fi olan \u00f6nceki ba\u015fkanlar\u0131m\u0131z Say\u0131n Aziz Y\u0131ld\u0131r\u0131m, Ali Ko\u00e7 ile Murat \u00dclker&#8217;e te\u015fekk\u00fcr etmek istiyorum.&#8221; de\u011ferlendirmesinde bulundu.<\/p>\n<p>Camiaya verdikleri s\u00f6zlerin pe\u015finden gittiklerini aktaran Saran, s\u00f6zlerini \u015f\u00f6yle tamamlad\u0131: <\/p>\n<p>&#8220;Bizim sorumlulu\u011fumuz ve \u00f6nceli\u011fimiz bellidir, o da \u015fampiyonluk. Bizi bu hedefe ta\u015f\u0131yacak olan tak\u0131m\u0131m\u0131zd\u0131r. Teknik heyet ve oyunculara g\u00fcvenimiz tam. Eksik ve ihtiya\u00e7lar\u0131 g\u00f6r\u00fcyoruz, \u00e7al\u0131\u015fmalar\u0131 s\u00fcrd\u00fcr\u00fcyoruz. Sahadaki oyuncu bu camian\u0131n oyuncusudur, bunu unutmamam\u0131z gerekiyor. Fenerbah\u00e7e tarihinde futbolcular her zaman destekle aya\u011fa kalkm\u0131\u015ft\u0131r. Bu tak\u0131m en zor anlarda taraftar\u0131yla g\u00fc\u00e7lenmi\u015ftir. Bug\u00fcn ayr\u0131\u015fmak de\u011fil omuz omuza durmaya ihtiya\u00e7 var. Bu kul\u00fcb\u00fcn enerjisi umutsuzlukla de\u011fil, umutla b\u00fcy\u00fcr. Ayr\u0131\u015fmayla de\u011fil, birlik duygusuyla g\u00fc\u00e7lenir. Yaz\u0131lan her c\u00fcmlenin, s\u00f6ylenen her s\u00f6z\u00fcn bu bilin\u00e7le yap\u0131lmas\u0131 kul\u00fcbe katk\u0131 sa\u011flar. \u00d6n\u00fcm\u00fczde uzun bir yol var. D\u00fcnyan\u0131n hi\u00e7bir yerinde ba\u015far\u0131 hikayeleri d\u00fcz bir \u00e7izgiyle yaz\u0131lm\u0131yor. Fenerbah\u00e7e g\u00fcc\u00fc, sahadaki sonu\u00e7lardan de\u011fil, zor zamanlarda g\u00f6sterdi\u011fi duru\u015ftan gelir. Bug\u00fcn burada yapt\u0131\u011f\u0131m\u0131z \u015fey tam olarak budur. Sakin kalaca\u011f\u0131z, birlikte duraca\u011f\u0131z, do\u011fru ad\u0131mlar ataca\u011f\u0131z, inanaca\u011f\u0131z, birbirimize g\u00fcvenece\u011fiz ve sonunda Fenerbah\u00e7emizi olmas\u0131 gereken yere birlikte ta\u015f\u0131yacak, hep birlikte \u015fampiyon olaca\u011f\u0131z.&#8221;<\/p>\n","protected":false},"excerpt":{"rendered":"<p>Sadettin Saran, Fenerbah\u00e7e&#8217;nin \u015fampiyonluk i\u00e7in birlik i\u00e7inde hareket etmesi gerekti\u011fini vurgulad\u0131.<\/p>\n","protected":false},"author":1,"featured_media":21912,"comment_status":"open","ping_status":"open","sticky":false,"template":"","format":"standard","meta":{"footnotes":""},"categories":[14],"tags":[1140,1858,2433,691,544],"class_list":["post-21911","post","type-post","status-publish","format-standard","has-post-thumbnail","hentry","category-spor","tag-birlikte","tag-fenerbahce","tag-saran","tag-soz","tag-sure"],"_links":{"self":[{"href":"https:\/\/bihavadis.com\/index.php\/wp-json\/wp\/v2\/posts\/21911","targetHints":{"allow":["GET"]}}],"collection":[{"href":"https:\/\/bihavadis.com\/index.php\/wp-json\/wp\/v2\/posts"}],"about":[{"href":"https:\/\/bihavadis.com\/index.php\/wp-json\/wp\/v2\/types\/post"}],"author":[{"embeddable":true,"href":"https:\/\/bihavadis.com\/index.php\/wp-json\/wp\/v2\/users\/1"}],"replies":[{"embeddable":true,"href":"https:\/\/bihavadis.com\/index.php\/wp-json\/wp\/v2\/comments?post=21911"}],"version-history":[{"count":1,"href":"https:\/\/bihavadis.com\/index.php\/wp-json\/wp\/v2\/posts\/21911\/revisions"}],"predecessor-version":[{"id":21913,"href":"https:\/\/bihavadis.com\/index.php\/wp-json\/wp\/v2\/posts\/21911\/revisions\/21913"}],"wp:featuredmedia":[{"embeddable":true,"href":"https:\/\/bihavadis.com\/index.php\/wp-json\/wp\/v2\/media\/21912"}],"wp:attachment":[{"href":"https:\/\/bihavadis.com\/index.php\/wp-json\/wp\/v2\/media?parent=21911"}],"wp:term":[{"taxonomy":"category","embeddable":true,"href":"https:\/\/bihavadis.com\/index.php\/wp-json\/wp\/v2\/categories?post=21911"},{"taxonomy":"post_tag","embeddable":true,"href":"https:\/\/bihavadis.com\/index.php\/wp-json\/wp\/v2\/tags?post=21911"}],"curies":[{"name":"wp","href":"https:\/\/api.w.org\/{rel}","templated":true}]}}