{"id":21958,"date":"2026-02-08T11:45:06","date_gmt":"2026-02-08T11:45:06","guid":{"rendered":"https:\/\/bihavadis.com\/?p=21958"},"modified":"2026-02-08T11:45:06","modified_gmt":"2026-02-08T11:45:06","slug":"subat-ayi-yasli-ve-engelli-ayliklari-hesaplara-yatiriliyor","status":"publish","type":"post","link":"https:\/\/bihavadis.com\/index.php\/2026\/02\/08\/subat-ayi-yasli-ve-engelli-ayliklari-hesaplara-yatiriliyor\/","title":{"rendered":"\u015eubat ay\u0131 ya\u015fl\u0131 ve engelli ayl\u0131klar\u0131 hesaplara yat\u0131r\u0131l\u0131yor"},"content":{"rendered":"<p>\u015eubat ay\u0131na ili\u015fkin ya\u015fl\u0131 ve engelli ayl\u0131klar\u0131n\u0131n \u00f6demeleri ba\u015flad\u0131.<\/p>\n<p>Ocak ay\u0131nda memur maa\u015f katsay\u0131s\u0131nda yap\u0131lan d\u00fczenleme sonras\u0131nda engelli ayl\u0131klar\u0131 zaml\u0131 olarak hesaplara yat\u0131r\u0131l\u0131rken, \u00f6demelerin kademeli \u015fekilde tamamlanaca\u011f\u0131 bildirildi.<\/p>\n<p><strong>TOPLAM \u00d6DEME 9,7 M\u0130LYAR L\u0130RAYI BULUYOR<\/strong><\/p>\n<p>\u015eubat ay\u0131 i\u00e7in yakla\u015f\u0131k 5,4 milyar lira ya\u015fl\u0131 ayl\u0131\u011f\u0131 ve yakla\u015f\u0131k 4,3 milyar lira engelli ayl\u0131\u011f\u0131 olmak \u00fczere toplam 9,7 milyar liral\u0131k destek \u00f6demesi, hak sahiplerine ula\u015ft\u0131r\u0131l\u0131yor.<\/p>\n<p><strong>SOSYAL DESTEKLER D\u00dcZENL\u0130 OLARAK S\u00dcRD\u00dcR\u00dcL\u00dcYOR<\/strong><\/p>\n<p>Ya\u015fl\u0131 ve engelli bireylerin ba\u011f\u0131ms\u0131z ya\u015famlar\u0131n\u0131 desteklemek ve sosyal hayata kat\u0131l\u0131mlar\u0131n\u0131 art\u0131rmak amac\u0131yla sosyal yard\u0131m programlar\u0131n\u0131n kapsay\u0131c\u0131 ve d\u00fczenli \u015fekilde s\u00fcrd\u00fcr\u00fcld\u00fc\u011f\u00fc ifade edilirken, \u00f6demelerin vatanda\u015flar\u0131n hesaplar\u0131na aktar\u0131lmaya devam etti\u011fi de belirtildi.<\/p>\n<p><img decoding=\"async\" src=\"https:\/\/bihavadis.com\/wp-content\/uploads\/2026\/02\/subat-ayi-yasli-ve-engelli-ayliklari-hesaplara-yatiriliyor-0-TvvmOaxu.jpg\"\/><\/p>\n","protected":false},"excerpt":{"rendered":"<p>\u015eubat ay\u0131 ya\u015fl\u0131 ve engelli ayl\u0131klar\u0131, memur maa\u015f katsay\u0131s\u0131ndaki art\u0131\u015f sonras\u0131 zaml\u0131 olarak \u00f6deniyor. Bu kapsamda toplam 9,7 milyar liral\u0131k \u00f6deme hak sahiplerinin hesaplar\u0131na aktar\u0131lmaya ba\u015fland\u0131.<\/p>\n","protected":false},"author":1,"featured_media":21959,"comment_status":"open","ping_status":"open","sticky":false,"template":"","format":"standard","meta":{"footnotes":""},"categories":[8],"tags":[736],"class_list":["post-21958","post","type-post","status-publish","format-standard","has-post-thumbnail","hentry","category-ekonomi","tag-odeme"],"_links":{"self":[{"href":"https:\/\/bihavadis.com\/index.php\/wp-json\/wp\/v2\/posts\/21958","targetHints":{"allow":["GET"]}}],"collection":[{"href":"https:\/\/bihavadis.com\/index.php\/wp-json\/wp\/v2\/posts"}],"about":[{"href":"https:\/\/bihavadis.com\/index.php\/wp-json\/wp\/v2\/types\/post"}],"author":[{"embeddable":true,"href":"https:\/\/bihavadis.com\/index.php\/wp-json\/wp\/v2\/users\/1"}],"replies":[{"embeddable":true,"href":"https:\/\/bihavadis.com\/index.php\/wp-json\/wp\/v2\/comments?post=21958"}],"version-history":[{"count":1,"href":"https:\/\/bihavadis.com\/index.php\/wp-json\/wp\/v2\/posts\/21958\/revisions"}],"predecessor-version":[{"id":21961,"href":"https:\/\/bihavadis.com\/index.php\/wp-json\/wp\/v2\/posts\/21958\/revisions\/21961"}],"wp:featuredmedia":[{"embeddable":true,"href":"https:\/\/bihavadis.com\/index.php\/wp-json\/wp\/v2\/media\/21959"}],"wp:attachment":[{"href":"https:\/\/bihavadis.com\/index.php\/wp-json\/wp\/v2\/media?parent=21958"}],"wp:term":[{"taxonomy":"category","embeddable":true,"href":"https:\/\/bihavadis.com\/index.php\/wp-json\/wp\/v2\/categories?post=21958"},{"taxonomy":"post_tag","embeddable":true,"href":"https:\/\/bihavadis.com\/index.php\/wp-json\/wp\/v2\/tags?post=21958"}],"curies":[{"name":"wp","href":"https:\/\/api.w.org\/{rel}","templated":true}]}}