{"id":21975,"date":"2026-02-08T12:03:07","date_gmt":"2026-02-08T12:03:07","guid":{"rendered":"https:\/\/bihavadis.com\/?p=21975"},"modified":"2026-02-08T12:03:07","modified_gmt":"2026-02-08T12:03:07","slug":"corumda-komsusunu-6-parcaya-ayirdi","status":"publish","type":"post","link":"https:\/\/bihavadis.com\/index.php\/2026\/02\/08\/corumda-komsusunu-6-parcaya-ayirdi\/","title":{"rendered":"\u00c7orum&#8217;da kom\u015fusunu 6 par\u00e7aya ay\u0131rd\u0131"},"content":{"rendered":"<p>\u00c7orum&#8217;da kan donduran olay&#8230;\u00a0<\/p>\n<p>Ulukavak Mahallesi\u2019nde oturan Ali Osman Kaya\u2019dan, 28 Ocak&#8217;ta \u00f6\u011fle saatlerinde evinden ayr\u0131ld\u0131ktan sonra haber al\u0131namad\u0131.<\/p>\n<p>\u0130hbar \u00fczerine ekipler, Kaya\u2019y\u0131 bulmak i\u00e7in \u00e7al\u0131\u015fma ba\u015flatt\u0131.<\/p>\n<p><strong>PAR\u00c7ALANMI\u015e CESED\u0130 BULUNDU<\/strong><\/p>\n<p>\u00c7atak Tabiat Park\u0131 mevkiinde dere yata\u011f\u0131nda, Kaya\u2019n\u0131n par\u00e7alanm\u0131\u015f cans\u0131z bedenini buldu.<\/p>\n<p>\u0130l Emniyet M\u00fcd\u00fcrl\u00fc\u011f\u00fc Asayi\u015f \u015eube M\u00fcd\u00fcrl\u00fc\u011f\u00fc Cinayet B\u00fcro Amirli\u011fi ekipleri, olaya ili\u015fkin Ali Osman Kaya&#8217;n\u0131n kom\u015fusu A.F.K.\u2019yi g\u00f6zalt\u0131na al\u0131nd\u0131.<\/p>\n<p><img decoding=\"async\" src=\"https:\/\/bihavadis.com\/wp-content\/uploads\/2026\/02\/corumda-komsusunu-6-parcaya-ayirdi-0-PbQPGkkC.jpg\"\/><\/p>\n<p><strong>\u0130T\u0130RAF ETT\u0130<\/strong><\/p>\n<p>\u015e\u00fcpheli sorgusunda, husumetli oldu\u011fu Kaya\u2019y\u0131 ba\u011f evinde t\u00fcfekle \u00f6ld\u00fcrd\u00fc\u011f\u00fcn\u00fc, ard\u0131ndan kesici aletle 6 par\u00e7aya ay\u0131r\u0131p dere yata\u011f\u0131na b\u0131rakt\u0131\u011f\u0131n\u0131, kesik ba\u015f\u0131 ise cesedin bulundu\u011fu yerden yakla\u015f\u0131k 2 kilometre uza\u011fa g\u00f6t\u00fcrd\u00fc\u011f\u00fcn\u00fc itiraf etti.<\/p>\n<p>\u015e\u00fcphelinin a\u011fabeyi A.K., babas\u0131 Y.K. ve kom\u015fusu H.A. da g\u00f6zalt\u0131na al\u0131nd\u0131.<\/p>\n<p>4 \u015f\u00fcpheli, emniyetteki i\u015flemlerinin ard\u0131ndan bu sabah geni\u015f g\u00fcvenlik \u00f6nlemleri alt\u0131nda adliyeye sevk edildi.\u00a0<\/p>\n<p><img decoding=\"async\" src=\"https:\/\/bihavadis.com\/wp-content\/uploads\/2026\/02\/corumda-komsusunu-6-parcaya-ayirdi-1-xhDK9zgv.jpg\"\/><\/p>\n<p><img decoding=\"async\" src=\"https:\/\/bihavadis.com\/wp-content\/uploads\/2026\/02\/corumda-komsusunu-6-parcaya-ayirdi-2-14QRYaOq.jpg\"\/><\/p>\n<p><img decoding=\"async\" src=\"https:\/\/bihavadis.com\/wp-content\/uploads\/2026\/02\/corumda-komsusunu-6-parcaya-ayirdi-3-PTDtt6sC.jpg\"\/><\/p>\n<p><img decoding=\"async\" src=\"https:\/\/bihavadis.com\/wp-content\/uploads\/2026\/02\/corumda-komsusunu-6-parcaya-ayirdi-4-136LSiGk.jpg\"\/><\/p>\n","protected":false},"excerpt":{"rendered":"<p>Kom\u015fusu Ali Osman Kaya&#8217;y\u0131 \u00f6ld\u00fcr\u00fcp cesedini 6 par\u00e7aya b\u00f6lerek dere yata\u011f\u0131na, ba\u015f\u0131n\u0131 ise cesetten 2 kilometre uza\u011fa atan A.F.K. ile a\u011fabeyi, babas\u0131 ve kom\u015fusu, bug\u00fcn adliyeye sevk edildi.<\/p>\n","protected":false},"author":1,"featured_media":21976,"comment_status":"open","ping_status":"open","sticky":false,"template":"","format":"standard","meta":{"footnotes":""},"categories":[4,13],"tags":[],"class_list":["post-21975","post","type-post","status-publish","format-standard","has-post-thumbnail","hentry","category-gundem","category-son-dakika"],"_links":{"self":[{"href":"https:\/\/bihavadis.com\/index.php\/wp-json\/wp\/v2\/posts\/21975","targetHints":{"allow":["GET"]}}],"collection":[{"href":"https:\/\/bihavadis.com\/index.php\/wp-json\/wp\/v2\/posts"}],"about":[{"href":"https:\/\/bihavadis.com\/index.php\/wp-json\/wp\/v2\/types\/post"}],"author":[{"embeddable":true,"href":"https:\/\/bihavadis.com\/index.php\/wp-json\/wp\/v2\/users\/1"}],"replies":[{"embeddable":true,"href":"https:\/\/bihavadis.com\/index.php\/wp-json\/wp\/v2\/comments?post=21975"}],"version-history":[{"count":1,"href":"https:\/\/bihavadis.com\/index.php\/wp-json\/wp\/v2\/posts\/21975\/revisions"}],"predecessor-version":[{"id":21982,"href":"https:\/\/bihavadis.com\/index.php\/wp-json\/wp\/v2\/posts\/21975\/revisions\/21982"}],"wp:featuredmedia":[{"embeddable":true,"href":"https:\/\/bihavadis.com\/index.php\/wp-json\/wp\/v2\/media\/21976"}],"wp:attachment":[{"href":"https:\/\/bihavadis.com\/index.php\/wp-json\/wp\/v2\/media?parent=21975"}],"wp:term":[{"taxonomy":"category","embeddable":true,"href":"https:\/\/bihavadis.com\/index.php\/wp-json\/wp\/v2\/categories?post=21975"},{"taxonomy":"post_tag","embeddable":true,"href":"https:\/\/bihavadis.com\/index.php\/wp-json\/wp\/v2\/tags?post=21975"}],"curies":[{"name":"wp","href":"https:\/\/api.w.org\/{rel}","templated":true}]}}