{"id":22035,"date":"2026-02-08T12:39:42","date_gmt":"2026-02-08T12:39:42","guid":{"rendered":"https:\/\/bihavadis.com\/?p=22035"},"modified":"2026-02-08T12:39:42","modified_gmt":"2026-02-08T12:39:42","slug":"bakan-kurum-ozgur-ozele-yuklendi-maketini-bile-yapamazsin","status":"publish","type":"post","link":"https:\/\/bihavadis.com\/index.php\/2026\/02\/08\/bakan-kurum-ozgur-ozele-yuklendi-maketini-bile-yapamazsin\/","title":{"rendered":"Bakan Kurum, \u00d6zg\u00fcr \u00d6zel&#8217;e y\u00fcklendi: Maketini bile yapamazs\u0131n"},"content":{"rendered":"<p> Samsun B\u00fcy\u00fck\u015fehir Belediyesi \u00d6mer Halisdemir \u00c7ok Ama\u00e7l\u0131 Salon&#8217;da &#8220;500 Bin Sosyal Konut\/ Ev Sahibi T\u00fcrkiye Kura \u00c7ekimi T\u00f6reni&#8221;ne d\u00fczenlendi. \u00c7evre, \u015eehircilik ve \u0130klim De\u011fi\u015fikli\u011fi Bakan\u0131 Murat Kurum t\u00f6rende yapt\u0131\u011f\u0131 konu\u015fmada CHP Genel Ba\u015fkan\u0131 \u00d6zg\u00fcr \u00d6zel&#8217;e y\u00fcklendi. <\/p>\n<p><b>&#8220;15 B\u0130NDEN FAZLA KONUTU SAMSUN&#8217;A KAZANDIRDIK&#8221;<\/b><\/p>\n<p>Bakan Kurum, Samsun&#8217;daki yat\u0131r\u0131mlar hakk\u0131nda bilgi vererek, &#8220;Bug\u00fcne kadar Samsun&#8217;da TOK\u0130&#8217;miz eliyle yakla\u015f\u0131k 66 milyar liral\u0131k yat\u0131r\u0131m ger\u00e7ekle\u015ftirdik. 15 binden fazla konutu \u015fehrimize kazand\u0131rd\u0131k. Devasa bir alanda 3 millet bah\u00e7esiyle \u015fehrimize yeni ya\u015fam alanlar\u0131 a\u00e7t\u0131k. \u0130n\u015fallah Bafra Millet Bah\u00e7emizi de \u00e7ok k\u0131sa s\u00fcre sonra hizmete alaca\u011f\u0131z. Ama tabii durmuyoruz. 81 ilimizde oldu\u011fu gibi sizleri de heyecanland\u0131ran Y\u00fczy\u0131l\u0131n Konut Projesi ile \u015fehrimize kazand\u0131raca\u011f\u0131m\u0131z 6 bin 397 konutumuzun kuralar\u0131n\u0131 bug\u00fcn \u00e7ekiyoruz. Bu konutlar\u0131m\u0131z\u0131n 3 bin 750&#8217;sini Samsun merkezde, 150&#8217;sini Ala\u00e7am&#8217;da, 100&#8217;\u00fcn\u00fc Asarc\u0131k&#8217;ta, 120&#8217;sini Ayvac\u0131k&#8217;ta, 500&#8217;\u00fcn\u00fc Bafra&#8217;da, 300&#8217;\u00fcn\u00fc \u00c7ar\u015famba&#8217;da, 140&#8217;\u0131n\u0131 Havza&#8217;da, 150&#8217;sini Kavak&#8217;ta, 142&#8217;sini Ladik&#8217;te, 125&#8217;ini 19 May\u0131s&#8217;ta, 120&#8217;sini Sal\u0131pazar\u0131&#8217;nda, 300&#8217;\u00fcn\u00fc Terme&#8217;de, 450&#8217;sini Vezirk\u00f6pr\u00fc&#8217;de ve 50&#8217;sini ise Yakakent&#8217;te in\u015fa edece\u011fiz. Konutlar\u0131m\u0131z\u0131 \u015fehrimizin t\u00fcm il\u00e7elerini kapsayan adil ve dengeli bir planlamayla in\u015fa edilece\u011fini \u00f6zellikle ifade etmek istiyorum. Yani biz, Samsun&#8217;da sadece belli bir noktaya de\u011fil; merkezinden en u\u00e7 il\u00e7esine kadar herkes i\u00e7in konut \u00fcretiyoruz. \u00dcstelik yaln\u0131zca konut da yetinmiyoruz. Ge\u00e7mi\u015fimizden ald\u0131\u011f\u0131m\u0131z ilhamla, kom\u015fulu\u011fu ya\u015fatan, dayan\u0131\u015fmay\u0131 g\u00fc\u00e7lendiren 500 mahalle kona\u011f\u0131yla sosyal hayat\u0131 da yeniden in\u015fa ediyoruz. &#8216;Ev Sahibi T\u00fcrkiye&#8217; hedefimiz do\u011frultusunda, Allah&#8217;\u0131n izniyle hi\u00e7bir vatanda\u015f\u0131m\u0131z\u0131 geride b\u0131rakm\u0131yoruz&#8221; dedi.<\/p>\n<div>\n<figure><img decoding=\"async\" src=\"https:\/\/bihavadis.com\/wp-content\/uploads\/2026\/02\/bakan-kurum-ozgur-ozele-yuklendi-maketini-bile-yapamazsin-0-npw71Ryb.jpg\"\/><\/figure>\n<\/div>\n<p><b>&#8220;6 \u015eUBAT&#8217;TA D\u00dcNYA VE CUMHUR\u0130YET TAR\u0130H\u0130N\u0130N EN B\u00dcY\u00dcK FELAKET\u0130N\u0130 YA\u015eADIK&#8221;<\/b><\/p>\n<p>Bakan Kurum \u015f\u00f6yle devam etti: &#8220;Bu salonu dolduran co\u015fku, g\u00f6zlerinizdeki umut, y\u00fcreklerinizdeki sevin\u00e7; bizlere \u015funu a\u00e7\u0131k\u00e7a g\u00f6steriyor: Milletimiz inand\u0131\u011f\u0131nda, devletine g\u00fcvendi\u011finde, hi\u00e7bir hedef ula\u015f\u0131lmaz de\u011fildir. Burada ya\u015fad\u0131\u011f\u0131m\u0131z bu an, yaln\u0131zca bir kura \u00e7ekiminin heyecan\u0131 de\u011fil; y\u0131llar\u0131n eme\u011fine, sabr\u0131na ve kararl\u0131l\u0131\u011f\u0131na hep birlikte \u015fahitlik etti\u011fimiz tarihi bir bulu\u015fmad\u0131r. \u00c7\u00fcnk\u00fc T\u00fcrkiye, ya\u015fad\u0131\u011f\u0131 her imtihan ve zorluktan daha da g\u00fc\u00e7lenerek \u00e7\u0131kan bir \u00fclkedir. <\/p>\n<p>Son y\u0131llara \u00fclkemiz sellerden, yang\u0131nlara, salg\u0131nlardan, depremlere kadar bir\u00e7ok afetle s\u0131nand\u0131. Ama hamdolsun hi\u00e7bir afette milletimizi \u00e7aresiz ve kimsesiz b\u0131rakmad\u0131k. 6 \u015eubat 2023&#8217;te ya\u015fad\u0131\u011f\u0131m\u0131z &#8216;Asr\u0131n Felaketi&#8217; olarak kay\u0131tlara ge\u00e7en deprem afeti ile 11 ilimiz ne yaz\u0131k ki derin bir ac\u0131 ile sars\u0131ld\u0131. 14 milyon insan\u0131m\u0131z do\u011frudan 86 insan\u0131m\u0131z dolayl\u0131 olarak bu afetten etkilendi. A\u00e7\u0131k\u00e7as\u0131 d\u00fcnya ve Cumhuriyet tarihinin en b\u00fcy\u00fck felaketlerinden birini ya\u015fad\u0131k. Millet\u00e7e derin yaralar ald\u0131k ama asla karamsarl\u0131\u011fa kap\u0131lmad\u0131k, asla \u00fcmitsizli\u011fe d\u00fc\u015fmedik, milletimizle omuz vererek &#8216;Asr\u0131n Dayan\u0131\u015fmas\u0131&#8217; ile yaralar\u0131m\u0131z\u0131 birlikte sard\u0131k. Ve d\u00fcnyada hi\u00e7bir \u00fclkeye nasip olmam\u0131\u015f bir h\u0131z ve y\u00f6ntemle &#8216;Asr\u0131n \u0130n\u015fa&#8217; s\u00fcrecini ba\u015flatt\u0131k. Bu b\u00fcy\u00fck seferberlikle sadece yaralar\u0131m\u0131z\u0131 sarmad\u0131k; ayn\u0131 zamanda millet olarak ne kadar g\u00fc\u00e7l\u00fc oldu\u011fumuzu t\u00fcm d\u00fcnyaya bir kez daha g\u00f6sterdik. 200 bin mimar\u0131m\u0131zla, m\u00fchendisimizle, i\u015f\u00e7imizle; gece g\u00fcnd\u00fcz demeden afetzede karde\u015flerimizi bir an \u00f6nce s\u0131cak yuvalar\u0131na kavu\u015fturmak i\u00e7in 7 g\u00fcn 24 saat \u00e7al\u0131\u015ft\u0131k. <\/p>\n<div>\n<figure><img decoding=\"async\" src=\"https:\/\/bihavadis.com\/wp-content\/uploads\/2026\/02\/bakan-kurum-ozgur-ozele-yuklendi-maketini-bile-yapamazsin-1-iGQcQjQZ.jpg\"\/><\/figure>\n<\/div>\n<p><b>&#8220;REKOR HIZLA SAATTE 23, G\u00dcNDE 550 KONUT \u00dcRETT\u0130K&#8221;<\/b><\/p>\n<p>Rekor bir h\u0131zla saatte 23, g\u00fcnde 550 konut \u00fcrettik. Ve Cumhurba\u015fkan\u0131m\u0131z\u0131n te\u015frifleriyle Hatay&#8217;\u0131m\u0131zda b\u00fcy\u00fck bir gurur ve onurla tam\u0131 tam\u0131na 455 bin 357 yeni yuvam\u0131z\u0131 destans\u0131 bir kararl\u0131l\u0131kla depremzede karde\u015flerimize arma\u011fan ettik. 11 ilde bu kadar konutu e\u015f zamanl\u0131 yapmak, bir Avrupa \u00fclkesi b\u00fcy\u00fckl\u00fc\u011f\u00fcndeki alan\u0131 yeniden in\u015fa etmek T\u00fcrkiye d\u0131\u015f\u0131ndaki hi\u00e7bir \u00fclkenin alt\u0131ndan kalkaca\u011f\u0131 bir i\u015f de\u011fildir. Hamdolsun, biz Cumhurba\u015fkan\u0131m\u0131z\u0131n liderli\u011finde aln\u0131m\u0131z\u0131n ak\u0131yla verdi\u011fimiz her s\u00f6z\u00fc yerine getirdik. Bug\u00fcn deprem b\u00f6lgesinde milyonlarca vatanda\u015f\u0131m\u0131z, yuvas\u0131n\u0131n ve i\u015f yerinin kap\u0131s\u0131n\u0131n anahtar\u0131n\u0131 &#8216;Bismillah&#8217; diyerek a\u00e7\u0131yor. Bak\u0131n biz bu \u00e7al\u0131\u015fmalar\u0131 yaparken sadece konut ve i\u015f yeri yapmad\u0131k. Parklar\u0131yla, kent meydanlar\u0131yla, millet bah\u00e7eleriyle, okullar\u0131yla, camileriyle, alt ve \u00fcstyap\u0131s\u0131yla bir \u015fehir, bir hayat, bir umut, bir gelecek in\u015fa ettik. \u0130\u015fte bu y\u00fczden diyoruz ki: Asr\u0131n \u0130n\u015fas\u0131, T\u00fcrkiye&#8217;nin Ba\u015far\u0131s\u0131d\u0131r.&#8221;<\/p>\n<div>\n<figure><img decoding=\"async\" src=\"https:\/\/bihavadis.com\/wp-content\/uploads\/2026\/02\/bakan-kurum-ozgur-ozele-yuklendi-maketini-bile-yapamazsin-2-E76wGGVN.jpg\"\/><\/figure>\n<\/div>\n<p><b>&#8220;\u00d6ZG\u00dcR \u00d6ZEL MAKET\u0130N\u0130 B\u0130LE YAPAMAZ&#8221;<\/b><\/p>\n<p>Konu\u015fmas\u0131nda CHP Lideri \u00d6zel&#8217;in ele\u015ftirilerine cevap veren Bakan Kurum, \u015funlar\u0131 s\u00f6yledi:<\/p>\n<p>&#8220;AK Parti, 24 y\u0131ld\u0131r Cumhurba\u015fkan\u0131m\u0131z\u0131n liderli\u011finde; s\u00f6z verip unutanlar\u0131n de\u011fil, s\u00f6z verip bu s\u00f6zleri yerine getirenlerin ad\u0131d\u0131r. Biz deprem b\u00f6lgesinde 455 bin konutu teslim etmek i\u00e7in gece g\u00fcnd\u00fcz \u00e7al\u0131\u015f\u0131rken, biz 500 bin sosyal konut seferberli\u011fini ba\u015flat\u0131rken, maalesef muhalefet yine ayn\u0131 yerde durdu: Laf \u00fcretti, alg\u0131 \u00fcretti, engel olmaya \u00e7al\u0131\u015ft\u0131. Ta\u015f \u00fcst\u00fcne ta\u015f koymad\u0131, sadece yap\u0131lan\u0131 karalad\u0131. Ve o muhalefet deprem b\u00f6lgesine bir \u00e7ivi \u00e7akmad\u0131\u011f\u0131 yetmiyormu\u015f gibi, \u015fimdi 200 bin i\u015f\u00e7imizin eme\u011fini g\u00f6rmezden geliyor, deprem konutlar\u0131 ve kentsel d\u00f6n\u00fc\u015f\u00fcm \u00fczerinden \u015fahs\u0131m\u0131 ve h\u00fck\u00fcmetimizi ele\u015ftiriyor. <\/p>\n<p>\u00d6zg\u00fcr \u00d6zel&#8217;e buradan a\u00e7\u0131k\u00e7a soruyorum; kentsel d\u00f6n\u00fc\u015f\u00fcme kim kar\u015f\u0131 \u00e7\u0131k\u0131yor? Kentsel d\u00f6n\u00fc\u015f\u00fcme rantsal d\u00f6n\u00fc\u015f\u00fcm diyerek siyaset u\u011fruna milletimizin can g\u00fcvenli\u011fini kim hi\u00e7e say\u0131yor? Hatay&#8217;da, \u0130stanbul&#8217;da, Esenler&#8217;de, Beykoz&#8217;da kentsel d\u00f6n\u00fc\u015f\u00fcm\u00fc engellemeye \u00e7al\u0131\u015fan sizler de\u011fil misiniz? Belediye ba\u015fkanlar\u0131na bir sor bakal\u0131m, hangisi kentsel d\u00f6n\u00fc\u015f\u00fcm yapaca\u011f\u0131z demi\u015f de engel olmu\u015fuz? Bir tane s\u00f6yle ya! Soru soruyoruz yanl\u0131\u015f anl\u0131yor, cevap veriyoruz i\u015fine gelmiyor. Sadece \u00e7arp\u0131t\u0131yor. Deprem b\u00f6lgesine gelince 455 bin konut \u00d6zg\u00fcr Bey&#8217;in hayalinin bile yeti\u015femeyece\u011fi bir proje. Maketini bile yapamaz. <\/p>\n<div>\n<figure><img decoding=\"async\" src=\"https:\/\/bihavadis.com\/wp-content\/uploads\/2026\/02\/bakan-kurum-ozgur-ozele-yuklendi-maketini-bile-yapamazsin-3-M2V6rZAX.jpg\"\/><\/figure>\n<\/div>\n<p><b>&#8220;\u00c7EK SENET \u0130\u015eLER\u0130N\u0130 S\u0130Z \u0130Y\u0130 B\u0130L\u0130RS\u0130N\u0130Z \u00d6ZG\u00dcR BEY!&#8221;<\/b><\/p>\n<p>San\u0131yordu ki; 11 ilimizdeki konutlar hi\u00e7 bitmeyecek. Vatanda\u015flar\u0131m\u0131za anahtarlar\u0131 teslim edince panikledi. Ne yapaca\u011f\u0131n\u0131 \u015fa\u015f\u0131rd\u0131. \u015eimdi de ak\u0131lalmaz laflarla milletimizin akl\u0131n\u0131 kar\u0131\u015ft\u0131rmaya \u00e7al\u0131\u015f\u0131yor, bo\u015f senet imzalat\u0131yorlar diyerek vatanda\u015f\u0131m\u0131z\u0131 huzursuz ediyor. \u00c7ek senet i\u015flerini siz iyi bilirsiniz \u00d6zg\u00fcr Bey! Siz baklava kutular\u0131n\u0131 da iyi bilirsiniz! Milletimiz de bizi \u0130zmir&#8217;den, Elaz\u0131\u011f&#8217;dan, Bozkurt&#8217;tan, Manavgat&#8217;taki hizmetlerimizden iyi bilir. Biz milletimizin hayr\u0131na olmayan hi\u00e7 bir i\u015fi yapmay\u0131z. Biz insan\u0131m\u0131z\u0131 ma\u011fdur etmeyiz. Bu 11 ilimizde de b\u00f6yle olacak. Evlerimiz vatanda\u015f\u0131m\u0131z\u0131 zorlamadan uygun ko\u015fullarla, faizsiz, sabit fiyatla sunulacak. Sana tavsiyem. Bu konulara girme! Bu sular senin sular\u0131n de\u011fil, bu saha senin sahan de\u011fil, proje i\u015fleri senin i\u015fin de\u011fil. Anlayana bir c\u00fcmle yeter, anlamayana bin kelime yetmez, derler. Onlar ne anlarsa anlas\u0131n ne derse desin biz bug\u00fcne kadar oldu\u011fu gibi, bundan sonra da milletimizin g\u00f6nl\u00fcne girmeye, \u00fclkemiz i\u00e7in eser \u00fcretmeye, \u00e7al\u0131\u015fmaya, refah\u0131 art\u0131rmaya devam edece\u011fiz.&#8221;<\/p>\n<p>Programa, Samsun Valisi Orhan Tavl\u0131, AK Parti Samsun Milletvekilleri Mehmet Mu\u015f, Yusuf Ziya Y\u0131lmaz, \u00c7i\u011fdem Karaaslan Orhan K\u0131rcal\u0131, Ersan Aksu, Samsun B\u00fcy\u00fck\u015fehir Belediye Ba\u015fkan\u0131 Halit Do\u011fan, kaymakamlar, belediye ba\u015fkanlar\u0131, siyasi partilerin il ba\u015fkanlar\u0131 ve vatanda\u015flar kat\u0131ld\u0131.<\/p>\n<div>\n<figure><img decoding=\"async\" src=\"https:\/\/bihavadis.com\/wp-content\/uploads\/2026\/02\/bakan-kurum-ozgur-ozele-yuklendi-maketini-bile-yapamazsin-4-fhbCPRre.jpg\"\/><\/figure>\n<\/div>\n","protected":false},"excerpt":{"rendered":"<p>\u00c7evre, \u015eehircilik ve \u0130klim De\u011fi\u015fikli\u011fi Bakan\u0131 Murat Kurum, Samsun&#8217;da &#8220;Ev Sahibi T\u00fcrkiye&#8221; Kura \u00c7ekim T\u00f6reni&#8217;nde yapt\u0131\u011f\u0131 konu\u015fmada CHP lideri \u00d6zg\u00fcr \u00d6zel&#8217;e y\u00fcklendi. Bakan Kurum, &#8220;Deprem b\u00f6lgesine gelince 455 bin konut \u00d6zg\u00fcr Bey&#8217;in hayalinin bile yeti\u015femeyece\u011fi bir proje. Maketini bile yapamaz. Bo\u015f senet imzalat\u0131yorlar diyerek vatanda\u015f\u0131m\u0131z\u0131 huzursuz ediyor. \u00c7ek senet i\u015flerini siz iyi bilirsiniz \u00d6zg\u00fcr Bey!&#8221; dedi.<\/p>\n","protected":false},"author":1,"featured_media":22036,"comment_status":"open","ping_status":"open","sticky":false,"template":"","format":"standard","meta":{"footnotes":""},"categories":[12],"tags":[60,395,818,2113,385],"class_list":["post-22035","post","type-post","status-publish","format-standard","has-post-thumbnail","hentry","category-siyaset","tag-deprem","tag-is","tag-konut","tag-millet","tag-samsun"],"_links":{"self":[{"href":"https:\/\/bihavadis.com\/index.php\/wp-json\/wp\/v2\/posts\/22035","targetHints":{"allow":["GET"]}}],"collection":[{"href":"https:\/\/bihavadis.com\/index.php\/wp-json\/wp\/v2\/posts"}],"about":[{"href":"https:\/\/bihavadis.com\/index.php\/wp-json\/wp\/v2\/types\/post"}],"author":[{"embeddable":true,"href":"https:\/\/bihavadis.com\/index.php\/wp-json\/wp\/v2\/users\/1"}],"replies":[{"embeddable":true,"href":"https:\/\/bihavadis.com\/index.php\/wp-json\/wp\/v2\/comments?post=22035"}],"version-history":[{"count":1,"href":"https:\/\/bihavadis.com\/index.php\/wp-json\/wp\/v2\/posts\/22035\/revisions"}],"predecessor-version":[{"id":22042,"href":"https:\/\/bihavadis.com\/index.php\/wp-json\/wp\/v2\/posts\/22035\/revisions\/22042"}],"wp:featuredmedia":[{"embeddable":true,"href":"https:\/\/bihavadis.com\/index.php\/wp-json\/wp\/v2\/media\/22036"}],"wp:attachment":[{"href":"https:\/\/bihavadis.com\/index.php\/wp-json\/wp\/v2\/media?parent=22035"}],"wp:term":[{"taxonomy":"category","embeddable":true,"href":"https:\/\/bihavadis.com\/index.php\/wp-json\/wp\/v2\/categories?post=22035"},{"taxonomy":"post_tag","embeddable":true,"href":"https:\/\/bihavadis.com\/index.php\/wp-json\/wp\/v2\/tags?post=22035"}],"curies":[{"name":"wp","href":"https:\/\/api.w.org\/{rel}","templated":true}]}}