{"id":22050,"date":"2026-02-08T12:45:06","date_gmt":"2026-02-08T12:45:06","guid":{"rendered":"https:\/\/bihavadis.com\/?p=22050"},"modified":"2026-02-08T12:45:06","modified_gmt":"2026-02-08T12:45:06","slug":"cumhurbaskani-erdogan-pendik-belediye-baskani-ahmet-cini-kabul-etti","status":"publish","type":"post","link":"https:\/\/bihavadis.com\/index.php\/2026\/02\/08\/cumhurbaskani-erdogan-pendik-belediye-baskani-ahmet-cini-kabul-etti\/","title":{"rendered":"Cumhurba\u015fkan\u0131 Erdo\u011fan Pendik Belediye Ba\u015fkan\u0131 Ahmet Cin&#8217;i kabul etti"},"content":{"rendered":"<p>Cumhurba\u015fkan\u0131 Recep Tayyip Erdo\u011fan Cumhurba\u015fkanl\u0131\u011f\u0131 Dolmabah\u00e7e Ofisi&#8217;nde Pendik Belediye Ba\u015fkan\u0131 Ahmet Cin&#8217;i kabul etti.<\/p>\n<p>Cumhurba\u015fkan\u0131 Recep Tayyip Erdo\u011fan Cumhurba\u015fkanl\u0131\u011f\u0131 Dolmabah\u00e7e Ofisi&#8217;nde Pendik Belediye Ba\u015fkan\u0131 Ahmet Cin&#8217;i kabul etti. G\u00f6r\u00fc\u015fmede, Ba\u015fkan Cin, Pendik&#8217;te hayata ge\u00e7irilen mevcut projeler ile il\u00e7enin geli\u015fimine katk\u0131 sa\u011flayacak yeni yat\u0131r\u0131mlar\u0131 Cumhurba\u015fkan\u0131 Erdo\u011fan&#8217;a anlatt\u0131. \u00d6te yandan Ba\u015fkan Cin, Pendik Belediyesi kursiyerleri taraf\u0131ndan dokunan \u00f6zel hal\u0131y\u0131 Cumhurba\u015fkan\u0131na takdim etti.<\/p>\n<p>G\u00f6r\u00fc\u015fmeye ili\u015fkin sosyal medya hesab\u0131ndan payla\u015f\u0131mda bulunan Pendik Belediye Ba\u015fkan\u0131 Ahmet Cin, &#8220;Cumhurba\u015fkan\u0131m\u0131z Recep Tayyip Erdo\u011fan bizleri Cumhurba\u015fkanl\u0131\u011f\u0131 Dolmabah\u00e7e \u00c7al\u0131\u015fma Ofisi&#8217;nde kabul ettiler. Pendik&#8217;imizle ilgili projelerimizi arz etme imkan\u0131 sunan Say\u0131n Cumhurba\u015fkan\u0131m\u0131za, nazik kabulleri ve g\u00f6sterdikleri ilgi i\u00e7in \u015f\u00fckranlar\u0131m\u0131 arz ediyorum.Ziyaretimiz vesilesiyle, Pendik Belediyesi kursiyerlerimizin al\u0131n teri ve eme\u011fiyle dokunan \u00f6zel hal\u0131y\u0131 Cumhurba\u015fkan\u0131m\u0131za takdim ettik&#8221; ifadelerini kulland\u0131. &#8211; \u0130STANBUL<\/p>\n","protected":false},"excerpt":{"rendered":"<p>Cumhurba\u015fkan\u0131 Recep Tayyip Erdo\u011fan Cumhurba\u015fkanl\u0131\u011f\u0131 Dolmabah\u00e7e Ofisi&#8217;nde Pendik Belediye Ba\u015fkan\u0131 Ahmet Cin&#8217;i kabul etti.<\/p>\n","protected":false},"author":1,"featured_media":22051,"comment_status":"open","ping_status":"open","sticky":false,"template":"","format":"standard","meta":{"footnotes":""},"categories":[12],"tags":[516,1297],"class_list":["post-22050","post","type-post","status-publish","format-standard","has-post-thumbnail","hentry","category-siyaset","tag-baskan","tag-cumhurbaskani"],"_links":{"self":[{"href":"https:\/\/bihavadis.com\/index.php\/wp-json\/wp\/v2\/posts\/22050","targetHints":{"allow":["GET"]}}],"collection":[{"href":"https:\/\/bihavadis.com\/index.php\/wp-json\/wp\/v2\/posts"}],"about":[{"href":"https:\/\/bihavadis.com\/index.php\/wp-json\/wp\/v2\/types\/post"}],"author":[{"embeddable":true,"href":"https:\/\/bihavadis.com\/index.php\/wp-json\/wp\/v2\/users\/1"}],"replies":[{"embeddable":true,"href":"https:\/\/bihavadis.com\/index.php\/wp-json\/wp\/v2\/comments?post=22050"}],"version-history":[{"count":1,"href":"https:\/\/bihavadis.com\/index.php\/wp-json\/wp\/v2\/posts\/22050\/revisions"}],"predecessor-version":[{"id":22052,"href":"https:\/\/bihavadis.com\/index.php\/wp-json\/wp\/v2\/posts\/22050\/revisions\/22052"}],"wp:featuredmedia":[{"embeddable":true,"href":"https:\/\/bihavadis.com\/index.php\/wp-json\/wp\/v2\/media\/22051"}],"wp:attachment":[{"href":"https:\/\/bihavadis.com\/index.php\/wp-json\/wp\/v2\/media?parent=22050"}],"wp:term":[{"taxonomy":"category","embeddable":true,"href":"https:\/\/bihavadis.com\/index.php\/wp-json\/wp\/v2\/categories?post=22050"},{"taxonomy":"post_tag","embeddable":true,"href":"https:\/\/bihavadis.com\/index.php\/wp-json\/wp\/v2\/tags?post=22050"}],"curies":[{"name":"wp","href":"https:\/\/api.w.org\/{rel}","templated":true}]}}