{"id":22170,"date":"2026-02-08T14:00:05","date_gmt":"2026-02-08T14:00:05","guid":{"rendered":"https:\/\/bihavadis.com\/?p=22170"},"modified":"2026-02-08T14:00:05","modified_gmt":"2026-02-08T14:00:05","slug":"msb-sdg-ve-suriye-arasindaki-anlasmayi-memnuniyetle-karsiladik","status":"publish","type":"post","link":"https:\/\/bihavadis.com\/index.php\/2026\/02\/08\/msb-sdg-ve-suriye-arasindaki-anlasmayi-memnuniyetle-karsiladik\/","title":{"rendered":"MSB: SDG ve Suriye aras\u0131ndaki anla\u015fmay\u0131 memnuniyetle kar\u015f\u0131lad\u0131k"},"content":{"rendered":"<p>Milli Savunma Bakanl\u0131\u011f\u0131 (MSB) haftal\u0131k bilgilendirme toplant\u0131s\u0131 ger\u00e7ekle\u015ftirildi.<\/p>\n<p>Bakanl\u0131k toplant\u0131da g\u00fcndeme ili\u015fkin de\u011ferlendirmelerde bulundu.<\/p>\n<p>Ge\u00e7ti\u011fimiz g\u00fcnlerde Suriye y\u00f6netimi ile YPG aras\u0131nda ate\u015fkes ve kademeli entegrasyonu \u00f6ng\u00f6ren yeni bir mutabakata var\u0131lm\u0131\u015ft\u0131.<\/p>\n<p><strong>&#8220;SDG VE SUR\u0130YE ARASINDAK\u0130 ANLA\u015eMAYI MEMNUN\u0130YETLE KAR\u015eILADIK&#8221;<\/strong><\/p>\n<p>Suriye&#8217;deki son durumun de\u011ferlendirildi\u011fi toplant\u0131da, entegrasyon s\u00fcrecine ili\u015fkin\u00a0<em><b>&#8220;S\u00fcreci sahada yak\u0131ndan takip ediyoruz.&#8221; <\/b><\/em>ifadeleri kullan\u0131ld\u0131.<\/p>\n<p>\u00dclkede h\u00fck\u00fcmet ile SDG aras\u0131ndaki anla\u015fman\u0131n memnuniyetle kar\u015f\u0131land\u0131\u011f\u0131 belirtilerek, s\u00fcrecin\u00a0kar\u015f\u0131l\u0131kl\u0131 g\u00fcven esas\u0131na dayal\u0131 olarak y\u00fcr\u00fct\u00fclmesinin beklendi\u011fi ifade edildi.<\/p>\n<p><strong>&#8220;S\u00dcREC\u0130 SAHADA, YAKINDAN TAK\u0130P ED\u0130YORUZ&#8221;<\/strong><\/p>\n<p>Bakanl\u0131k a\u00e7\u0131klamas\u0131nda ayr\u0131ca \u015fu s\u00f6zlere yer verdi:<\/p>\n<p>30 Ocak\u2019ta Suriye H\u00fck\u00fcmeti ile SDG aras\u0131nda entegrasyona y\u00f6nelik yeni bir anla\u015fman\u0131n imzalanmas\u0131n\u0131 memnuniyetle kar\u015f\u0131l\u0131yoruz. S\u00fcreci sahada yak\u0131ndan takip ediyoruz.<\/p>\n<p>Entegrasyonun; Suriye&#8217;nin \u00fcniter yap\u0131s\u0131n\u0131 ve &#8216;tek devlet, tek ordu&#8217; ilkesini g\u00fc\u00e7lendirecek bi\u00e7imde hayata ge\u00e7irilmesinin \u00f6nemini bir kez daha vurguluyor, planlanan t\u00fcm faaliyetlerin \u015feffafl\u0131k ve kar\u015f\u0131l\u0131kl\u0131 g\u00fcven esas\u0131na dayal\u0131 olarak y\u00fcr\u00fct\u00fclmesini bekliyoruz.<\/p>\n<p><strong>&#8220;B\u00d6LGEDE HUZUR ORTAMININ EN KISA S\u00dcREDE TES\u0130S ED\u0130LMES\u0130N\u0130 TEMENN\u0130 ED\u0130YORUZ&#8221;<\/strong><\/p>\n<p>B\u00f6lge halk\u0131n\u0131n uzun s\u00fcredir \u00f6zlem duydu\u011fu bar\u0131\u015f, huzur ve istikrar ortam\u0131n\u0131n en k\u0131sa s\u00fcrede tesis edilmesini temenni ediyoruz.<\/p>\n<p>Entegrasyon s\u00fcreci kapsam\u0131nda yap\u0131lacak g\u00f6revlendirmelerin ise, Suriye makamlar\u0131n\u0131n devlet akl\u0131yla yapaca\u011f\u0131 de\u011ferlendirmeler ve olumlu sonu\u00e7lanacak g\u00fcvenlik soru\u015fturmalar\u0131 temelinde ger\u00e7ekle\u015ftirilece\u011fini de\u011ferlendiriyoruz.<\/p>\n<p><em><b>AYRINTILAR GEL\u0130YOR&#8230;<\/b><\/em><\/p>\n","protected":false},"excerpt":{"rendered":"<p>Suriye h\u00fck\u00fcmeti ile SDG aras\u0131nda var\u0131lan mutabakat\u0131n ard\u0131ndan s\u00fcrecin yak\u0131ndan takip edildi\u011fini belirten Milli Savunma Bakanl\u0131\u011f\u0131, b\u00f6lge halk\u0131n\u0131n \u00f6zlem duydu\u011fu bar\u0131\u015f ve huzur ortam\u0131n\u0131n en k\u0131sa s\u00fcrede tesis edilmesinin temenni edildi\u011fi ifade edildi.<\/p>\n","protected":false},"author":1,"featured_media":22171,"comment_status":"open","ping_status":"open","sticky":false,"template":"","format":"standard","meta":{"footnotes":""},"categories":[9,13],"tags":[1341,2036,361],"class_list":["post-22170","post","type-post","status-publish","format-standard","has-post-thumbnail","hentry","category-genel","category-son-dakika","tag-entegrasyon","tag-sureci","tag-suriye"],"_links":{"self":[{"href":"https:\/\/bihavadis.com\/index.php\/wp-json\/wp\/v2\/posts\/22170","targetHints":{"allow":["GET"]}}],"collection":[{"href":"https:\/\/bihavadis.com\/index.php\/wp-json\/wp\/v2\/posts"}],"about":[{"href":"https:\/\/bihavadis.com\/index.php\/wp-json\/wp\/v2\/types\/post"}],"author":[{"embeddable":true,"href":"https:\/\/bihavadis.com\/index.php\/wp-json\/wp\/v2\/users\/1"}],"replies":[{"embeddable":true,"href":"https:\/\/bihavadis.com\/index.php\/wp-json\/wp\/v2\/comments?post=22170"}],"version-history":[{"count":1,"href":"https:\/\/bihavadis.com\/index.php\/wp-json\/wp\/v2\/posts\/22170\/revisions"}],"predecessor-version":[{"id":22172,"href":"https:\/\/bihavadis.com\/index.php\/wp-json\/wp\/v2\/posts\/22170\/revisions\/22172"}],"wp:featuredmedia":[{"embeddable":true,"href":"https:\/\/bihavadis.com\/index.php\/wp-json\/wp\/v2\/media\/22171"}],"wp:attachment":[{"href":"https:\/\/bihavadis.com\/index.php\/wp-json\/wp\/v2\/media?parent=22170"}],"wp:term":[{"taxonomy":"category","embeddable":true,"href":"https:\/\/bihavadis.com\/index.php\/wp-json\/wp\/v2\/categories?post=22170"},{"taxonomy":"post_tag","embeddable":true,"href":"https:\/\/bihavadis.com\/index.php\/wp-json\/wp\/v2\/tags?post=22170"}],"curies":[{"name":"wp","href":"https:\/\/api.w.org\/{rel}","templated":true}]}}