{"id":22203,"date":"2026-02-08T14:30:09","date_gmt":"2026-02-08T14:30:09","guid":{"rendered":"https:\/\/bihavadis.com\/?p=22203"},"modified":"2026-02-08T14:30:09","modified_gmt":"2026-02-08T14:30:09","slug":"ak-partiden-nafaka-formulu","status":"publish","type":"post","link":"https:\/\/bihavadis.com\/index.php\/2026\/02\/08\/ak-partiden-nafaka-formulu\/","title":{"rendered":"AK Parti&#8217;den nafaka form\u00fcl\u00fc"},"content":{"rendered":"<p>Nafaka sorunu, T\u00fcrkiye&#8217;de kronik bir hale geldi.\u00a0<\/p>\n<p>Bir\u00e7ok ki\u015fi bo\u015fand\u0131ktan y\u0131llar sonra bile nafaka \u00f6demeye devam ediyor&#8230;<\/p>\n<p>\u00dcnl\u00fcler camias\u0131nda ise \u00fctopik rakamda nafakalar \u00f6deniyor ve toplumda da nafaka sorununun artmas\u0131na olanak sa\u011fl\u0131yor.\u00a0<\/p>\n<p>Bu konunun sona ermesi ad\u0131na da AK Parti, yeni bir d\u00fczenleme i\u00e7in harekete ge\u00e7ti.<\/p>\n<p><strong>S\u00dcRES\u0130Z NAFAKANIN SONA ERMES\u0130 \u0130\u00c7\u0130N G\u00d6ZLER MECL\u0130S&#8217;TE<\/strong><\/p>\n<p>AK Parti kurmaylar\u0131, d\u00fczenlemede sona yakla\u015fm\u0131\u015f durumda&#8230;<\/p>\n<p>Bo\u015fanma davalar\u0131n\u0131n uzun s\u00fcrmesi ve s\u00fcresiz nafakan\u0131n yol a\u00e7t\u0131\u011f\u0131 ma\u011fduriyetler nedeniyle yap\u0131lan \u00e7al\u0131\u015fmada, s\u00fcresiz nafakan\u0131n kald\u0131r\u0131lmas\u0131 g\u00fcndemde.\u00a0<\/p>\n<p>AK Parti kurmaylar\u0131, d\u00fczenlemeyi k\u0131sa s\u00fcre i\u00e7erisinde Meclis&#8217;e getirecek.\u00a0<\/p>\n<p><img decoding=\"async\" src=\"https:\/\/bihavadis.com\/wp-content\/uploads\/2026\/02\/ak-partiden-nafaka-formulu-0-3j4LL8OX.jpg\"\/><\/p>\n<p><strong>NELER DE\u011e\u0130\u015eECEK<\/strong><\/p>\n<p>1. \u00c7al\u0131\u015fma kapsam\u0131nda nafaka uygulamas\u0131 i\u00e7in bir s\u0131n\u0131r \u00e7izilecek.\u00a0<\/p>\n<p>2. Bu kapsamda da nafaka \u00f6denmesinde evlilik s\u00fcresinin dikkate al\u0131nmas\u0131 planlan\u0131yor.\u00a0<\/p>\n<p>3. 3 y\u0131l evli kalanlara 5 y\u0131l, 5 y\u0131l evli kalanlara 7 y\u0131l, 10 y\u0131l evli kalanlara 12 y\u0131l nafaka verilmesi d\u00fczenleme i\u00e7erisinde yer al\u0131yor.\u00a0<\/p>\n<p>4. Nafaka kesildi\u011finde ma\u011fdur olacak kad\u0131nlara ise sosyal yard\u0131m verilmesi planlan\u0131yor.<\/p>\n<p>5. \u00c7eki\u015fmeli bo\u015fanma davalar\u0131n\u0131n azalt\u0131lmas\u0131 i\u00e7in \u00f6nlem al\u0131nacak. Davan\u0131n uzamas\u0131na neden olan unsurlar i\u00e7in de ayr\u0131 dava a\u00e7\u0131lacak.\u00a0<\/p>\n<p><strong>&#8220;TARAFLAR ARASINDA NEFRET OLU\u015eUYOR&#8221;<\/strong><\/p>\n<p>K\u0131sa s\u00fcreli evliliklerde nafaka \u00f6denmesinin taraflar aras\u0131nda bir nefret durumu olu\u015ftu\u011fu da belirtildi.\u00a0<\/p>\n<p><img decoding=\"async\" src=\"https:\/\/bihavadis.com\/wp-content\/uploads\/2026\/02\/ak-partiden-nafaka-formulu-1-IKsAixSN.jpg\"\/><\/p>\n<p><strong>UZMAN G\u00d6R\u00dc\u015eLER\u0130 DE ALINACAK<\/strong><\/p>\n<p>\u00c7al\u0131\u015fma kapsam\u0131nda da akademisyenlerin ve sivil toplum kurulu\u015flar\u0131n\u0131n g\u00f6r\u00fc\u015fleri al\u0131nacak.\u00a0<\/p>\n<p>G\u00f6r\u00fc\u015fmelerin ard\u0131ndan da d\u00fczenlemeye son hali verilecek ve bu y\u0131l bitmeden Meclis&#8217;e sunulacak.\u00a0<\/p>\n<p>D\u00fczenleme Aile Hukuku&#8217;na ili\u015fkin haz\u0131rlanacak paketin i\u00e7inde yer alacak.\u00a0<\/p>\n<p><img decoding=\"async\" src=\"https:\/\/bihavadis.com\/wp-content\/uploads\/2026\/02\/ak-partiden-nafaka-formulu-2-Ge5i9y1h.jpg\"\/><\/p>\n<p><strong>CUMHURBA\u015eKANI ERDO\u011eAN &#8220;NAFAKA&#8221; \u0130\u00c7\u0130N YEN\u0130 REFORM S\u0130NYAL\u0130 VERM\u0130\u015eT\u0130<\/strong><\/p>\n<p>Cumhurba\u015fkan\u0131 Erdo\u011fan, aile mahkemelerinin yap\u0131s\u0131ndan bo\u015fanma ve nafaka s\u00fcre\u00e7lerine kadar geni\u015f kapsaml\u0131 reformlar\u0131n planland\u0131\u011f\u0131n\u0131 ifade etmi\u015fti.<\/p>\n<p>Cumhurba\u015fkan\u0131 Erdo\u011fan, <em><b>&#8220;2025&#8217;i aile y\u0131l\u0131 ilan etmi\u015ftik. Y\u0131l boyu \u00f6nemli \u00e7al\u0131\u015fmalar yapaca\u011f\u0131m\u0131z\u0131 ilan etmi\u015ftik. Aile hukukunda uygulama kaynakl\u0131 sorunlara y\u00f6nelik bir\u00e7ok tedbiri hayata ge\u00e7irece\u011fiz. <\/b><\/em><\/p>\n<p><em><b>Aile mahkemelerinin kurulu ve yarg\u0131lama usul\u00fcnden, bo\u015fanma ve nafaka usul\u00fcne kadar yeni reformlar yapmay\u0131 planl\u0131yoruz.<\/b><\/em>&#8221; demi\u015fti.\u00a0<\/p>\n<p><img decoding=\"async\" src=\"https:\/\/bihavadis.com\/wp-content\/uploads\/2026\/02\/ak-partiden-nafaka-formulu-3-VgElLcxV.jpg\"\/><\/p>\n<p><strong>\u015e\u0130KAYETLER ARTTI<\/strong><\/p>\n<p>Toplumda nafaka \u00f6deyenlerin \u015fikayetleri her ge\u00e7en g\u00fcn artmaya devam ediyor.\u00a0<\/p>\n<p>Nafaka \u00f6dedi\u011fi i\u00e7in ma\u011fdur olanlar, bu duruma el at\u0131lmas\u0131 i\u00e7in Meclis&#8217;e de defalarca dilek\u00e7e verdi.\u00a0<\/p>\n<p>Son zamanlarda organ nakli ameliyat\u0131 ile g\u00fcndem olan Ufuk \u00d6zkan da, \u00f6dedi\u011fi nafakadan dert yanm\u0131\u015f ve \u015f\u00f6yle demi\u015fti;\u00a0<\/p>\n<p><strong>&#8220;H\u0130\u00c7 HARCAMA YAPMASAM B\u0130LE BU M\u0130KTARI \u00d6DEYEMEM&#8221; <\/strong><\/p>\n<p>Minimal ya\u015fayam\u0131yorum. Biliyorsunuz, 2 sene \u00f6nce bo\u015fand\u0131m. Nafakam 45 bin TL&#8217;den 74 bin TL&#8217;ye \u00e7\u0131kt\u0131. \u015eimdi de 114 bin TL oldu. Ben ayda 114 bin TL kazanm\u0131yorum ki, nafakay\u0131 nas\u0131l \u00f6deyeyim? Zaten nafaka d\u00fc\u015f\u00fcrme davas\u0131 a\u00e7t\u0131m. <\/p>\n<p>Yani hi\u00e7 harcama yapmasam da bu miktar\u0131 \u00f6deyemem. Ben tiyatro yap\u0131yorum. Gelirim tabii ki dizide \u00e7al\u0131\u015ft\u0131\u011f\u0131m d\u00f6nemlere g\u00f6re ciddi anlamda d\u00fc\u015ft\u00fc. Sa\u011fl\u0131\u011f\u0131m i\u00e7in dizi yapm\u0131yorum.<\/p>\n<p><img decoding=\"async\" src=\"https:\/\/bihavadis.com\/wp-content\/uploads\/2026\/02\/ak-partiden-nafaka-formulu-4-xM6p8r7L.jpg\"\/><\/p>\n","protected":false},"excerpt":{"rendered":"<p>AK Parti Grubu, uzun zamand\u0131r g\u00fcndemde olan ve bir\u00e7ok ki\u015fiyi de ma\u011fdur eden nafakaya bir \u00e7\u00f6z\u00fcm bulmak i\u00e7in haz\u0131rlad\u0131\u011f\u0131 d\u00fczenlemede sona geldi. AK Parti kurmaylar\u0131n\u0131n d\u00fczenlemeyi k\u0131sa s\u00fcre i\u00e7erisinde Meclis&#8217;e sunmas\u0131 bekleniyor.<\/p>\n","protected":false},"author":1,"featured_media":22204,"comment_status":"open","ping_status":"open","sticky":false,"template":"","format":"standard","meta":{"footnotes":""},"categories":[9,13],"tags":[250,425,2732,3911,544],"class_list":["post-22203","post","type-post","status-publish","format-standard","has-post-thumbnail","hentry","category-genel","category-son-dakika","tag-aile","tag-dava","tag-duzenleme","tag-nafaka","tag-sure"],"_links":{"self":[{"href":"https:\/\/bihavadis.com\/index.php\/wp-json\/wp\/v2\/posts\/22203","targetHints":{"allow":["GET"]}}],"collection":[{"href":"https:\/\/bihavadis.com\/index.php\/wp-json\/wp\/v2\/posts"}],"about":[{"href":"https:\/\/bihavadis.com\/index.php\/wp-json\/wp\/v2\/types\/post"}],"author":[{"embeddable":true,"href":"https:\/\/bihavadis.com\/index.php\/wp-json\/wp\/v2\/users\/1"}],"replies":[{"embeddable":true,"href":"https:\/\/bihavadis.com\/index.php\/wp-json\/wp\/v2\/comments?post=22203"}],"version-history":[{"count":1,"href":"https:\/\/bihavadis.com\/index.php\/wp-json\/wp\/v2\/posts\/22203\/revisions"}],"predecessor-version":[{"id":22210,"href":"https:\/\/bihavadis.com\/index.php\/wp-json\/wp\/v2\/posts\/22203\/revisions\/22210"}],"wp:featuredmedia":[{"embeddable":true,"href":"https:\/\/bihavadis.com\/index.php\/wp-json\/wp\/v2\/media\/22204"}],"wp:attachment":[{"href":"https:\/\/bihavadis.com\/index.php\/wp-json\/wp\/v2\/media?parent=22203"}],"wp:term":[{"taxonomy":"category","embeddable":true,"href":"https:\/\/bihavadis.com\/index.php\/wp-json\/wp\/v2\/categories?post=22203"},{"taxonomy":"post_tag","embeddable":true,"href":"https:\/\/bihavadis.com\/index.php\/wp-json\/wp\/v2\/tags?post=22203"}],"curies":[{"name":"wp","href":"https:\/\/api.w.org\/{rel}","templated":true}]}}