{"id":22257,"date":"2026-02-08T15:12:06","date_gmt":"2026-02-08T15:12:06","guid":{"rendered":"https:\/\/bihavadis.com\/?p=22257"},"modified":"2026-02-08T15:12:06","modified_gmt":"2026-02-08T15:12:06","slug":"yuksekovada-kayakli-kosu-yarismasi-tamamlandi","status":"publish","type":"post","link":"https:\/\/bihavadis.com\/index.php\/2026\/02\/08\/yuksekovada-kayakli-kosu-yarismasi-tamamlandi\/","title":{"rendered":"Y\u00fcksekova&#8217;da Kayakl\u0131 Ko\u015fu Yar\u0131\u015fmas\u0131 Tamamland\u0131"},"content":{"rendered":"<p> T\u00fcrkiye Kayak Federasyonu taraf\u0131ndan &#8220;Bar\u0131\u015f ve Karde\u015flik&#8221; slogan\u0131yla Hakkari&#8217;nin Y\u00fcksekova il\u00e7esinde d\u00fczenlenen Kayakl\u0131 Ko\u015fu 1. Etap Yar\u0131\u015fmas\u0131 tamamland\u0131.<\/p>\n<p>Kam\u0131\u015fl\u0131 k\u00f6y\u00fcndeki Sporcu Kamp E\u011fitim Merkezi&#8217;nde 6 kategoride d\u00fczenlenen organizasyona, 19 ilden yakla\u015f\u0131k 260 sporcu kat\u0131ld\u0131.<\/p>\n<p>\u0130kinci g\u00fcn kar ya\u011f\u0131\u015f\u0131 alt\u0131nda yap\u0131lan m\u00fcsabakalarda serbest stilde yar\u0131\u015fan sporcular, dereceye girmek i\u00e7in k\u0131yas\u0131ya m\u00fccadele etti.<\/p>\n<p>Sporcu ve antren\u00f6rler, zaman zaman halay \u00e7ekti, Karadeniz y\u00f6resine ait oyunlar oynad\u0131.<\/p>\n<p>Yar\u0131\u015flar\u0131n tamamlanmas\u0131n\u0131n ard\u0131ndan d\u00fczenlenen \u00f6d\u00fcl t\u00f6reninde konu\u015fan Kaymakam Mustafa Ak\u0131n, organizasyona ev sahipli\u011fi yapman\u0131n mutlulu\u011funu ve heyecan\u0131n\u0131 ya\u015fad\u0131klar\u0131n\u0131 s\u00f6yledi.<\/p>\n<p>Yar\u0131\u015fman\u0131n iki g\u00fcn s\u00fcrd\u00fc\u011f\u00fcn\u00fc belirten Ak\u0131n, &#8220;D\u00fcnden beridir \u00e7ok g\u00fczel bir etkinlik ger\u00e7ekle\u015fiyor. Hem gen\u00e7lerimiz e\u011flendi hem de vatanda\u015flar\u0131m\u0131z i\u00e7in farkl\u0131 bir etkinlik oldu. \u0130l\u00e7emiz i\u00e7in \u00f6nemli bir organazisyondu. \u0130n\u015fallah \u00f6n\u00fcm\u00fczdeki y\u0131llarda bu t\u00fcr etkinlikler ilerleyerek devam edecektir. Kat\u0131lan herkese te\u015fekk\u00fcr ederiz.&#8221; diye konu\u015ftu.<\/p>\n<p>Organizasyona Bolu&#8217;dan gelen sporculardan Abdulsamet Y\u0131lmaz, yar\u0131\u015f\u0131n g\u00fczel ge\u00e7ti\u011fini dile getirerek, &#8220;Bolu&#8217;dan 13 ki\u015fiyle geldik. Burada g\u00fczel kar\u015f\u0131land\u0131k. Bu t\u00fcr organizasyonlarda di\u011fer arkada\u015flarla da sosyalle\u015fiyoruz. Buradaki ortam da g\u00fczel. Baya\u011f\u0131 kar var. Farkl\u0131 illerden sporcu ve antren\u00f6rler var. Burada da ilk g\u00fcn birinci, ikinci g\u00fcn \u00fc\u00e7\u00fcnc\u00fc oldum.&#8221; ifadelerini kulland\u0131.<\/p>\n<p>Protokol \u00fcyeleri taraf\u0131ndan dereceye giren sporculara madalyalar\u0131n\u0131n verilmesiyle sona eren t\u00f6rene Cumhuriyet Ba\u015fsavc\u0131s\u0131 R\u0131za \u00dcnal, Gen\u00e7lik ve Spor \u0130l M\u00fcd\u00fcr\u00fc Emin Y\u0131ld\u0131r\u0131m, AK Parti \u0130l Ba\u015fkan\u0131 Zeydin Kaya, AK Parti \u0130l Koordinat\u00f6r\u00fc Bahattin Y\u0131ld\u0131z, sivil toplum kurulu\u015fu temsilcileri, sporcu, antren\u00f6r ve vatanda\u015flar kat\u0131ld\u0131.<\/p>\n","protected":false},"excerpt":{"rendered":"<p>Hakkari&#8217;de d\u00fczenlenen Kayakl\u0131 Ko\u015fu 1. Etap Yar\u0131\u015fmas\u0131, yakla\u015f\u0131k 260 sporcu ile ba\u015far\u0131yla sonland\u0131.<\/p>\n","protected":false},"author":1,"featured_media":22258,"comment_status":"open","ping_status":"open","sticky":false,"template":"","format":"standard","meta":{"footnotes":""},"categories":[14],"tags":[297,1288],"class_list":["post-22257","post","type-post","status-publish","format-standard","has-post-thumbnail","hentry","category-spor","tag-kar","tag-sporcu"],"_links":{"self":[{"href":"https:\/\/bihavadis.com\/index.php\/wp-json\/wp\/v2\/posts\/22257","targetHints":{"allow":["GET"]}}],"collection":[{"href":"https:\/\/bihavadis.com\/index.php\/wp-json\/wp\/v2\/posts"}],"about":[{"href":"https:\/\/bihavadis.com\/index.php\/wp-json\/wp\/v2\/types\/post"}],"author":[{"embeddable":true,"href":"https:\/\/bihavadis.com\/index.php\/wp-json\/wp\/v2\/users\/1"}],"replies":[{"embeddable":true,"href":"https:\/\/bihavadis.com\/index.php\/wp-json\/wp\/v2\/comments?post=22257"}],"version-history":[{"count":1,"href":"https:\/\/bihavadis.com\/index.php\/wp-json\/wp\/v2\/posts\/22257\/revisions"}],"predecessor-version":[{"id":22259,"href":"https:\/\/bihavadis.com\/index.php\/wp-json\/wp\/v2\/posts\/22257\/revisions\/22259"}],"wp:featuredmedia":[{"embeddable":true,"href":"https:\/\/bihavadis.com\/index.php\/wp-json\/wp\/v2\/media\/22258"}],"wp:attachment":[{"href":"https:\/\/bihavadis.com\/index.php\/wp-json\/wp\/v2\/media?parent=22257"}],"wp:term":[{"taxonomy":"category","embeddable":true,"href":"https:\/\/bihavadis.com\/index.php\/wp-json\/wp\/v2\/categories?post=22257"},{"taxonomy":"post_tag","embeddable":true,"href":"https:\/\/bihavadis.com\/index.php\/wp-json\/wp\/v2\/tags?post=22257"}],"curies":[{"name":"wp","href":"https:\/\/api.w.org\/{rel}","templated":true}]}}