{"id":22284,"date":"2026-02-08T15:39:20","date_gmt":"2026-02-08T15:39:20","guid":{"rendered":"https:\/\/bihavadis.com\/?p=22284"},"modified":"2026-02-08T15:39:20","modified_gmt":"2026-02-08T15:39:20","slug":"galatasaraydan-sacha-boey-hamlesi","status":"publish","type":"post","link":"https:\/\/bihavadis.com\/index.php\/2026\/02\/08\/galatasaraydan-sacha-boey-hamlesi\/","title":{"rendered":"Galatasaray&#8217;dan Sacha Boey hamlesi"},"content":{"rendered":"<p>Noa Lang, Asprilla ve Nhaga&#8217;y\u0131 renklerine ba\u011flayan Galatasaray, yar\u0131n gece sona erecek ara transfer d\u00f6nemi \u00f6ncesi son bir s\u00fcrpriz pe\u015finde.<\/p>\n<p>TRT Spor&#8217;da yer alan habere g\u00f6re Galatasaray, eski futbolcusu Sacha Boey&#8217;u kadrosuna katmak i\u00e7in harekete ge\u00e7ti.<\/p>\n<p><strong>GALATASARAY, BAYERN M\u00dcN\u0130H&#8217;LE TEMASA GE\u00c7T\u0130: BOEY GER\u0130 D\u00d6N\u00dcYOR<\/strong><\/p>\n<p>Sar\u0131-k\u0131rm\u0131z\u0131l\u0131lar\u0131n, 25 ya\u015f\u0131ndaki futbolcuyu kiralamak i\u00e7in Bayern M\u00fcnih&#8217;le g\u00f6r\u00fc\u015fmelere ba\u015flad\u0131\u011f\u0131 aktar\u0131ld\u0131.<\/p>\n<p>Galatasaray, Sacha Boey transferi i\u00e7in Bayern M\u00fcnih ve oyuncu taraf\u0131yla anla\u015fma sa\u011flad\u0131.<\/p>\n<p>Sacha Boey ve temsilcisi bug\u00fcn \u0130stanbul\u2019da olacak.<\/p>\n<p><img decoding=\"async\" src=\"https:\/\/bihavadis.com\/wp-content\/uploads\/2026\/02\/galatasaraydan-sacha-boey-hamlesi-0-c7Fri2sA.jpg\"\/><\/p>\n<p><strong>&#8216;BOEY&#8217;\u0130 B\u0130ZE K\u0130RALAYIN&#8217;<\/strong><\/p>\n<p>Galatasaray, Boey&#8217;i Ocak 2024&#8217;te 30 milyon euro bedelle Bayern M\u00fcnih&#8217;e satm\u0131\u015ft\u0131.<\/p>\n<p>Bayern M\u00fcnih formas\u0131 alt\u0131nda bu sezon 15 ma\u00e7ta s\u00fcre bulan Sacha Boey, 1 asist yapt\u0131.<\/p>\n<p>G\u00fcncel piyasa de\u011feri 15 milyon euro olarak g\u00f6sterilen Boey&#8217;un, Bayern M\u00fcnih ile s\u00f6zle\u015fmesi 2028 y\u0131l\u0131na kadar devam ediyor.<\/p>\n<p><img decoding=\"async\" src=\"https:\/\/bihavadis.com\/wp-content\/uploads\/2026\/02\/galatasaraydan-sacha-boey-hamlesi-1-bvaczc74.jpg\"\/><\/p>\n","protected":false},"excerpt":{"rendered":"<p>Galatasaray&#8217;dan transfer d\u00f6neminin kapanmas\u0131na saatler kala \u00e7arp\u0131c\u0131 bir hamle geldi. Sar\u0131-k\u0131rm\u0131z\u0131l\u0131lar, eski futbolcusu Sacha Boey&#8217;u kiralamak i\u00e7in Bayern M\u00fcnih ile masaya oturdu.<\/p>\n","protected":false},"author":1,"featured_media":22285,"comment_status":"open","ping_status":"open","sticky":false,"template":"","format":"standard","meta":{"footnotes":""},"categories":[14],"tags":[3922,3921,496],"class_list":["post-22284","post","type-post","status-publish","format-standard","has-post-thumbnail","hentry","category-spor","tag-bayern-munih","tag-boey","tag-galatasaray"],"_links":{"self":[{"href":"https:\/\/bihavadis.com\/index.php\/wp-json\/wp\/v2\/posts\/22284","targetHints":{"allow":["GET"]}}],"collection":[{"href":"https:\/\/bihavadis.com\/index.php\/wp-json\/wp\/v2\/posts"}],"about":[{"href":"https:\/\/bihavadis.com\/index.php\/wp-json\/wp\/v2\/types\/post"}],"author":[{"embeddable":true,"href":"https:\/\/bihavadis.com\/index.php\/wp-json\/wp\/v2\/users\/1"}],"replies":[{"embeddable":true,"href":"https:\/\/bihavadis.com\/index.php\/wp-json\/wp\/v2\/comments?post=22284"}],"version-history":[{"count":1,"href":"https:\/\/bihavadis.com\/index.php\/wp-json\/wp\/v2\/posts\/22284\/revisions"}],"predecessor-version":[{"id":22288,"href":"https:\/\/bihavadis.com\/index.php\/wp-json\/wp\/v2\/posts\/22284\/revisions\/22288"}],"wp:featuredmedia":[{"embeddable":true,"href":"https:\/\/bihavadis.com\/index.php\/wp-json\/wp\/v2\/media\/22285"}],"wp:attachment":[{"href":"https:\/\/bihavadis.com\/index.php\/wp-json\/wp\/v2\/media?parent=22284"}],"wp:term":[{"taxonomy":"category","embeddable":true,"href":"https:\/\/bihavadis.com\/index.php\/wp-json\/wp\/v2\/categories?post=22284"},{"taxonomy":"post_tag","embeddable":true,"href":"https:\/\/bihavadis.com\/index.php\/wp-json\/wp\/v2\/tags?post=22284"}],"curies":[{"name":"wp","href":"https:\/\/api.w.org\/{rel}","templated":true}]}}