{"id":22327,"date":"2026-02-08T16:24:06","date_gmt":"2026-02-08T16:24:06","guid":{"rendered":"https:\/\/bihavadis.com\/?p=22327"},"modified":"2026-02-08T16:24:06","modified_gmt":"2026-02-08T16:24:06","slug":"matli-sirketler-grubu-gulfood-2026da-urunlerini-sergiledi","status":"publish","type":"post","link":"https:\/\/bihavadis.com\/index.php\/2026\/02\/08\/matli-sirketler-grubu-gulfood-2026da-urunlerini-sergiledi\/","title":{"rendered":"Matl\u0131 \u015eirketler Grubu, Gulfood 2026&#8217;da \u00dcr\u00fcnlerini Sergiledi"},"content":{"rendered":"<p>Matl\u0131 \u015eirketler Grubu, Y\u00f6rsan ve Keskino\u011flu markalar\u0131yla 25-30 Ocak tarihleri aras\u0131nda Dubai&#8217;de d\u00fczenlenen Gulfood 2026&#8217;da, \u00fcr\u00fcnlerini sergiledi.<\/p>\n<p>Matl\u0131 \u015eirketler Grubundan yap\u0131lan a\u00e7\u0131klamaya g\u00f6re, Dubai World Trade Centre&#8217;daki fuarda yer alan \u015firketin stantlar\u0131, sekt\u00f6r profesyonellerinden yo\u011fun ilgi g\u00f6rd\u00fc.<\/p>\n<p>Matl\u0131 \u015eirketler Grubu \u00e7at\u0131s\u0131 alt\u0131nda faaliyet g\u00f6steren Y\u00f6rsan, geleneksel ve modern s\u00fct \u00fcr\u00fcnlerinden olu\u015fan geni\u015f \u00fcr\u00fcn yelpazesini uluslararas\u0131 ziyaret\u00e7ilerin be\u011fenisine sunarken, Keskino\u011flu, entegre tavuk\u00e7uluk yap\u0131s\u0131n\u0131, pili\u00e7 eti ve yumurta \u00fcr\u00fcnlerini fuarda tan\u0131tt\u0131.<\/p>\n<p>A\u00e7\u0131klamada de\u011ferlendirmelerine yer verilen Matl\u0131 \u015eirketler Grubu Y\u00f6netim Kurulu Ba\u015fkan\u0131 \u00d6zer Matl\u0131, Gulfood 2026&#8217;da T\u00fcrkiye&#8217;yi temsil etmekten gurur duyduklar\u0131n\u0131 belirtti.<\/p>\n<p>Fuarda mevcut i\u015f ortaklar\u0131yla ili\u015fkileri g\u00fc\u00e7lendirdiklerini ve yeni i\u015fbirlikleri i\u00e7in \u00f6nemli g\u00f6r\u00fc\u015fmeler ger\u00e7ekle\u015ftirdiklerini aktaran Matl\u0131, \u015funlar\u0131 kaydetti: <\/p>\n<p>&#8220;2027 y\u0131l\u0131nda Matl\u0131 \u015eirketler Grubu b\u00fcnyesinde yer alan t\u00fcm firmalar\u0131m\u0131zla fuara kat\u0131lmay\u0131 hedefliyoruz. T\u00fcrk g\u0131da sekt\u00f6r\u00fcn\u00fcn uluslararas\u0131 pazarlardaki g\u00fcc\u00fcn\u00fc g\u00f6stermenin yan\u0131 s\u0131ra T\u00fcrkiye&#8217;nin protein ihtiyac\u0131n\u0131 kar\u015f\u0131layan g\u00fc\u00e7l\u00fc bir g\u0131da markas\u0131 olma vizyonumuz do\u011frultusunda \u00e7al\u0131\u015fmalar\u0131m\u0131z\u0131 s\u00fcrd\u00fcr\u00fcyoruz. &#8216;Sa\u011fl\u0131kl\u0131 nesiller, kaliteli ya\u015famlar&#8217; misyonuyla \u00fcretimden t\u00fcketime t\u00fcm s\u00fcre\u00e7lerimizi bu anlay\u0131\u015fla \u015fekillendiriyor, s\u00fcrd\u00fcr\u00fclebilir ve kaliteli \u00fcretimle \u00fclke ekonomisine ve toplumsal ya\u015fama katma de\u011fer sa\u011flamaya devam ediyoruz.&#8221;<\/p>\n<p>Matl\u0131 \u015eirketler Grubu Genel M\u00fcd\u00fcr\u00fc \u00d6nder Matl\u0131 da fuar\u0131n d\u00fcnya g\u0131da sekt\u00f6r\u00fcn\u00fcn en \u00f6nemli bulu\u015fma noktalar\u0131ndan biri oldu\u011funa dikkati \u00e7ekerek, \u015funlar\u0131 ifade etti: <\/p>\n<p>&#8220;Bu y\u00f6n\u00fcyle markalar\u0131m\u0131z\u0131n k\u00fcresel tan\u0131t\u0131m\u0131 a\u00e7\u0131s\u0131ndan kritik bir platform. Matl\u0131 \u015eirketler Grubu olarak, 6 k\u0131tada 66 \u00fclkeye ihracat ger\u00e7ekle\u015ftiriyoruz. Fuarda, farkl\u0131 co\u011frafyalardan gelen ziyaret\u00e7ilerle yeni pazar f\u0131rsatlar\u0131n\u0131 de\u011ferlendirdik ve \u00fcr\u00fcn portf\u00f6y\u00fcm\u00fcz\u00fc global al\u0131c\u0131larla bulu\u015fturduk. \u00d6zellikle Orta Do\u011fu ba\u015fta olmak \u00fczere yak\u0131n co\u011frafyadaki \u00fclkelerle i\u015fbirliklerimizi g\u00fc\u00e7lendirmeyi hedefliyoruz.&#8221;<\/p>\n","protected":false},"excerpt":{"rendered":"<p>Matl\u0131, Y\u00f6rsan ve Keskino\u011flu markalar\u0131yla Dubai&#8217;de d\u00fczenlenen Gulfood 2026&#8217;da yer ald\u0131.<\/p>\n","protected":false},"author":1,"featured_media":22328,"comment_status":"open","ping_status":"open","sticky":false,"template":"","format":"standard","meta":{"footnotes":""},"categories":[8],"tags":[3923,460],"class_list":["post-22327","post","type-post","status-publish","format-standard","has-post-thumbnail","hentry","category-ekonomi","tag-matli-sirketler-grubu","tag-urun"],"_links":{"self":[{"href":"https:\/\/bihavadis.com\/index.php\/wp-json\/wp\/v2\/posts\/22327","targetHints":{"allow":["GET"]}}],"collection":[{"href":"https:\/\/bihavadis.com\/index.php\/wp-json\/wp\/v2\/posts"}],"about":[{"href":"https:\/\/bihavadis.com\/index.php\/wp-json\/wp\/v2\/types\/post"}],"author":[{"embeddable":true,"href":"https:\/\/bihavadis.com\/index.php\/wp-json\/wp\/v2\/users\/1"}],"replies":[{"embeddable":true,"href":"https:\/\/bihavadis.com\/index.php\/wp-json\/wp\/v2\/comments?post=22327"}],"version-history":[{"count":1,"href":"https:\/\/bihavadis.com\/index.php\/wp-json\/wp\/v2\/posts\/22327\/revisions"}],"predecessor-version":[{"id":22329,"href":"https:\/\/bihavadis.com\/index.php\/wp-json\/wp\/v2\/posts\/22327\/revisions\/22329"}],"wp:featuredmedia":[{"embeddable":true,"href":"https:\/\/bihavadis.com\/index.php\/wp-json\/wp\/v2\/media\/22328"}],"wp:attachment":[{"href":"https:\/\/bihavadis.com\/index.php\/wp-json\/wp\/v2\/media?parent=22327"}],"wp:term":[{"taxonomy":"category","embeddable":true,"href":"https:\/\/bihavadis.com\/index.php\/wp-json\/wp\/v2\/categories?post=22327"},{"taxonomy":"post_tag","embeddable":true,"href":"https:\/\/bihavadis.com\/index.php\/wp-json\/wp\/v2\/tags?post=22327"}],"curies":[{"name":"wp","href":"https:\/\/api.w.org\/{rel}","templated":true}]}}