{"id":22403,"date":"2026-02-08T17:15:06","date_gmt":"2026-02-08T17:15:06","guid":{"rendered":"https:\/\/bihavadis.com\/?p=22403"},"modified":"2026-02-08T17:15:06","modified_gmt":"2026-02-08T17:15:06","slug":"tarsus-zeytinyagi-dunya-yolunda-kalite-yarismasi-tanitildi","status":"publish","type":"post","link":"https:\/\/bihavadis.com\/index.php\/2026\/02\/08\/tarsus-zeytinyagi-dunya-yolunda-kalite-yarismasi-tanitildi\/","title":{"rendered":"Tarsus zeytinya\u011f\u0131 d\u00fcnya yolunda: Kalite yar\u0131\u015fmas\u0131 tan\u0131t\u0131ld\u0131"},"content":{"rendered":"<p>Tarsus Belediyesi \u00f6nc\u00fcl\u00fc\u011f\u00fcnde; Tarsus Ticaret Borsas\u0131, Tarsus Ticaret ve Sanayi Odas\u0131, Tarsus Ziraat Odas\u0131 ile Tarsus Slow Food Yery\u00fcz\u00fc Pazar\u0131 Derne\u011fi i\u015f birli\u011fiyle hayata ge\u00e7irilen &#8216;1. Tarsus Nat\u00fcrel S\u0131zma Zeytinya\u011f\u0131 Kalite Yar\u0131\u015fmas\u0131&#8217;n\u0131n lansman\u0131 geni\u015f kat\u0131l\u0131mla ger\u00e7ekle\u015ftirildi.<\/p>\n<p>Tarsus&#8217;un binlerce y\u0131ll\u0131k tar\u0131m miras\u0131n\u0131n \u00f6nemli bir par\u00e7as\u0131 olan zeytin ve zeytinya\u011f\u0131, d\u00fczenlenen programla bir kez daha g\u00fcndeme ta\u015f\u0131nd\u0131. Lansman program\u0131nda konu\u015fan Tarsus Belediye Ba\u015fkan\u0131 Ali Bolta\u00e7, yar\u0131\u015fman\u0131n yaln\u0131zca b\u00f6lgesel bir organizasyon olarak de\u011ferlendirilmemesi gerekti\u011fini vurgulad\u0131. Yar\u0131\u015fman\u0131n adil, \u015feffaf ve d\u00fcnya standartlar\u0131na uygun bir yap\u0131ya sahip oldu\u011funu belirten Bolta\u00e7, &#8220;Bug\u00fcn belki b\u00f6lgesel \u00f6l\u00e7ekteyiz ama bu yar\u0131\u015fma d\u00fcnya standartlar\u0131na uygun bir sistemle kurguland\u0131. \u0130lerleyen s\u00fcre\u00e7te ulusal ve uluslararas\u0131 alanda ses getiren bir organizasyon olmas\u0131n\u0131 hedefliyoruz. \u0130lk ad\u0131m\u0131 at\u0131yoruz; bebek emekliyor, sonra y\u00fcr\u00fcyecek, sonra ko\u015facak&#8221; dedi.<\/p>\n<p>Yar\u0131\u015fman\u0131n bir s\u00fcre\u00e7 olarak ele al\u0131nd\u0131\u011f\u0131n\u0131 ifade eden Ba\u015fkan Bolta\u00e7, sa\u011flam bir altyap\u0131 olu\u015fturduklar\u0131n\u0131 belirterek, &#8220;Bu yola \u00e7\u0131karken \u00f6ncelikle adil, \u015feffaf ve bilimsel temellere dayanan bir de\u011ferlendirme sistemi kurmak istedik&#8221; ifadelerini kulland\u0131.<\/p>\n<p>Programda s\u00f6z alan Tarsus Ticaret Borsas\u0131, Ticaret ve Sanayi Odas\u0131 ile Ziraat Odas\u0131 temsilcileri ise yar\u0131\u015fman\u0131n \u00fcreticileri kalite odakl\u0131 \u00fcretime te\u015fvik edece\u011fini, Tarsus zeytinya\u011f\u0131n\u0131n bilinirli\u011fine ve marka de\u011ferine \u00f6nemli katk\u0131lar sunaca\u011f\u0131n\u0131 dile getirdi.<\/p>\n<p>Yar\u0131\u015fma s\u00fcrecine ili\u015fkin teknik bilgiler ise panel lideri ve uzmanlar taraf\u0131ndan payla\u015f\u0131ld\u0131. Yap\u0131lan a\u00e7\u0131klamalarda, yar\u0131\u015fman\u0131n yaln\u0131zca kimyasal analizlere de\u011fil, duyusal analizlere de dayal\u0131 olaca\u011f\u0131 vurguland\u0131. Kusur aramaktan ziyade zeytinya\u011flar\u0131n\u0131n aroma, denge, kal\u0131c\u0131l\u0131k ve karakteristik \u00f6zelliklerinin \u00f6n plana \u00e7\u0131kar\u0131laca\u011f\u0131 belirtildi.<\/p>\n<p>&#8220;Bu topraklar\u0131n evlad\u0131 olarak buraday\u0131m&#8221;<\/p>\n<p>Yar\u0131\u015fman\u0131n altyap\u0131s\u0131n\u0131n, Tarsus Belediyesi taraf\u0131ndan daha \u00f6nce hayata ge\u00e7irilen \u00e7al\u0131\u015fmalarla g\u00fc\u00e7lendirildi\u011fi ifade edildi. Bu kapsamda, \u00c7ukurova Kalk\u0131nma Ajans\u0131 Teknik Destek Program\u0131 \u00e7er\u00e7evesinde y\u00fcr\u00fct\u00fclen &#8216;Nat\u00fcrel Zeytinya\u011f\u0131 Duyusal Analiz ve Sofral\u0131k Zeytin \u0130\u015fleme Y\u00f6ntemleri E\u011fitimi&#8217; ile duyusal analiz kapasitesinin art\u0131r\u0131ld\u0131\u011f\u0131 ve yar\u0131\u015fman\u0131n bilimsel temeller \u00fczerine oturtuldu\u011fu kaydedildi.<\/p>\n<p>Uluslararas\u0131 Zeytin Konseyi kriterlerine uygun \u015fekilde y\u00fcr\u00fct\u00fclecek yar\u0131\u015fmada, numunelerin k\u00f6r tad\u0131m y\u00f6ntemiyle, renk etkisini ortadan kald\u0131ran \u00f6zel bardaklar kullan\u0131larak de\u011ferlendirilece\u011fi, tad\u0131mlar\u0131n e\u011fitimli panelistler taraf\u0131ndan istatistiksel olarak anlaml\u0131 sonu\u00e7lar verecek \u015fekilde ger\u00e7ekle\u015ftirilece\u011fi bildirildi.<\/p>\n<p>Programda yeniden s\u00f6z alan Ba\u015fkan Bolta\u00e7, zeytinin Tarsus i\u00e7in ta\u015f\u0131d\u0131\u011f\u0131 tarihsel ve k\u00fclt\u00fcrel de\u011fere dikkat \u00e7ekerek, &#8220;Bug\u00fcn burada bir belediye ba\u015fkan\u0131 olarak de\u011fil, bu topraklar\u0131n evlad\u0131 olarak bulunuyorum. Zeytinle ve toprakla b\u00fcy\u00fcyen bir ailenin \u00e7ocu\u011fuyum. Zeytin bu topraklar\u0131n haf\u0131zas\u0131d\u0131r; binlerce y\u0131ld\u0131r eme\u011fi ve bereketi temsil etmi\u015ftir. Biz bu de\u011ferin \u00f6n\u00fcn\u00fc a\u00e7an idareciler olmak istiyoruz&#8221; diye konu\u015ftu.<\/p>\n<p>Bu y\u0131l Do\u011fu Akdeniz B\u00f6lgesini kapsayan yar\u0131\u015fman\u0131n, b\u00f6lgesel \u00f6l\u00e7ekte ba\u015flat\u0131lan ve geli\u015fimi hedeflenen bir kalite s\u00fcrecinin ilk ad\u0131m\u0131 oldu\u011fu ifade edilirken, lansman program\u0131 kat\u0131l\u0131mc\u0131lara y\u00f6nelik tad\u0131m uygulamalar\u0131yla sona erdi. &#8211; MERS\u0130N<\/p>\n","protected":false},"excerpt":{"rendered":"<p>Tarsus Belediyesi \u00f6nc\u00fcl\u00fc\u011f\u00fcnde yap\u0131lan &#8216;1. Tarsus Nat\u00fcrel S\u0131zma Zeytinya\u011f\u0131 Kalite Yar\u0131\u015fmas\u0131&#8217;n\u0131n lansman\u0131 ger\u00e7ekle\u015ftirildi. Yar\u0131\u015fman\u0131n, Tarsus zeytinya\u011f\u0131n\u0131n kalitesini art\u0131rmay\u0131 ve d\u00fcnya standartlar\u0131nda bir organizasyon olmay\u0131 hedefledi\u011fi belirtildi.<\/p>\n","protected":false},"author":1,"featured_media":22404,"comment_status":"open","ping_status":"open","sticky":false,"template":"","format":"standard","meta":{"footnotes":""},"categories":[6],"tags":[3934,3935,3550],"class_list":["post-22403","post","type-post","status-publish","format-standard","has-post-thumbnail","hentry","category-dunya","tag-tarsus","tag-yarismanin","tag-zeytin"],"_links":{"self":[{"href":"https:\/\/bihavadis.com\/index.php\/wp-json\/wp\/v2\/posts\/22403","targetHints":{"allow":["GET"]}}],"collection":[{"href":"https:\/\/bihavadis.com\/index.php\/wp-json\/wp\/v2\/posts"}],"about":[{"href":"https:\/\/bihavadis.com\/index.php\/wp-json\/wp\/v2\/types\/post"}],"author":[{"embeddable":true,"href":"https:\/\/bihavadis.com\/index.php\/wp-json\/wp\/v2\/users\/1"}],"replies":[{"embeddable":true,"href":"https:\/\/bihavadis.com\/index.php\/wp-json\/wp\/v2\/comments?post=22403"}],"version-history":[{"count":1,"href":"https:\/\/bihavadis.com\/index.php\/wp-json\/wp\/v2\/posts\/22403\/revisions"}],"predecessor-version":[{"id":22405,"href":"https:\/\/bihavadis.com\/index.php\/wp-json\/wp\/v2\/posts\/22403\/revisions\/22405"}],"wp:featuredmedia":[{"embeddable":true,"href":"https:\/\/bihavadis.com\/index.php\/wp-json\/wp\/v2\/media\/22404"}],"wp:attachment":[{"href":"https:\/\/bihavadis.com\/index.php\/wp-json\/wp\/v2\/media?parent=22403"}],"wp:term":[{"taxonomy":"category","embeddable":true,"href":"https:\/\/bihavadis.com\/index.php\/wp-json\/wp\/v2\/categories?post=22403"},{"taxonomy":"post_tag","embeddable":true,"href":"https:\/\/bihavadis.com\/index.php\/wp-json\/wp\/v2\/tags?post=22403"}],"curies":[{"name":"wp","href":"https:\/\/api.w.org\/{rel}","templated":true}]}}