{"id":22413,"date":"2026-02-08T17:24:16","date_gmt":"2026-02-08T17:24:16","guid":{"rendered":"https:\/\/bihavadis.com\/?p=22413"},"modified":"2026-02-08T17:24:16","modified_gmt":"2026-02-08T17:24:16","slug":"cumhurbaskani-erdogan-455-bin-konut-demek-kucuk-bir-ulke-kurmak-demek","status":"publish","type":"post","link":"https:\/\/bihavadis.com\/index.php\/2026\/02\/08\/cumhurbaskani-erdogan-455-bin-konut-demek-kucuk-bir-ulke-kurmak-demek\/","title":{"rendered":"Cumhurba\u015fkan\u0131 Erdo\u011fan: 455 bin konut demek, k\u00fc\u00e7\u00fck bir \u00fclke kurmak demek"},"content":{"rendered":"<p>Asr\u0131n felaketinin \u00fczerinden 3 y\u0131l ge\u00e7ti..<\/p>\n<p>T\u00fcrkiye 6 \u015eubat 2023&#8217;te, <em><b>&#8220;asr\u0131n felaketi&#8221;<\/b><\/em> olarak nitelenen, Kahramanmara\u015f merkezli 11 ili etkileyen 7.7 ve 7.6 b\u00fcy\u00fckl\u00fc\u011f\u00fcndeki depremlerin ac\u0131s\u0131yla sars\u0131ld\u0131.<\/p>\n<p><strong>ASRIN \u0130N\u015eA SEFERBERL\u0130\u011e\u0130 TAMAMLANDI<\/strong><\/p>\n<p>\u00c7evre, \u015eehircilik ve \u0130klim De\u011fi\u015fikli\u011fi Bakanl\u0131\u011f\u0131 koordinesinde y\u00fcr\u00fct\u00fclen asr\u0131n in\u015fa seferberli\u011fi resmen tamamland\u0131.<\/p>\n<p>Hatay&#8217;da 27 Aral\u0131k 2025 tarihinde Cumhurba\u015fkan\u0131 Recep Tayyip Erdo\u011fan&#8217;\u0131n kat\u0131l\u0131m\u0131yla ger\u00e7ekle\u015ftirilen son t\u00f6rende tamamlanan ev ve i\u015f yeri say\u0131s\u0131 455 bin 357&#8217;ye ula\u015ft\u0131.<\/p>\n<p><strong>VATANDA\u015eLAR G\u00dcVENL\u0130 KONUTLARINA KISA S\u00dcREDE KAVU\u015eTU<\/strong><\/p>\n<p>Cumhurba\u015fkan\u0131 Erdo\u011fan&#8217;\u0131n talimat\u0131 ve \u00c7evre, \u015eehircilik ve \u0130klim De\u011fi\u015fikli\u011fi Bakan\u0131 Murat Kurum&#8217;un ba\u015far\u0131l\u0131 \u00e7al\u0131\u015fmalar\u0131 ile vatanda\u015flar, g\u00fcvenli konutlar\u0131na \u00e7ok k\u0131sa bir s\u00fcre i\u00e7erisinde ge\u00e7ti.<\/p>\n<p>Suudi Arabistan ve M\u0131s\u0131r d\u00f6n\u00fc\u015f\u00fc de u\u00e7akta gazetecilerin sorular\u0131n\u0131 yan\u0131tlayan Cumhurba\u015fkan\u0131 Erdo\u011fan, gelen soru \u00fczerine deprem b\u00f6lgesindeki \u00e7al\u0131\u015fmalara de\u011findi.\u00a0<\/p>\n<p>Muhalefete tepki g\u00f6steren Cumhurba\u015fkan\u0131 Erdo\u011fan, \u015f\u00f6yle dedi:<\/p>\n<p><strong>&#8220;ONLARA KALSA M\u0130LLET\u0130M\u0130Z HALA A\u00c7IKTAYDI&#8221;<\/strong><\/p>\n<p><em><b>&#8220;Anla\u015f\u0131lan asr\u0131n felaketinin y\u0131l d\u00f6n\u00fcm\u00fc yakla\u015f\u0131yor diye, deprem turistleri yine hareketlenmi\u015f vaziyette. Gittikleri, gezdikleri yerlerde yap\u0131lanlar\u0131 g\u00f6rmezden gelmekse, en b\u00fcy\u00fck maharetleri. Alemi k\u00f6r, milleti sersem sanan bir muhalefet anlay\u0131\u015f\u0131yla kar\u015f\u0131 kar\u015f\u0131yay\u0131z. Onlara kalsa, milletimiz hala a\u00e7\u0131ktayd\u0131.<\/b><\/em><\/p>\n<p><img decoding=\"async\" src=\"https:\/\/bihavadis.com\/wp-content\/uploads\/2026\/02\/cumhurbaskani-erdogan-455-bin-konut-demek-kucuk-bir-ulke-kurmak-demek-0-Qrt1kp32.jpg\"\/><\/p>\n<p><strong>&#8220;M\u0130LLET\u0130M\u0130Z S\u0130YAS\u0130 TEHL\u0130KEY\u0130 G\u00d6RD\u00dc, ONLARI KENARDA TUTTU&#8221;<\/strong><\/p>\n<p><em><b>Onlara kalsa, deprem b\u00f6lgesindeki insanlar\u0131m\u0131z yuvalar\u0131na kavu\u015fmam\u0131\u015ft\u0131. Onlara kalsa, deprem b\u00f6lgesinde derin bir insanl\u0131k dram\u0131 ya\u015fan\u0131yor olacakt\u0131. Neyse ki milletimiz, yakla\u015fan siyasi tehlikeyi g\u00f6rd\u00fc ve onlar\u0131 kenarda tuttu. <\/b><\/em><\/p>\n<p><em><b>Muhalefet ilk g\u00fcnden itibaren \u201cyapamazlar, bitiremezler, enkaz\u0131n alt\u0131nda kal\u0131rlar\u201d diyerek ya\u015fanan felaketten rant dev\u015firmeye kalk\u0131\u015ft\u0131.<\/b><\/em><\/p>\n<p><strong>&#8220;455 B\u0130N KONUT DEMEK, K\u00dc\u00c7\u00dcK B\u0130R \u00dcLKE KURMAK DEMEKT\u0130R&#8221;<\/strong><\/p>\n<p><em><b>Y\u00f6nettikleri baz\u0131 b\u00fcy\u00fck\u015fehirlerde deprem gibi b\u00fcy\u00fck bir felaket ya\u015fanmam\u0131\u015fken, milleti bir yudum suya, temel belediyecilik hizmetlerine muhta\u00e7 edenler, yolsuzluklara, t\u00fcrl\u00fc \u00e7e\u015fit h\u0131rs\u0131zl\u0131klara kol kanat gerenler 11 ili d\u00f6rt ba\u015f\u0131 mamur bir \u015fekilde yeniden in\u015fa eden bir iktidara laf s\u00f6yleyebiliyor. 455 bin konut demek, s\u0131radan bir \u015fey de\u011fil, k\u00fc\u00e7\u00fck bir \u00fclke kurmak demektir.<\/b><\/em><\/p>\n<p><img decoding=\"async\" src=\"https:\/\/bihavadis.com\/wp-content\/uploads\/2026\/02\/cumhurbaskani-erdogan-455-bin-konut-demek-kucuk-bir-ulke-kurmak-demek-1-nUbxMheO.jpg\"\/><\/p>\n<p><strong>&#8220;HAK\u0130KATI S\u00d6YLEMEZ, DO\u011eRUYU DUYAMAZLAR&#8221;<\/strong><\/p>\n<p><em><b>Y\u0131llard\u0131r milletimize, \u00fclkemizdeki muhalefet sorununu anlatam\u0131yoruz. Al\u0131\u015fk\u0131n\u0131z bunlara. \u00c7\u00fcnk\u00fc ger\u00e7e\u011fi g\u00f6remez, hakikati s\u00f6yleyemez, do\u011fruyu duyamazlar.<\/b><\/em><\/p>\n<p><em><b> \u0130n\u015fallah Osmaniye&#8217;de bir kez daha milletimizle kucakla\u015facak, onlara verdi\u011fimiz s\u00f6zleri tutmu\u015f olman\u0131n rahatl\u0131\u011f\u0131yla hasbihal edece\u011fiz.&#8221; <\/b><\/em><\/p>\n<p><img decoding=\"async\" src=\"https:\/\/bihavadis.com\/wp-content\/uploads\/2026\/02\/cumhurbaskani-erdogan-455-bin-konut-demek-kucuk-bir-ulke-kurmak-demek-2-GaJEswvl.jpg\"\/><\/p>\n<p><img decoding=\"async\" src=\"https:\/\/bihavadis.com\/wp-content\/uploads\/2026\/02\/cumhurbaskani-erdogan-455-bin-konut-demek-kucuk-bir-ulke-kurmak-demek-3-PZzzHOkQ.jpg\"\/><\/p>\n<p><img decoding=\"async\" src=\"https:\/\/bihavadis.com\/wp-content\/uploads\/2026\/02\/cumhurbaskani-erdogan-455-bin-konut-demek-kucuk-bir-ulke-kurmak-demek-4-CkgQkDsV.jpg\"\/><\/p>\n<p><img decoding=\"async\" src=\"https:\/\/bihavadis.com\/wp-content\/uploads\/2026\/02\/cumhurbaskani-erdogan-455-bin-konut-demek-kucuk-bir-ulke-kurmak-demek-5-pn2Q5z9F.jpg\"\/><\/p>\n<p><img decoding=\"async\" src=\"https:\/\/bihavadis.com\/wp-content\/uploads\/2026\/02\/cumhurbaskani-erdogan-455-bin-konut-demek-kucuk-bir-ulke-kurmak-demek-6-z2aGm9iS.jpg\"\/><\/p>\n<p><img decoding=\"async\" src=\"https:\/\/bihavadis.com\/wp-content\/uploads\/2026\/02\/cumhurbaskani-erdogan-455-bin-konut-demek-kucuk-bir-ulke-kurmak-demek-7-GsJfEjHX.jpg\"\/><\/p>\n<p><img decoding=\"async\" src=\"https:\/\/bihavadis.com\/wp-content\/uploads\/2026\/02\/cumhurbaskani-erdogan-455-bin-konut-demek-kucuk-bir-ulke-kurmak-demek-8-CuqtViI8.jpg\"\/><\/p>\n<p><img decoding=\"async\" src=\"https:\/\/bihavadis.com\/wp-content\/uploads\/2026\/02\/cumhurbaskani-erdogan-455-bin-konut-demek-kucuk-bir-ulke-kurmak-demek-9-i4BJ5ZAC.jpg\"\/><\/p>\n","protected":false},"excerpt":{"rendered":"<p>Asr\u0131n felaketinin \u00fczerinden 3 y\u0131l ge\u00e7ti.. T\u00fcrkiye 6 \u015eubat 2023&#8217;te, &#8220;asr\u0131n felaketi&#8221; olarak nitelenen, Kahramanmara\u015f merkezli 11 ili etkileyen 7.7 ve 7.6 b\u00fcy\u00fckl\u00fc\u011f\u00fcndeki depremlerin ac\u0131s\u0131yla sars\u0131ld\u0131. ASRIN \u0130N\u015eA SEFERBERL\u0130\u011e\u0130 TAMAMLANDI \u00c7evre &#8230;<\/p>\n","protected":false},"author":1,"featured_media":22414,"comment_status":"open","ping_status":"open","sticky":false,"template":"","format":"standard","meta":{"footnotes":""},"categories":[9,13],"tags":[3937,60,2918,537,3936],"class_list":["post-22413","post","type-post","status-publish","format-standard","has-post-thumbnail","hentry","category-genel","category-son-dakika","tag-asrin","tag-deprem","tag-felaket","tag-milletimiz","tag-onlara"],"_links":{"self":[{"href":"https:\/\/bihavadis.com\/index.php\/wp-json\/wp\/v2\/posts\/22413","targetHints":{"allow":["GET"]}}],"collection":[{"href":"https:\/\/bihavadis.com\/index.php\/wp-json\/wp\/v2\/posts"}],"about":[{"href":"https:\/\/bihavadis.com\/index.php\/wp-json\/wp\/v2\/types\/post"}],"author":[{"embeddable":true,"href":"https:\/\/bihavadis.com\/index.php\/wp-json\/wp\/v2\/users\/1"}],"replies":[{"embeddable":true,"href":"https:\/\/bihavadis.com\/index.php\/wp-json\/wp\/v2\/comments?post=22413"}],"version-history":[{"count":1,"href":"https:\/\/bihavadis.com\/index.php\/wp-json\/wp\/v2\/posts\/22413\/revisions"}],"predecessor-version":[{"id":22425,"href":"https:\/\/bihavadis.com\/index.php\/wp-json\/wp\/v2\/posts\/22413\/revisions\/22425"}],"wp:featuredmedia":[{"embeddable":true,"href":"https:\/\/bihavadis.com\/index.php\/wp-json\/wp\/v2\/media\/22414"}],"wp:attachment":[{"href":"https:\/\/bihavadis.com\/index.php\/wp-json\/wp\/v2\/media?parent=22413"}],"wp:term":[{"taxonomy":"category","embeddable":true,"href":"https:\/\/bihavadis.com\/index.php\/wp-json\/wp\/v2\/categories?post=22413"},{"taxonomy":"post_tag","embeddable":true,"href":"https:\/\/bihavadis.com\/index.php\/wp-json\/wp\/v2\/tags?post=22413"}],"curies":[{"name":"wp","href":"https:\/\/api.w.org\/{rel}","templated":true}]}}