{"id":22439,"date":"2026-02-08T17:36:11","date_gmt":"2026-02-08T17:36:11","guid":{"rendered":"https:\/\/bihavadis.com\/?p=22439"},"modified":"2026-02-08T17:36:11","modified_gmt":"2026-02-08T17:36:11","slug":"ngolo-kante-ilk-antrenmanina-cikti","status":"publish","type":"post","link":"https:\/\/bihavadis.com\/index.php\/2026\/02\/08\/ngolo-kante-ilk-antrenmanina-cikti\/","title":{"rendered":"N\u2019Golo Kante ilk antrenman\u0131na \u00e7\u0131kt\u0131"},"content":{"rendered":"<p>Fenerbah\u00e7e, d\u00fcnyaca \u00fcnl\u00fc Frans\u0131z orta saha oyuncusu N&#8217;Golo Kante&#8217;yi kadrosuna katt\u0131.<\/p>\n<p>Sar\u0131-lacivertliler, kariyerinde D\u00fcnya Kupas\u0131 ve \u015eampiyonlar Ligi \u015fampiyonlu\u011fu ba\u015fta olmak \u00fczere \u00e7ok say\u0131da ba\u015far\u0131 elde eden Frans\u0131z y\u0131ld\u0131z, kendisini 2.5 y\u0131ll\u0131\u011f\u0131na sar\u0131-lacivertli renklere ba\u011flayan s\u00f6zle\u015fmeye imza att\u0131.<\/p>\n<p>34 ya\u015f\u0131ndaki y\u0131ld\u0131z isim, imzan\u0131n ard\u0131ndan bug\u00fcn top ba\u015f\u0131 yapt\u0131.<\/p>\n<p><strong>\u0130MZAYI ATTI, ANTRENMANA \u00c7IKTI<\/strong><\/p>\n<p>Sar\u0131-lacivertli ekipte teknik direkt\u00f6r\u00fc Domenico Tedesco y\u00f6netimindeki antrenmana yeni transfer N&#8217;Golo Kante de kat\u0131ld\u0131.<\/p>\n<p>Tecr\u00fcbeli Frans\u0131z futbolcu b\u00f6ylelikle, Fenerbah\u00e7e&#8217;deki ilk antrenman\u0131na da \u00e7\u0131km\u0131\u015f oldu.<\/p>\n<p>Fenerbah\u00e7e, hafta sonu ise S\u00fcper Lig&#8217;de Gen\u00e7lerbirli\u011fi&#8217;ni sahas\u0131nda a\u011f\u0131rlayacak.<\/p>\n<p><img decoding=\"async\" src=\"https:\/\/bihavadis.com\/wp-content\/uploads\/2026\/02\/ngolo-kante-ilk-antrenmanina-cikti-0-vZGawW2k.jpg\"\/><\/p>\n<p><img decoding=\"async\" src=\"https:\/\/bihavadis.com\/wp-content\/uploads\/2026\/02\/ngolo-kante-ilk-antrenmanina-cikti-1-gGWXtrY8.jpg\"\/><\/p>\n<p><img decoding=\"async\" src=\"https:\/\/bihavadis.com\/wp-content\/uploads\/2026\/02\/ngolo-kante-ilk-antrenmanina-cikti-2-RbsnbjKU.jpg\"\/><\/p>\n<p><img decoding=\"async\" src=\"https:\/\/bihavadis.com\/wp-content\/uploads\/2026\/02\/ngolo-kante-ilk-antrenmanina-cikti-3-Jbah54KW.jpg\"\/><\/p>\n","protected":false},"excerpt":{"rendered":"<p>Fenerbah\u00e7e&#8217;nin yeni transferi N&#8217;Golo Kante, sar\u0131-lacivertlilerdeki ilk antrenman\u0131na \u00e7\u0131kt\u0131.<\/p>\n","protected":false},"author":1,"featured_media":22440,"comment_status":"open","ping_status":"open","sticky":false,"template":"","format":"standard","meta":{"footnotes":""},"categories":[14],"tags":[],"class_list":["post-22439","post","type-post","status-publish","format-standard","has-post-thumbnail","hentry","category-spor"],"_links":{"self":[{"href":"https:\/\/bihavadis.com\/index.php\/wp-json\/wp\/v2\/posts\/22439","targetHints":{"allow":["GET"]}}],"collection":[{"href":"https:\/\/bihavadis.com\/index.php\/wp-json\/wp\/v2\/posts"}],"about":[{"href":"https:\/\/bihavadis.com\/index.php\/wp-json\/wp\/v2\/types\/post"}],"author":[{"embeddable":true,"href":"https:\/\/bihavadis.com\/index.php\/wp-json\/wp\/v2\/users\/1"}],"replies":[{"embeddable":true,"href":"https:\/\/bihavadis.com\/index.php\/wp-json\/wp\/v2\/comments?post=22439"}],"version-history":[{"count":1,"href":"https:\/\/bihavadis.com\/index.php\/wp-json\/wp\/v2\/posts\/22439\/revisions"}],"predecessor-version":[{"id":22445,"href":"https:\/\/bihavadis.com\/index.php\/wp-json\/wp\/v2\/posts\/22439\/revisions\/22445"}],"wp:featuredmedia":[{"embeddable":true,"href":"https:\/\/bihavadis.com\/index.php\/wp-json\/wp\/v2\/media\/22440"}],"wp:attachment":[{"href":"https:\/\/bihavadis.com\/index.php\/wp-json\/wp\/v2\/media?parent=22439"}],"wp:term":[{"taxonomy":"category","embeddable":true,"href":"https:\/\/bihavadis.com\/index.php\/wp-json\/wp\/v2\/categories?post=22439"},{"taxonomy":"post_tag","embeddable":true,"href":"https:\/\/bihavadis.com\/index.php\/wp-json\/wp\/v2\/tags?post=22439"}],"curies":[{"name":"wp","href":"https:\/\/api.w.org\/{rel}","templated":true}]}}