{"id":22549,"date":"2026-02-08T18:57:04","date_gmt":"2026-02-08T18:57:04","guid":{"rendered":"https:\/\/bihavadis.com\/?p=22549"},"modified":"2026-02-08T18:57:04","modified_gmt":"2026-02-08T18:57:04","slug":"sakaryada-karate-ve-havali-silahlar-musabakalari","status":"publish","type":"post","link":"https:\/\/bihavadis.com\/index.php\/2026\/02\/08\/sakaryada-karate-ve-havali-silahlar-musabakalari\/","title":{"rendered":"Sakarya&#8217;da Karate ve Haval\u0131 Silahlar M\u00fcsabakalar\u0131"},"content":{"rendered":"<p> Sakarya&#8217;da &#8220;Haval\u0131 Silahlar 1. Grup&#8221; ile &#8220;T\u00fcrkiye Y\u0131ld\u0131zlar Ligi Karate Final Etab\u0131&#8221; m\u00fcsabakalar\u0131 yap\u0131l\u0131yor.<\/p>\n<p>Serdivan Metehan Ba\u015far Spor Salonu&#8217;nda d\u00fcn ba\u015flayan &#8220;Haval\u0131 Silahlar 1. Grup&#8221; m\u00fcsabakalar\u0131nda yakla\u015f\u0131k 300 sporcu boy g\u00f6sterirken, &#8220;T\u00fcrkiye Y\u0131ld\u0131zlar Ligi Karate Final Etab\u0131&#8221;nda 56 ilden 2 bin 600 sporcu m\u00fccadele ediyor.<\/p>\n<p>\u0130ki bran\u015fta da m\u00fcsabakalar yar\u0131n sona erecek.<\/p>\n<p>T\u00fcrkiye At\u0131c\u0131l\u0131k Federasyonu Ba\u015fkan\u0131 Murat Kocakaya, AA muhabirine, Ankara, Sakarya, Mersin ve Trabzon&#8217;da e\u015f zamanl\u0131 b\u00f6lgesel m\u00fcsabakalar yapt\u0131klar\u0131n\u0131 s\u00f6yledi.<\/p>\n<p>Kazanan sporcular\u0131 T\u00fcrkiye \u015eampiyonas\u0131&#8217;na g\u00f6t\u00fcreceklerini belirten Kocakaya, &#8220;T\u00fcrkiye genelinde yakla\u015f\u0131k 1000&#8217;e yak\u0131n sporcu kat\u0131l\u0131yor. \u0130ki ana hedefimiz var. Sporcu say\u0131m\u0131z\u0131 art\u0131rmak ve uluslararas\u0131 ba\u015far\u0131 i\u00e7in u\u011fra\u015f\u0131yoruz. \u0130lk yar\u0131\u015fmam\u0131zda 1000&#8217;e yak\u0131n sporcu yar\u0131\u015f\u0131yor, bu sporcu say\u0131m\u0131z\u0131n art\u0131\u015f\u0131nda ciddi geli\u015fme oldu\u011funu g\u00f6steriyor. Sporcu say\u0131m\u0131z\u0131n artmas\u0131 i\u00e7in mutlaka poligon say\u0131m\u0131z\u0131n artmas\u0131 laz\u0131m. \u0130n\u015fallah poligon say\u0131m\u0131z\u0131 art\u0131rd\u0131k\u00e7a sporcu say\u0131s\u0131 da artacakt\u0131r.&#8221; diye konu\u015ftu.<\/p>\n<p>Kocakaya, Sakarya Gen\u00e7lik ve Spor \u0130l M\u00fcd\u00fcrl\u00fc\u011f\u00fcn\u00fcn organizasyona \u00e7ok iyi haz\u0131rl\u0131k yapt\u0131\u011f\u0131n\u0131 aktararak, &#8220;Teknik bran\u015f oldu\u011fu i\u00e7in poligondaki en ufak ar\u0131za ciddi s\u0131k\u0131nt\u0131lara sebep olabiliyor. Yar\u0131n son g\u00fcn\u00fcm\u00fcz, ciddi sorun ya\u015famadan yar\u0131\u015fmalar\u0131m\u0131z\u0131 yap\u0131yoruz, bunun i\u00e7in ger\u00e7ekten \u00e7ok mutluyuz. Sporcular\u0131n dereceleri fena de\u011fil, altyap\u0131da ciddi geli\u015fme oldu\u011funu g\u00f6steriyor. Amac\u0131m\u0131z Avrupa&#8217;da ve d\u00fcnyada \u00fclkemizi ba\u015far\u0131yla temsil etmek.&#8221; ifadelerini kulland\u0131.<\/p>\n<p>T\u00fcrkiye Karate Federasyonu Ba\u015fkan Vekili Ali Sar\u0131ayd\u0131n ise karatenin tabana yay\u0131lmas\u0131 amac\u0131yla yeni ba\u015flayan ve ku\u015faklar\u0131n\u0131 yeni atlayan sporcular\u0131n salonda m\u00fccadele etti\u011fini anlatt\u0131.<\/p>\n<p>M\u00fcsabakalarda daha \u00e7ok minik gruplar\u0131n yer ald\u0131\u011f\u0131n\u0131 kaydeden Sar\u0131ayd\u0131n, &#8220;\u0130ller baz\u0131nda da daha \u00e7ok yay\u0131lmas\u0131n\u0131 d\u00fc\u015f\u00fcnd\u00fc\u011f\u00fcm\u00fcz, bug\u00fcn de finalini yapt\u0131\u011f\u0131m\u0131z m\u00fcsabakalar i\u00e7in 56 ilden 2 bin 600 sporcu burada. Bunlar 2 ayaktan finale \u00e7\u0131kan sporcular\u0131m\u0131z.&#8221; diye konu\u015ftu.<\/p>\n","protected":false},"excerpt":{"rendered":"<p>Sakarya&#8217;da haval\u0131 silahlar ve karate final etaplar\u0131 ba\u015flad\u0131, 3000&#8217;den fazla sporcu m\u00fccadele ediyor.<\/p>\n","protected":false},"author":1,"featured_media":22550,"comment_status":"open","ping_status":"open","sticky":false,"template":"","format":"standard","meta":{"footnotes":""},"categories":[14],"tags":[3796,3957,440,197],"class_list":["post-22549","post","type-post","status-publish","format-standard","has-post-thumbnail","hentry","category-spor","tag-musabakalar","tag-sayimizi","tag-spor","tag-turkiye"],"_links":{"self":[{"href":"https:\/\/bihavadis.com\/index.php\/wp-json\/wp\/v2\/posts\/22549","targetHints":{"allow":["GET"]}}],"collection":[{"href":"https:\/\/bihavadis.com\/index.php\/wp-json\/wp\/v2\/posts"}],"about":[{"href":"https:\/\/bihavadis.com\/index.php\/wp-json\/wp\/v2\/types\/post"}],"author":[{"embeddable":true,"href":"https:\/\/bihavadis.com\/index.php\/wp-json\/wp\/v2\/users\/1"}],"replies":[{"embeddable":true,"href":"https:\/\/bihavadis.com\/index.php\/wp-json\/wp\/v2\/comments?post=22549"}],"version-history":[{"count":1,"href":"https:\/\/bihavadis.com\/index.php\/wp-json\/wp\/v2\/posts\/22549\/revisions"}],"predecessor-version":[{"id":22551,"href":"https:\/\/bihavadis.com\/index.php\/wp-json\/wp\/v2\/posts\/22549\/revisions\/22551"}],"wp:featuredmedia":[{"embeddable":true,"href":"https:\/\/bihavadis.com\/index.php\/wp-json\/wp\/v2\/media\/22550"}],"wp:attachment":[{"href":"https:\/\/bihavadis.com\/index.php\/wp-json\/wp\/v2\/media?parent=22549"}],"wp:term":[{"taxonomy":"category","embeddable":true,"href":"https:\/\/bihavadis.com\/index.php\/wp-json\/wp\/v2\/categories?post=22549"},{"taxonomy":"post_tag","embeddable":true,"href":"https:\/\/bihavadis.com\/index.php\/wp-json\/wp\/v2\/tags?post=22549"}],"curies":[{"name":"wp","href":"https:\/\/api.w.org\/{rel}","templated":true}]}}