{"id":22591,"date":"2026-02-08T19:30:07","date_gmt":"2026-02-08T19:30:07","guid":{"rendered":"https:\/\/bihavadis.com\/?p=22591"},"modified":"2026-02-08T19:30:07","modified_gmt":"2026-02-08T19:30:07","slug":"israilin-son-saldirilarinda-27-filistinli-hayatini-kaybetti","status":"publish","type":"post","link":"https:\/\/bihavadis.com\/index.php\/2026\/02\/08\/israilin-son-saldirilarinda-27-filistinli-hayatini-kaybetti\/","title":{"rendered":"\u0130srail&#8217;in son sald\u0131r\u0131lar\u0131nda 27 Filistinli hayat\u0131n\u0131 kaybetti"},"content":{"rendered":"<p>Gazze&#8217;de 10 Ekim 2025&#8217;te sa\u011flanan, ge\u00e7ti\u011fimiz g\u00fcnlerde de ikinci a\u015famas\u0131na ge\u00e7ilen anla\u015fmay\u0131 \u00e7e\u015fitli bahanelerle ihlal eden \u0130srail, sald\u0131r\u0131lar\u0131n\u0131 s\u00fcrd\u00fcr\u00fcyor.\u00a0<\/p>\n<p>Gazze Sa\u011fl\u0131k Bakanl\u0131\u011f\u0131&#8217;ndan yap\u0131lan yaz\u0131l\u0131 a\u00e7\u0131klamada, \u0130srail&#8217;in son 24 saatteki sald\u0131r\u0131lar\u0131nda 27 Filistinlinin hayat\u0131n\u0131 kaybetti\u011fi, 18 ki\u015finin yaraland\u0131\u011f\u0131 belirtildi.<\/p>\n<p><strong>ATE\u015eKESTEN BU YANA 574 K\u0130\u015e\u0130 HAYATINI KAYBETT\u0130 <\/strong><\/p>\n<p>A\u00e7\u0131klamada 10 Ekim 2025&#8217;te ilan edilen ate\u015fkesten bu yana 574 Filistinlinin \u00f6ld\u00fc\u011f\u00fc, 1518&#8217;inin yaraland\u0131\u011f\u0131, enkaz alt\u0131ndan 717 ki\u015finin cans\u0131z bedeninin \u00e7\u0131kart\u0131ld\u0131\u011f\u0131 ifade edildi.<\/p>\n<p><strong>CAN KAYBI 72 B\u0130NE DAYANDI <\/strong><\/p>\n<p>Sald\u0131r\u0131lar\u0131n ba\u015flad\u0131\u011f\u0131 Ekim 2023&#8217;ten beri ise Gazze\u2019deki toplam can kayb\u0131n\u0131n 71 bin 851&#8217;e, yaral\u0131 say\u0131s\u0131n\u0131n 171 bin 626&#8217;ya ula\u015ft\u0131\u011f\u0131 da kaydedildi.<\/p>\n<p><img decoding=\"async\" src=\"https:\/\/bihavadis.com\/wp-content\/uploads\/2026\/02\/israilin-son-saldirilarinda-27-filistinli-hayatini-kaybetti-0-CBZhd4dP.jpg\"\/><\/p>\n<p><img decoding=\"async\" src=\"https:\/\/bihavadis.com\/wp-content\/uploads\/2026\/02\/israilin-son-saldirilarinda-27-filistinli-hayatini-kaybetti-1-TGL2jx5q.jpg\"\/><\/p>\n","protected":false},"excerpt":{"rendered":"<p>Ate\u015fkesi ihlal eden \u0130srail&#8217;in Gazze \u015eeridi&#8217;nde son 24 saatte d\u00fczenledi\u011fi sald\u0131r\u0131larda 27 Filistinlinin ya\u015fam\u0131n\u0131 yitirdi\u011fini bildirildi.<\/p>\n","protected":false},"author":1,"featured_media":22592,"comment_status":"open","ping_status":"open","sticky":false,"template":"","format":"standard","meta":{"footnotes":""},"categories":[6],"tags":[],"class_list":["post-22591","post","type-post","status-publish","format-standard","has-post-thumbnail","hentry","category-dunya"],"_links":{"self":[{"href":"https:\/\/bihavadis.com\/index.php\/wp-json\/wp\/v2\/posts\/22591","targetHints":{"allow":["GET"]}}],"collection":[{"href":"https:\/\/bihavadis.com\/index.php\/wp-json\/wp\/v2\/posts"}],"about":[{"href":"https:\/\/bihavadis.com\/index.php\/wp-json\/wp\/v2\/types\/post"}],"author":[{"embeddable":true,"href":"https:\/\/bihavadis.com\/index.php\/wp-json\/wp\/v2\/users\/1"}],"replies":[{"embeddable":true,"href":"https:\/\/bihavadis.com\/index.php\/wp-json\/wp\/v2\/comments?post=22591"}],"version-history":[{"count":1,"href":"https:\/\/bihavadis.com\/index.php\/wp-json\/wp\/v2\/posts\/22591\/revisions"}],"predecessor-version":[{"id":22595,"href":"https:\/\/bihavadis.com\/index.php\/wp-json\/wp\/v2\/posts\/22591\/revisions\/22595"}],"wp:featuredmedia":[{"embeddable":true,"href":"https:\/\/bihavadis.com\/index.php\/wp-json\/wp\/v2\/media\/22592"}],"wp:attachment":[{"href":"https:\/\/bihavadis.com\/index.php\/wp-json\/wp\/v2\/media?parent=22591"}],"wp:term":[{"taxonomy":"category","embeddable":true,"href":"https:\/\/bihavadis.com\/index.php\/wp-json\/wp\/v2\/categories?post=22591"},{"taxonomy":"post_tag","embeddable":true,"href":"https:\/\/bihavadis.com\/index.php\/wp-json\/wp\/v2\/tags?post=22591"}],"curies":[{"name":"wp","href":"https:\/\/api.w.org\/{rel}","templated":true}]}}