{"id":22666,"date":"2026-02-08T20:21:06","date_gmt":"2026-02-08T20:21:06","guid":{"rendered":"https:\/\/bihavadis.com\/?p=22666"},"modified":"2026-02-08T20:21:06","modified_gmt":"2026-02-08T20:21:06","slug":"bartinda-yuzyilin-konut-projesi-kuralari-cekildi","status":"publish","type":"post","link":"https:\/\/bihavadis.com\/index.php\/2026\/02\/08\/bartinda-yuzyilin-konut-projesi-kuralari-cekildi\/","title":{"rendered":"Bart\u0131n&#8217;da Y\u00fczy\u0131l\u0131n Konut Projesi Kuralar\u0131 \u00c7ekildi"},"content":{"rendered":"<p>\n<p>BARTIN&#8217;DA &#8216;Y\u00dcZYILIN KONUT PROJES\u0130&#8217;NDE KURALAR \u00c7EK\u0130LD\u0130<\/p>\n<p>\u00c7evre, \u015eehircilik ve \u0130klim De\u011fi\u015fikli\u011fi Bakanl\u0131\u011f\u0131 ile Toplu Konut \u0130daresi Ba\u015fkanl\u0131\u011f\u0131 (TOK\u0130) taraf\u0131ndan y\u00fcr\u00fct\u00fclen 500 bin sosyal konutun in\u015fa edilece\u011fi &#8216;Y\u00fczy\u0131l\u0131n Konut Projesi&#8217; kapsam\u0131nda Bart\u0131n&#8217;da yap\u0131lacak olan 1620 konutun hak sahiplerini belirlemek amac\u0131yla kura \u00e7ekimi yap\u0131ld\u0131. T\u00f6rene Adalet Bakan\u0131 Y\u0131lmaz Tun\u00e7, \u00c7evre, \u015eehircilik ve \u0130klim De\u011fi\u015fikli\u011fi Bakan Yard\u0131mc\u0131s\u0131 Hasan Suver, Bart\u0131n Valisi Nurta\u00e7 Arslan, AK Parti Bart\u0131n Milletvekili Yusuf Ziya Aldatmaz ile vatanda\u015flar kat\u0131ld\u0131.<\/p>\n<p>Adalet Bakan\u0131 Y\u0131lmaz Tun\u00e7, konu\u015fmas\u0131nda, 81 ili altyap\u0131s\u0131yla ve \u00fcstyap\u0131s\u0131yla daha da geli\u015ftirmek i\u00e7in \u00e7al\u0131\u015ft\u0131klar\u0131n\u0131 belirterek, &#8220;Say\u0131n Cumhurba\u015fkan\u0131m\u0131z\u0131n her kabine toplant\u0131s\u0131nda birinci g\u00fcndem maddesi deprem b\u00f6lgesi. Yap\u0131lan \u00e7al\u0131\u015fmalarda t\u00fcm bakanl\u0131klar\u0131 ilgilendiren konular var deprem b\u00f6lgesinde, Adalet binalar\u0131 var, h\u00fck\u00fcmet binalar\u0131 var, hasar g\u00f6ren okullar var, sa\u011fl\u0131k tesisleri var, t\u00fcm bakanlar\u0131 ilgilendiriyor. \u00c7evre, \u015eehircilik ve \u0130klim De\u011fi\u015fikli\u011fi Bakan\u0131m\u0131z tabii ki daha fazla konutun yap\u0131m\u0131 noktas\u0131nda s\u00fcrekli b\u00f6lgede. Her kabine toplant\u0131s\u0131nda neredeyiz, hangi a\u015famaday\u0131z, konutlar\u0131 ne zaman tamamlayaca\u011f\u0131z diye s\u00fcrekli kontrol eden, s\u00fcrekli g\u00fcndemde tutan ve bununla da kalmay\u0131p vatanda\u015flar\u0131m\u0131z\u0131n \u00f6zellikle kiradan kurtularak ev sahibi olmas\u0131n\u0131 isteyen Cumhurba\u015fkan\u0131m\u0131z var. Dolay\u0131s\u0131yla gerek 1+1, gerek 2+1, 3+1 projelerle, sosyal konutlarla b\u00fct\u00fcn T\u00fcrkiye genelinde projeleri ba\u015flatarak ilk etapta \u015fimdi 500 bin sosyal konutun kuralar\u0131n\u0131 \u00e7ekiyoruz. S\u00f6z verdi\u011fimiz bir zaman diliminde in\u015faatlara ba\u015fl\u0131yoruz, bitiriyoruz, yeni projelerle yeniden yola devam ediyoruz&#8221; dedi.<\/p>\n<p>&#8216;\u00dcLKEM\u0130Z\u0130 HER ALANDA KALKINDIRDIK&#8217;<\/p>\n<p>Bakan Tun\u00e7, her alanda T\u00fcrkiye&#8217;yi geli\u015ftirdiklerini vurgulayarak \u015funlar\u0131 s\u00f6yledi: <\/p>\n<p>&#8220;Bart\u0131n&#8217;daki sosyal konutlar\u0131n kura \u00e7ekimi i\u00e7in sizlerle beraberiz. Bizim 23 y\u0131ldan bu yana Say\u0131n Cumhurba\u015fkan\u0131m\u0131z\u0131n liderli\u011finde politikalar\u0131m\u0131z\u0131n, siyasetimizin merkezinde insan vard\u0131r. &#8220;Her \u015fey insan i\u00e7indir&#8221; deriz. \u0130nsan g\u00fc\u00e7l\u00fc olacak ki aile g\u00fc\u00e7l\u00fc olsun. Aile g\u00fc\u00e7l\u00fc olacak ki toplum g\u00fc\u00e7l\u00fc olsun, millet olarak g\u00fc\u00e7l\u00fc olal\u0131m. \u0130\u015fte bunun i\u00e7in &#8216;\u0130nsan\u0131 ya\u015fat ki devlet ya\u015fas\u0131n&#8217; \u015fiar\u0131yla hep bug\u00fcnlere geldik. Sadece konut alan\u0131nda de\u011fil, her alanda \u00fclkemizi geli\u015ftirdik, kalk\u0131nd\u0131rd\u0131k. Yollar yapt\u0131k, barajlar yapt\u0131k, \u00fcniversiteler yapt\u0131k. Limanlar, h\u0131zl\u0131 trenler, okullar yapt\u0131k, organize sanayi b\u00f6lgelerini fabrikalarla doldurduk. Enerji yat\u0131r\u0131m\u0131, do\u011fal gaz\u0131ndan petrol\u00fcne di\u011fer enerji yat\u0131r\u0131mlar\u0131na var\u0131ncaya kadar, savunma sanayinde yerlilik oran\u0131n\u0131 y\u00fczde 80&#8217;lerin \u00fczerine \u00e7\u0131kard\u0131k. Her alanda \u00fclkemizi geli\u015ftirmek, b\u00fcy\u00fctmek, 81 vilayetimizi altyap\u0131s\u0131yla, \u00fcstyap\u0131s\u0131yla daha da geli\u015ftirmek i\u00e7in \u00e7al\u0131\u015ft\u0131k. Sadece T\u00fcrkiye&#8217;yi fiziki kalk\u0131nma anlam\u0131nda altyap\u0131-\u00fcstyap\u0131 yat\u0131r\u0131mlar\u0131yla de\u011fil, ayn\u0131 zamanda demokratik kalk\u0131nmas\u0131n\u0131 da sa\u011flad\u0131k.&#8221;<\/p>\n<p>Konu\u015fmalardan sonra dualar\u0131n okunmas\u0131n\u0131n ard\u0131ndan 1620 konutun kura \u00e7ekimi yap\u0131ld\u0131. <\/p>\n","protected":false},"excerpt":{"rendered":"<p>Bart\u0131n&#8217;da 1620 konutun hak sahipleri belirlendi; kura \u00e7ekimi t\u00f6renine bakanlar kat\u0131ld\u0131.<\/p>\n","protected":false},"author":1,"featured_media":22667,"comment_status":"open","ping_status":"open","sticky":false,"template":"","format":"standard","meta":{"footnotes":""},"categories":[9,4,13],"tags":[436,3833,1488,818,1880],"class_list":["post-22666","post","type-post","status-publish","format-standard","has-post-thumbnail","hentry","category-genel","category-gundem","category-son-dakika","tag-bakan","tag-bartin","tag-guclu","tag-konut","tag-kura"],"_links":{"self":[{"href":"https:\/\/bihavadis.com\/index.php\/wp-json\/wp\/v2\/posts\/22666","targetHints":{"allow":["GET"]}}],"collection":[{"href":"https:\/\/bihavadis.com\/index.php\/wp-json\/wp\/v2\/posts"}],"about":[{"href":"https:\/\/bihavadis.com\/index.php\/wp-json\/wp\/v2\/types\/post"}],"author":[{"embeddable":true,"href":"https:\/\/bihavadis.com\/index.php\/wp-json\/wp\/v2\/users\/1"}],"replies":[{"embeddable":true,"href":"https:\/\/bihavadis.com\/index.php\/wp-json\/wp\/v2\/comments?post=22666"}],"version-history":[{"count":1,"href":"https:\/\/bihavadis.com\/index.php\/wp-json\/wp\/v2\/posts\/22666\/revisions"}],"predecessor-version":[{"id":22668,"href":"https:\/\/bihavadis.com\/index.php\/wp-json\/wp\/v2\/posts\/22666\/revisions\/22668"}],"wp:featuredmedia":[{"embeddable":true,"href":"https:\/\/bihavadis.com\/index.php\/wp-json\/wp\/v2\/media\/22667"}],"wp:attachment":[{"href":"https:\/\/bihavadis.com\/index.php\/wp-json\/wp\/v2\/media?parent=22666"}],"wp:term":[{"taxonomy":"category","embeddable":true,"href":"https:\/\/bihavadis.com\/index.php\/wp-json\/wp\/v2\/categories?post=22666"},{"taxonomy":"post_tag","embeddable":true,"href":"https:\/\/bihavadis.com\/index.php\/wp-json\/wp\/v2\/tags?post=22666"}],"curies":[{"name":"wp","href":"https:\/\/api.w.org\/{rel}","templated":true}]}}