{"id":22677,"date":"2026-02-08T20:33:05","date_gmt":"2026-02-08T20:33:05","guid":{"rendered":"https:\/\/bihavadis.com\/?p=22677"},"modified":"2026-02-08T20:33:05","modified_gmt":"2026-02-08T20:33:05","slug":"murat-kurum-enkazin-altinda-chpnin-golge-baskani-kaldi","status":"publish","type":"post","link":"https:\/\/bihavadis.com\/index.php\/2026\/02\/08\/murat-kurum-enkazin-altinda-chpnin-golge-baskani-kaldi\/","title":{"rendered":"Murat Kurum: Enkaz\u0131n alt\u0131nda CHP&#8217;nin g\u00f6lge ba\u015fkan\u0131 kald\u0131"},"content":{"rendered":"<p>\u00c7evre ve \u015eehircilik Bakan\u0131 Murat Kurum Kahramanmara\u015f&#8217;ta konu\u015fuyor;<\/p>\n<p>Ac\u0131lar\u0131m\u0131z tazeyken biz sahadayken birileri ne yapt\u0131. Devlet bu enkaz\u0131n alt\u0131nda kal\u0131r. Deprem b\u00f6lgesi eskiye ancak \u00e7eyrek as\u0131rda diyerek ellerini ovu\u015fturdular. Geldi\u011fimiz noktada enkaz\u0131n alt\u0131nda kim kald\u0131? Ben s\u00f6yleyeyim. CHP\u2019nin g\u00f6lge genel ba\u015fkan\u0131 kald\u0131.<\/p>\n<p>3 y\u0131ld\u0131r deprem b\u00f6lgesine u\u011framayanlar, biz evleri teslim ettik ya.. Panikleyip ko\u015fa ko\u015fa buraya geldiler. Ellerine tutu\u015fturulan tiyatroyu oynad\u0131lar.<\/p>\n<p>D\u00fcn \u00e7\u0131km\u0131\u015f ortada konut yok diyor.<\/p>\n<p>11 ilimizin birine tek bir \u00e7ivi \u00e7akmad\u0131n\u0131z. Kendi belediyelerinize hizmet binas\u0131 s\u00f6z\u00fc verdiniz onu bile tutmad\u0131n\u0131z.<\/p>\n<p>\u00c7\u00f6pleri bile toplayamayan partinin genel ba\u015fkan\u0131 bizim konutlar\u0131m\u0131z\u0131 be\u011fenmiyor.<\/p>\n<p>Senet imzalat\u0131yormu\u015fuz, faizle ev veriyormu\u015fuz. <\/p>\n<p>Ben bir kez daha tane tane anlatayay\u0131m.<\/p>\n<p>Altyap\u0131 bedelini, arsa bedelini almayaca\u011f\u0131z.<\/p>\n<p>\u00dcst yap\u0131 bedelinde y\u00fczde 50&#8217;ye kadar indirim olacak<\/p>\n<p>\u00d6demeler 2 y\u0131l sonra ba\u015flayacak.<\/p>\n<p>Bug\u00fcne kadar nas\u0131l faizsiz olduysa bundan sonra da \u00f6yle olacak.<\/p>\n<p>AYRINTILAR GELECEK&#8230;<\/p>\n","protected":false},"excerpt":{"rendered":"<p>6 \u015eubat depreminin y\u0131l d\u00f6n\u00fcm\u00fcnde konu\u015fan Murat Kurum, CHP&#8217;nin deprem zaman\u0131nda s\u00f6zlerini hat\u0131rlatarak &#8220;Deprem b\u00f6lgesi eskiye ancak \u00e7eyrek as\u0131rda diyerek ellerini ovu\u015fturdular. Geldi\u011fimiz noktada enkaz\u0131n alt\u0131nda kim kald\u0131? Ben s\u00f6yleyeyim. CHP\u2019nin g\u00f6lge genel ba\u015fkan\u0131 kald\u0131.&#8221; ifadelerini kulland\u0131.<\/p>\n","protected":false},"author":1,"featured_media":22678,"comment_status":"open","ping_status":"open","sticky":false,"template":"","format":"standard","meta":{"footnotes":""},"categories":[9,13],"tags":[],"class_list":["post-22677","post","type-post","status-publish","format-standard","has-post-thumbnail","hentry","category-genel","category-son-dakika"],"_links":{"self":[{"href":"https:\/\/bihavadis.com\/index.php\/wp-json\/wp\/v2\/posts\/22677","targetHints":{"allow":["GET"]}}],"collection":[{"href":"https:\/\/bihavadis.com\/index.php\/wp-json\/wp\/v2\/posts"}],"about":[{"href":"https:\/\/bihavadis.com\/index.php\/wp-json\/wp\/v2\/types\/post"}],"author":[{"embeddable":true,"href":"https:\/\/bihavadis.com\/index.php\/wp-json\/wp\/v2\/users\/1"}],"replies":[{"embeddable":true,"href":"https:\/\/bihavadis.com\/index.php\/wp-json\/wp\/v2\/comments?post=22677"}],"version-history":[{"count":1,"href":"https:\/\/bihavadis.com\/index.php\/wp-json\/wp\/v2\/posts\/22677\/revisions"}],"predecessor-version":[{"id":22679,"href":"https:\/\/bihavadis.com\/index.php\/wp-json\/wp\/v2\/posts\/22677\/revisions\/22679"}],"wp:featuredmedia":[{"embeddable":true,"href":"https:\/\/bihavadis.com\/index.php\/wp-json\/wp\/v2\/media\/22678"}],"wp:attachment":[{"href":"https:\/\/bihavadis.com\/index.php\/wp-json\/wp\/v2\/media?parent=22677"}],"wp:term":[{"taxonomy":"category","embeddable":true,"href":"https:\/\/bihavadis.com\/index.php\/wp-json\/wp\/v2\/categories?post=22677"},{"taxonomy":"post_tag","embeddable":true,"href":"https:\/\/bihavadis.com\/index.php\/wp-json\/wp\/v2\/tags?post=22677"}],"curies":[{"name":"wp","href":"https:\/\/api.w.org\/{rel}","templated":true}]}}