{"id":22695,"date":"2026-02-08T20:48:18","date_gmt":"2026-02-08T20:48:18","guid":{"rendered":"https:\/\/bihavadis.com\/?p=22695"},"modified":"2026-02-08T20:48:18","modified_gmt":"2026-02-08T20:48:18","slug":"bakan-tunctan-yargi-ve-cocuk-suclari-aciklamalari","status":"publish","type":"post","link":"https:\/\/bihavadis.com\/index.php\/2026\/02\/08\/bakan-tunctan-yargi-ve-cocuk-suclari-aciklamalari\/","title":{"rendered":"Bakan Tun\u00e7&#8217;tan Yarg\u0131 ve \u00c7ocuk Su\u00e7lar\u0131 A\u00e7\u0131klamalar\u0131"},"content":{"rendered":"<p>\n<p>ADALET Bakan\u0131 Y\u0131lmaz Tun\u00e7, &#8220;Biz yarg\u0131y\u0131 birilerinin arka bah\u00e7esi olmaktan \u00e7\u0131kard\u0131k, milletin yarg\u0131s\u0131 haline getirdik. ve yarg\u0131m\u0131z mili iradeye sayg\u0131 duyan darbecinin de\u011fil, milli iradenin yan\u0131nda olan, i\u015fte 15 Temmuz&#8217;da milletimiz meydanlarda can\u0131 pahas\u0131na m\u00fccadele ederken, yarg\u0131 mensuplar\u0131m\u0131z adliyelere ko\u015ftular, darbecileri k\u0131sk\u0131vrak yakalad\u0131lar. \u0130\u015fte bunlar hazmedilemiyor&#8221; dedi.<\/p>\n<p>Adalet Bakan\u0131 Y\u0131lmaz Tun\u00e7, Bart\u0131n&#8217;da &#8216;Y\u00fczy\u0131l\u0131n Konut Projesi&#8217; kapsam\u0131nda in\u015fa edilecek 1620 sosyal konutun hak sahipleri i\u00e7in d\u00fczenlenen &#8216;Ev Sahibi T\u00fcrkiye Kura \u00c7ekili\u015f T\u00f6reni&#8217;ne kat\u0131ld\u0131. T\u00f6renin ard\u0131ndan gazetecilerin sorular\u0131n\u0131 yan\u0131tlayan Bakan Tun\u00e7, 18 ya\u015f alt\u0131 \u00e7ocuklar\u0131n ceza d\u00fczenlemelerine ili\u015fkin, &#8220;Ahmet Minguzzi evlad\u0131m\u0131z\u0131n hunharca katledilmesinden sonra, ayn\u0131 \u015fekilde Atlas evlad\u0131m\u0131z\u0131n katledilmesi bizleri derinden sarst\u0131. Ailelerin ac\u0131lar\u0131n\u0131 payla\u015f\u0131yoruz. Say\u0131n Cumhurba\u015fkan\u0131m\u0131z\u0131n her iki aile ilgili g\u00f6r\u00fc\u015fmeleri oldu, hem y\u00fcz y\u00fcze hem de telefonla g\u00f6r\u00fc\u015fmelerimiz oldu. Bizlere de varsa eksiklik, yasal d\u00fczenleme konular\u0131nda gerekli talimatlar\u0131 oldu. Tabii ailelerin ac\u0131s\u0131 \u00e7ok b\u00fcy\u00fck. Bir annenin evlad\u0131n\u0131 kaybetmesi \u00e7ok b\u00fcy\u00fck ac\u0131, o anneler ne derse hakl\u0131d\u0131rlar. Bizler de ac\u0131lar\u0131n\u0131 payla\u015f\u0131yoruz. Bundan sonra bu t\u00fcr ac\u0131 olaylar\u0131n tekrar etmemesiyle ilgili olarak al\u0131nmas\u0131 gereken tedbirler var. Sadece adalet boyutu yok, ayn\u0131 zamanda e\u011fitim, aile, gen\u00e7lik her alanda topyekun m\u00fccadele gerekiyor. \u00c7ocuklar\u0131m\u0131z\u0131 korumam\u0131z gerekiyor, hem \u00e7ocuklar\u0131n su\u00e7a s\u00fcr\u00fcklenmesini \u00f6nlemek hem de su\u00e7a s\u00fcr\u00fcklenen \u00e7ocuklarla ilgili yapt\u0131r\u0131mlarla alakal\u0131 ne yap\u0131lmas\u0131 gerekiyorsa. Bu anlamda biz Adalet Bakanl\u0131\u011f\u0131 olarak bir taslak \u00fczerinde \u00e7al\u0131\u015fm\u0131\u015ft\u0131k. Geni\u015f isti\u015fare yapt\u0131k, hukuk\u00e7ular\u0131m\u0131zdan g\u00f6r\u00fc\u015fler ald\u0131k. T\u00fcrk Ceza Kanunu&#8217;nun 31&#8217;inci maddesinde, biliyorsunuz 18 ya\u015f alt\u0131 \u00e7ocuklar\u0131n ceza sorumlulu\u011fu d\u00fczenlenmi\u015f, burada 12-15 ya\u015f grubu var, bir de 15-18 ya\u015f grubu var. 12 ya\u015f\u0131ndan az olanlar\u0131n ceza sorumlulu\u011fu yok. Bunlarla ilgili \u00e7ocuklara \u00f6zg\u00fc tedbirler uygulan\u0131yor. 12-15 ya\u015f aras\u0131 yeti\u015fkinlere g\u00f6re cezas\u0131 yar\u0131 oran\u0131nda indiriliyor. 15-18 ya\u015f grubundakilerde cezalar\u0131 da 3&#8217;te 1 oran\u0131nda indiriliyor. Dolay\u0131s\u0131yla yeti\u015fkinlere g\u00f6re bir cezaland\u0131rmada, bir indirim s\u00f6z konusu, b\u00fct\u00fcn d\u00fcnya \u00fclkeleri uygulamalar\u0131n\u0131 da inceledik&#8221; diye konu\u015ftu.<\/p>\n<p>Bakan Tun\u00e7, 18 ya\u015f alt\u0131 su\u00e7 i\u015fleyen \u00e7ocuklarla ilgili ara\u015ft\u0131rma komisyonu kuruldu\u011funu belirterek \u015funlar\u0131 s\u00f6yledi: <\/p>\n<p>&#8220;Bizim haz\u0131rlad\u0131\u011f\u0131m\u0131z taslakta \u00f6zellikle 18 ya\u015f alt\u0131 su\u00e7 i\u015fleyen \u00e7ocuklar bak\u0131m\u0131ndan onlar\u0131n \u00f6zellikle her olay\u0131n ve su\u00e7 i\u015fleni\u015f \u015fekli, su\u00e7 i\u015fleme e\u011filimi, ge\u00e7mi\u015fteki sab\u0131ka durumu g\u00f6zetilerek, her dosya baz\u0131nda hakimlere indirim noktas\u0131nda bir takdir yetkisinin verilmesi \u015feklinde bir \u00f6nerimiz vard\u0131. Bu \u00f6neriyi biz Meclis grubumuzda da payla\u015ft\u0131k. Meclis grubumuz di\u011fer partilerle de g\u00f6r\u00fc\u015ferek, partiler aras\u0131nda da bu konuda Meclis&#8217;te daha kapsaml\u0131 bir \u00e7al\u0131\u015fma yap\u0131lmas\u0131 gerekti\u011fi y\u00f6n\u00fcnde bir kanaat olu\u015ftu ve bir ara\u015ft\u0131rma komisyonu kural\u0131m, \u00f6ncelikle \u00e7ocuklar\u0131 su\u00e7a s\u00fcr\u00fckleyen nedenlerden kurtarmak, o nedenleri tespit etmek ve al\u0131nmas\u0131 gereken tedbirleri almak bak\u0131m\u0131ndan hem di\u011fer tedbirler hem de yapt\u0131r\u0131mla ilgili ceza hukuku ile ilgili tedbirler bak\u0131m\u0131ndan daha geni\u015f kapsaml\u0131 bir \u00e7al\u0131\u015fma iradesi Meclis&#8217;te do\u011fdu. T\u00fcm partilerin ortak karar\u0131 ile bir ara\u015ft\u0131rma komisyonu kuruldu. Meclis&#8217;te \u0130stanbul Milletvekilimiz Tu\u011fba Turgut&#8217;un ba\u015fkanl\u0131\u011f\u0131nda bu komisyon \u015fu anda \u00e7al\u0131\u015fmalar\u0131na devam ediyor. Hem bizim \u00f6nerilerimiz ve \u00e7e\u015fitli bakanl\u0131klar\u0131n \u00f6nerilerini dinliyorlar, kurumlar\u0131 akademisyenleri dinliyorlar, bizler de bu komisyona g\u00f6r\u00fc\u015flerimizi ifade ediyoruz ve komisyonunun olu\u015fturaca\u011f\u0131 rapor sonras\u0131nda yasal d\u00fczenleme ihtiyac\u0131 konusu tekrar Meclis&#8217;in g\u00fcndemine gelebilecektir. \u015eu anda komisyon \u00e7al\u0131\u015fmalar\u0131n\u0131 bekliyoruz ama onun \u00f6ncesinde \u00e7ocuklar\u0131n \u00f6rg\u00fctler taraf\u0131ndan kullan\u0131lmas\u0131yla ilgili cezalar\u0131 11&#8217;inci yarg\u0131 paketinde zaten art\u0131rm\u0131\u015ft\u0131k. Hem 10&#8217;uncu yarg\u0131 paketi hem 11&#8217;inci yarg\u0131 paketinde ceza adaletinin etkinli\u011fini sa\u011flayamaya y\u00f6nelik \u00f6nemli d\u00fczenlemeler hayata ge\u00e7ti. \u00d6zellikle meskun mahallede silah atma, trafikte yol kesme, bunlar hep ceza kanunumuzda yerlerini ald\u0131 ve hapis cezas\u0131 gerektiren hususlar olarak \u015fu anda y\u00fcr\u00fcrl\u00fc\u011fe girmi\u015f durumdad\u0131r. Bunun yan\u0131 s\u0131ra denetimli serbestlik uygulamalar\u0131ndan kaynaklanan cezas\u0131zl\u0131k alg\u0131s\u0131n\u0131 ortadan kald\u0131ran d\u00fczenlemelerde yap\u0131ld\u0131.&#8221;<\/p>\n<p>ROJ\u0130N KABA\u0130\u015e SORU\u015eTURMASI<\/p>\n<p>Rojin Kabai\u015f soru\u015fturmas\u0131na ili\u015fkin a\u00e7\u0131klamalarda bulunan Bakan Tun\u00e7, &#8220;Rojin Kabai\u015f soru\u015fturmas\u0131 devam ediyor. Hen\u00fcz soru\u015fturmada \u00f6l\u00fcm sebebi belirlenemedi, suda bo\u011fulma olarak belirlendi ama bu suda bo\u011fulma \u00f6ncesinde herhangi bir \u015fiddete maruz kald\u0131 m\u0131 kalmad\u0131 m\u0131? Bunlar ara\u015ft\u0131r\u0131l\u0131yor. Bu konuda dijital materyaller incelendi, \u00f6zellikle ifadeler al\u0131nd\u0131, \u015f\u00fcpheli g\u00f6r\u00fclen ki\u015filerden DNA testleri yap\u0131ld\u0131, t\u00fcm bunlar Adli T\u0131p s\u00fcre\u00e7lerinde incelendi. Tabii telefonun incelenmesiyle ilgili \u0130spanya Adalet Bakan\u0131 ile benim bizzat bir g\u00f6r\u00fc\u015fmem oldu. Telefonun \u015fu anda incelemesi devam ediyor. \u015eu anda 10 haneli bir \u015fifre oldu\u011fu i\u00e7in s\u00fcrekli bir deneme yaparak, dijital materyale cep telefonundaki bilgilere de ula\u015f\u0131lmaya \u00e7al\u0131\u015f\u0131l\u0131yor. Ailenin ac\u0131s\u0131 b\u00fcy\u00fck, babas\u0131yla ve karde\u015fleriyle Bakanl\u0131kta bir g\u00f6r\u00fc\u015fme yapt\u0131k. &#8216;Bu konuda kararl\u0131y\u0131z&#8217; dedik, &#8216;Sorumlular varsa, onun hayat\u0131n\u0131 kaybetmesine neden olan katiller varsa bu konuda devlet hi\u00e7bir \u015fekilde gizlemez&#8217; dedik ama maalesef bak\u0131yorum, gerek sosyal medyada, baz\u0131 \u00e7evreler taraf\u0131ndan bu konuda sanki devletin yarg\u0131 kurumlar\u0131n\u0131n birilerini gizliyormu\u015f gibi payla\u015f\u0131mda bulunanlar var. Yarg\u0131, devlet yani \u00fcniversiteye yeni ba\u015flam\u0131\u015f bir k\u0131zca\u011f\u0131z\u0131n hakk\u0131n\u0131 korur. Onun hakk\u0131n\u0131 hukukunu korumak devletin g\u00f6revidir. Hi\u00e7 kimseye kim olursa olsun, s\u0131fat\u0131 ne olursa olsun \u00f6yle gizleme vesaire olmaz. Maalesef bu konular \u00fczerinden dezenformasyon yapanlar da var&#8221; diye konu\u015ftu.<\/p>\n<p>MUHALEFETE YANIT VERD\u0130<\/p>\n<p>Bakan Tun\u00e7, \u00f6nceki ak\u015fam sanal medya hesab\u0131ndan Sivas ziyareti s\u0131ras\u0131nda kar ya\u011f\u0131\u015f\u0131 alt\u0131nda yapt\u0131\u011f\u0131 payla\u015f\u0131m sonras\u0131 muhalefetin ele\u015ftirilerine cevap vererek, &#8220;Bizim b\u00fct\u00fcn bakanlar\u0131m\u0131z illeri ziyaret ediyor. Ben bug\u00fcne kadar 62 ili ziyaret ettim. Bu ziyaretlerde ilimizin b\u00fct\u00fcn protokol\u00fc valimiz, siyasi partilerimizin il ba\u015fkanlar\u0131, Adalet Bakan\u0131 oldu\u011fumuz i\u00e7in ba\u015fsavc\u0131m\u0131z, komisyon ba\u015fkan\u0131m\u0131z herkes, ilin protokol\u00fcndeki herkes kar\u015f\u0131lamada bulunuyorlar ve sonras\u0131nda da ertesi g\u00fcn yapaca\u011f\u0131m\u0131z programlar\u0131 isti\u015fare ediyoruz. Bu anlamda da d\u00fcn Sivas&#8217;a bir ziyaret ger\u00e7ekle\u015ftirdik. O ziyarette il protokol\u00fc ile beraber i\u015f yurtlar\u0131 kurumumuzun i\u015fletti\u011fi kona\u011fa gittik. Orada kar ya\u011f\u0131\u015f\u0131 vard\u0131, sonras\u0131nda zaten gece ge\u00e7 saatlerde oldu\u011fu i\u00e7in ertesi g\u00fcn de programlar\u0131m\u0131z s\u00f6z konusuydu. Burada \u00f6zelikle Cumhuriyet Halk Partisi bu konuyu, &#8216;Adalet Bakan\u0131 gitti, Adalet Bakan\u0131n\u0131n yan\u0131nda ba\u015fsavc\u0131 var. Hakimler savc\u0131lar ba\u015fkanvekili vard\u0131&#8217;, \u015fimdi arkada\u015flar hakimler ve savc\u0131lar ba\u015fkanvekili Sivasl\u0131 oldu\u011fu i\u00e7in orada memleketinde, Adalet Bakan\u0131 ile olmas\u0131ndan daha do\u011fal ne olabilir ki? Valimiz bir bakan\u0131n yan\u0131nda il ba\u015fkan\u0131m\u0131z, ben bir parti \u00fcyesiyim, di\u011fer partiler de geliyor bize. Ben di\u011fer illerde gitti\u011fim yerlerde buradan isimlerin s\u00f6ylemeyeyim, Cumhuriyet Halk Partili vekiller kar\u015f\u0131lamada bulunuyor, onlarla da beraber oturuyoruz yine Cumhuriyet Halk Partili belediyelere ben ziyarette bulunuyorum. Bart\u0131n&#8217;da da yapt\u0131k bu ziyaretleri, Amasra Belediyesi&#8217;nin program\u0131na gittik, dolay\u0131s\u0131yla bizde parti ayr\u0131m\u0131 s\u00f6z konusu olmaz. Biz devletin bakan\u0131y\u0131z, milletin se\u00e7ti\u011fi kabinenin bir \u00fcyesiyiz. Dolay\u0131s\u0131yla hi\u00e7bir ayr\u0131m yapmadan geldi\u011fimiz zaman herkes bizim programlar\u0131m\u0131za davetlidir, bu kapsamda da il protokol\u00fc ile beraber bulundu\u011fumuz ortam\u0131 maalesef sanki bir yarg\u0131 ba\u011f\u0131ms\u0131zl\u0131\u011f\u0131na ayk\u0131r\u0131 bir durum varm\u0131\u015f, bir parti devleti, arkada\u015flar parti devletinin ne oldu\u011funu bu millet hi\u00e7bir zaman unutmaz. 27 May\u0131s ihtilalini bu \u00fclkeye y\u0131llarca demokrasi ve anayasa bayram\u0131 diye kutlatan partinin zihniyeti yani Yass\u0131ada zihniyetinin bize parti devleti dersi vermeye hi\u00e7bir hakk\u0131 ve haddi olamaz. Burada yarg\u0131 ba\u011f\u0131ms\u0131zl\u0131\u011f\u0131 ile ilgili ele\u015ftiriler noktas\u0131nda neden bu kadar Cumhuriyet Halk Partisi y\u00f6neticilerinin tela\u015fl\u0131 oldu\u011funu bu millet \u00e7ok iyi biliyor. \u00c7\u00fcnk\u00fc onlar rahats\u0131z, onlar\u0131n hukuk devleti anlay\u0131\u015f\u0131yla bizim hukuk devleti anlay\u0131\u015f\u0131m\u0131z \u00e7ok farkl\u0131. Onlar\u0131n hukuk devleti anlay\u0131\u015f\u0131 27 May\u0131s hukuk devletidir, 27 May\u0131s yarg\u0131s\u0131d\u0131r. Adnan Menderes&#8217;i ve arkada\u015flar\u0131n\u0131 asan yarg\u0131d\u0131r. Onlar\u0131n hukuk devletinden yarg\u0131 ba\u011f\u0131ms\u0131zl\u0131\u011f\u0131ndan anlad\u0131klar\u0131 28 \u015eubat yarg\u0131s\u0131d\u0131r. C\u00fcbbelerini adeta o vesayet\u00e7ilerin darbecilerin \u00f6n\u00fcne seren yarg\u0131 anlay\u0131\u015f\u0131d\u0131r. Biz yarg\u0131y\u0131 birilerinin arka bah\u00e7esi olmaktan \u00e7\u0131kard\u0131k, milletin yarg\u0131s\u0131 haline getirdik. ve yarg\u0131m\u0131z mili iradeye sayg\u0131 duyan darbecinin de\u011fil, milli iradenin yan\u0131nda olan, i\u015fte 15 Temmuz&#8217;da milletimiz meydanlarda can\u0131 pahas\u0131na m\u00fccadele ederken, yarg\u0131 mensuplar\u0131m\u0131z adliyelere ko\u015ftular, darbecileri k\u0131sk\u0131vrak yakalad\u0131lar. \u0130\u015fte bunlar hazmedilemiyor. Bug\u00fcn \u00f6zellikle Cumhuriyet Halk Partisi&#8217;nin ba\u015fta Genel Ba\u015fkan\u0131 olmak \u00fczere di\u011fer y\u00f6neticilerinin a\u00e7\u0131klamalar\u0131na bakt\u0131\u011f\u0131n\u0131z zaman bir tela\u015f var, bir s\u0131k\u0131\u015fm\u0131\u015fl\u0131\u011f\u0131n g\u00f6stergesi. \u00c7\u00fcnk\u00fc yarg\u0131 yolsuzluktan hesap sormas\u0131n istiyorlar, r\u00fc\u015fvetten r\u00fc\u015fvet\u00e7iden hesap sormas\u0131n istiyorlar ama yarg\u0131 art\u0131k vesayet\u00e7iye de ge\u00e7it vermez, yolsuzluk yapandan da h\u0131rs\u0131zl\u0131k yapandan da hesap sorar. O nedenle Cumhuriyet Halk Partisi&#8217;nin rahats\u0131zl\u0131\u011f\u0131 budur. Bizim Sivas&#8217;a gidip orada yapt\u0131\u011f\u0131m\u0131z payla\u015f\u0131mdan yola \u00e7\u0131karak T\u00fcrkiye&#8217;de yarg\u0131 \u00fczerine \u00f6zellikle yarg\u0131 mensuplar\u0131m\u0131z\u0131 onlara hakaret ederek tehdit ederek, sanki o ziyaretten bir mana \u00e7\u0131kararak, birtak\u0131m a\u00e7\u0131klamalar yapmak beyhudedir&#8221; ifadelerini kulland\u0131. <\/p>\n","protected":false},"excerpt":{"rendered":"<p>Adalet Bakan\u0131 Tun\u00e7, yarg\u0131n\u0131n ba\u011f\u0131ms\u0131zl\u0131\u011f\u0131n\u0131 vurgulad\u0131 ve 18 ya\u015f alt\u0131 \u00e7ocuk su\u00e7lar\u0131 i\u00e7in yeni d\u00fczenlemelerden bahsetti.<\/p>\n","protected":false},"author":1,"featured_media":22696,"comment_status":"open","ping_status":"open","sticky":false,"template":"","format":"standard","meta":{"footnotes":""},"categories":[12],"tags":[258,683,395,563,3235],"class_list":["post-22695","post","type-post","status-publish","format-standard","has-post-thumbnail","hentry","category-siyaset","tag-ceza","tag-cocuklar","tag-is","tag-parti","tag-yargi"],"_links":{"self":[{"href":"https:\/\/bihavadis.com\/index.php\/wp-json\/wp\/v2\/posts\/22695","targetHints":{"allow":["GET"]}}],"collection":[{"href":"https:\/\/bihavadis.com\/index.php\/wp-json\/wp\/v2\/posts"}],"about":[{"href":"https:\/\/bihavadis.com\/index.php\/wp-json\/wp\/v2\/types\/post"}],"author":[{"embeddable":true,"href":"https:\/\/bihavadis.com\/index.php\/wp-json\/wp\/v2\/users\/1"}],"replies":[{"embeddable":true,"href":"https:\/\/bihavadis.com\/index.php\/wp-json\/wp\/v2\/comments?post=22695"}],"version-history":[{"count":1,"href":"https:\/\/bihavadis.com\/index.php\/wp-json\/wp\/v2\/posts\/22695\/revisions"}],"predecessor-version":[{"id":22697,"href":"https:\/\/bihavadis.com\/index.php\/wp-json\/wp\/v2\/posts\/22695\/revisions\/22697"}],"wp:featuredmedia":[{"embeddable":true,"href":"https:\/\/bihavadis.com\/index.php\/wp-json\/wp\/v2\/media\/22696"}],"wp:attachment":[{"href":"https:\/\/bihavadis.com\/index.php\/wp-json\/wp\/v2\/media?parent=22695"}],"wp:term":[{"taxonomy":"category","embeddable":true,"href":"https:\/\/bihavadis.com\/index.php\/wp-json\/wp\/v2\/categories?post=22695"},{"taxonomy":"post_tag","embeddable":true,"href":"https:\/\/bihavadis.com\/index.php\/wp-json\/wp\/v2\/tags?post=22695"}],"curies":[{"name":"wp","href":"https:\/\/api.w.org\/{rel}","templated":true}]}}