{"id":22781,"date":"2026-02-08T22:00:09","date_gmt":"2026-02-08T22:00:09","guid":{"rendered":"https:\/\/bihavadis.com\/?p=22781"},"modified":"2026-02-08T22:00:09","modified_gmt":"2026-02-08T22:00:09","slug":"baskan-halit-dogan-bakan-murat-kuruma-samsun-projelerini-anlatti","status":"publish","type":"post","link":"https:\/\/bihavadis.com\/index.php\/2026\/02\/08\/baskan-halit-dogan-bakan-murat-kuruma-samsun-projelerini-anlatti\/","title":{"rendered":"Ba\u015fkan Halit Do\u011fan, Bakan Murat Kurum&#8217;a Samsun projelerini anlatt\u0131"},"content":{"rendered":"<p> Samsun B\u00fcy\u00fck\u015fehir Belediye Ba\u015fkan\u0131 Halit Do\u011fan, \u00c7evre, \u015eehircilik ve \u0130klim De\u011fi\u015fikli\u011fi Bakan\u0131 Murat Kurum&#8217;a Samsun&#8217;da y\u00fcr\u00fct\u00fclen \u00e7al\u0131\u015fmalar ve planlanan projeler hakk\u0131nda kapsaml\u0131 bilgiler verdi.<\/p>\n<p>\u00c7evre, \u015eehircilik ve \u0130klim De\u011fi\u015fikli\u011fi Bakan\u0131 Murat Kurum, Samsun&#8217;da ger\u00e7ekle\u015ftirdi\u011fi ziyaretler kapsam\u0131nda Samsun B\u00fcy\u00fck\u015fehir Belediye Ba\u015fkan\u0131 Halit Do\u011fan&#8217;\u0131 makam\u0131nda ziyaret etti. Ba\u015fkan Do\u011fan, &#8220;\u00c7evre, \u015eehircilik ve \u0130klim De\u011fi\u015fikli\u011fi Bakan\u0131m\u0131z Murat Kurum&#8217;u Samsun&#8217;umuzda a\u011f\u0131rlamaktan b\u00fcy\u00fck mutluluk duyduk. Kendisine ziyaretleri ve Samsun&#8217;umuza verdi\u011fi \u00f6nem i\u00e7in te\u015fekk\u00fcr ediyorum&#8221; dedi.<\/p>\n<p>Cumhuriyet tarihinin en b\u00fcy\u00fck sosyal konut hamlesi olarak hayata ge\u00e7irilen &#8220;Y\u00fczy\u0131l\u0131n Konut Projesi&#8221; i\u00e7in Samsun&#8217;a gelen \u00c7evre, \u015eehircilik ve \u0130klim De\u011fi\u015fikli\u011fi Murat Kurum&#8217;u Samsun B\u00fcy\u00fck\u015fehir Belediye Ba\u015fkan\u0131 Halit Do\u011fan makam\u0131nda a\u011f\u0131rlad\u0131. Samsun ziyareti kapsam\u0131nda Bakan Murat Kurum, Samsun B\u00fcy\u00fck\u015fehir Belediyesi \u00c7ok Ama\u00e7l\u0131 Salon&#8217;da Y\u00fczy\u0131l\u0131n Konut Projesi&#8217;nin Samsun etab\u0131 i\u00e7in ger\u00e7ekle\u015ftirilen kura \u00e7ekili\u015fine kat\u0131ld\u0131. Kura \u00e7ekili\u015finin ard\u0131ndan Kurum, Saathane b\u00f6lgesinde esnaf ziyaretinde bulundu. Esnaf ziyaretinin ard\u0131ndan Samsun B\u00fcy\u00fck\u015fehir Belediye Ba\u015fkan\u0131 Halit Do\u011fan, Bakan Murat Kurum&#8217;u makam\u0131nda a\u011f\u0131rlad\u0131. G\u00f6r\u00fc\u015fmede Bakan Kurum, Ba\u015fkan Do\u011fan&#8217;\u0131n Samsun i\u00e7in y\u00fcr\u00fctt\u00fc\u011f\u00fc \u00e7al\u0131\u015fmalar\u0131 ilgiyle dinledi; \u015fehir ad\u0131na yap\u0131lan hizmetlerden dolay\u0131 Ba\u015fkan Do\u011fan&#8217;a ba\u015far\u0131lar diledi. An\u0131 defterinin imzalanmas\u0131 ve hat\u0131ra foto\u011fraf\u0131 \u00e7ekili\u015fi ile ziyaret sona erdi.<\/p>\n<p>&#8220;Bakan\u0131m\u0131za te\u015fekk\u00fcrlerimi sunuyorum&#8221;<\/p>\n<p>Samsun B\u00fcy\u00fck\u015fehir Belediye Ba\u015fkan\u0131 Halit Do\u011fan yapt\u0131\u011f\u0131 a\u00e7\u0131klamada, &#8220;\u00c7evre, \u015eehircilik ve \u0130klim De\u011fi\u015fikli\u011fi Bakan\u0131m\u0131z Murat Kurum&#8217;u Samsun&#8217;umuzda a\u011f\u0131rlamaktan b\u00fcy\u00fck mutluluk duyduk. Bakan\u0131m\u0131za Samsun&#8217;umuzda y\u00fcr\u00fctt\u00fc\u011f\u00fcm\u00fcz \u00e7al\u0131\u015fmalar ve planlanan projelerimiz hakk\u0131nda detayl\u0131 bilgiler verdik. \u015eehircilik, kentsel d\u00f6n\u00fc\u015f\u00fcm, sosyal konut projeleri ve \u015fehrimizin gelece\u011fine y\u00f6nelik yat\u0131r\u0131mlar hakk\u0131nda kapsaml\u0131 isti\u015farelerde bulunduk. Kendisine bu ziyaretleri i\u00e7in ve Samsun&#8217;umuza verdi\u011fi \u00f6nem i\u00e7in te\u015fekk\u00fcr ediyorum&#8221; diye konu\u015ftu. &#8211; SAMSUN<\/p>\n","protected":false},"excerpt":{"rendered":"<p>\u00c7evre, \u015eehircilik ve \u0130klim De\u011fi\u015fikli\u011fi Bakan\u0131 Murat Kurum, Samsun B\u00fcy\u00fck\u015fehir Belediye Ba\u015fkan\u0131 Halit Do\u011fan ile birlikte \u015fehrin y\u00fcr\u00fct\u00fclen projeleri ve sosyal konut hamleleri hakk\u0131nda bilgi al\u0131\u015fveri\u015finde bulundu.<\/p>\n","protected":false},"author":1,"featured_media":22782,"comment_status":"open","ping_status":"open","sticky":false,"template":"","format":"standard","meta":{"footnotes":""},"categories":[12],"tags":[3971,3972,3970,385,319],"class_list":["post-22781","post","type-post","status-publish","format-standard","has-post-thumbnail","hentry","category-siyaset","tag-degisikligi","tag-halit-dogan","tag-murat","tag-samsun","tag-ziyaret"],"_links":{"self":[{"href":"https:\/\/bihavadis.com\/index.php\/wp-json\/wp\/v2\/posts\/22781","targetHints":{"allow":["GET"]}}],"collection":[{"href":"https:\/\/bihavadis.com\/index.php\/wp-json\/wp\/v2\/posts"}],"about":[{"href":"https:\/\/bihavadis.com\/index.php\/wp-json\/wp\/v2\/types\/post"}],"author":[{"embeddable":true,"href":"https:\/\/bihavadis.com\/index.php\/wp-json\/wp\/v2\/users\/1"}],"replies":[{"embeddable":true,"href":"https:\/\/bihavadis.com\/index.php\/wp-json\/wp\/v2\/comments?post=22781"}],"version-history":[{"count":1,"href":"https:\/\/bihavadis.com\/index.php\/wp-json\/wp\/v2\/posts\/22781\/revisions"}],"predecessor-version":[{"id":22783,"href":"https:\/\/bihavadis.com\/index.php\/wp-json\/wp\/v2\/posts\/22781\/revisions\/22783"}],"wp:featuredmedia":[{"embeddable":true,"href":"https:\/\/bihavadis.com\/index.php\/wp-json\/wp\/v2\/media\/22782"}],"wp:attachment":[{"href":"https:\/\/bihavadis.com\/index.php\/wp-json\/wp\/v2\/media?parent=22781"}],"wp:term":[{"taxonomy":"category","embeddable":true,"href":"https:\/\/bihavadis.com\/index.php\/wp-json\/wp\/v2\/categories?post=22781"},{"taxonomy":"post_tag","embeddable":true,"href":"https:\/\/bihavadis.com\/index.php\/wp-json\/wp\/v2\/tags?post=22781"}],"curies":[{"name":"wp","href":"https:\/\/api.w.org\/{rel}","templated":true}]}}