{"id":22791,"date":"2026-02-08T22:09:07","date_gmt":"2026-02-08T22:09:07","guid":{"rendered":"https:\/\/bihavadis.com\/?p=22791"},"modified":"2026-02-08T22:09:07","modified_gmt":"2026-02-08T22:09:07","slug":"musa-bozkurt-son-yolculuguna-ugurlandi","status":"publish","type":"post","link":"https:\/\/bihavadis.com\/index.php\/2026\/02\/08\/musa-bozkurt-son-yolculuguna-ugurlandi\/","title":{"rendered":"Musa Bozkurt Son Yolculu\u011funa U\u011furland\u0131"},"content":{"rendered":"<p> Samsun&#8217;da tedavi g\u00f6rd\u00fc\u011f\u00fc hastanede ya\u015fam\u0131n\u0131 yitiren Tefti\u015f Kurulu Ba\u015fkanl\u0131\u011f\u0131nda g\u00f6revli polis ba\u015fm\u00fcfetti\u015fi 1. s\u0131n\u0131f emniyet m\u00fcd\u00fcr\u00fc Musa Bozkurt, son yolculu\u011funa u\u011furland\u0131.<\/p>\n<p>Kalp krizi nedeniyle tedavi g\u00f6rd\u00fc\u011f\u00fc hastanede hayat\u0131n\u0131 kaybeden Bozkurt i\u00e7in Samsun Emniyet M\u00fcd\u00fcrl\u00fc\u011f\u00fc \u00f6n\u00fcnde t\u00f6ren d\u00fczenlendi.<\/p>\n<p>Bozkurt&#8217;un cenazesi, B\u00fcy\u00fck Cami&#8217;de k\u0131l\u0131nan cenaze namaz\u0131n\u0131n ard\u0131ndan Derecik Mezarl\u0131\u011f\u0131&#8217;na defnedildi.<\/p>\n<p>T\u00f6rene Bozkurt&#8217;un yak\u0131nlar\u0131 ile CHP Samsun Milletvekili Murat \u00c7an, Vali Yard\u0131mc\u0131s\u0131 Abdulkadir Demir, \u0130l Emniyet M\u00fcd\u00fcr\u00fc Ahmet Ar\u0131ba\u015f, Cumhuriyet Ba\u015fsavc\u0131s\u0131 Mehmet Sabri K\u0131l\u0131\u00e7, Sahil G\u00fcvenlik Karadeniz B\u00f6lge Komutan\u0131 Tu\u011famiral Ahmet Bahad\u0131r, \u0130l Jandarma Komutan\u0131 Tu\u011fgeneral Mustafa Bak\u00e7ep\u0131nar, Edirne \u0130l Emniyet M\u00fcd\u00fcr\u00fc Muhittin Ayhan, Tefti\u015f Kurulu Ba\u015fkan Yard\u0131mc\u0131s\u0131 Ersan Akbaba, Tan\u0131k Koruma Daire Ba\u015fkan\u0131 \u0130smail Hakk\u0131 G\u00fcnay, Merzifon Polis Okulu M\u00fcd\u00fcr\u00fc Erol Demir ile emniyet personeli kat\u0131ld\u0131.<\/p>\n","protected":false},"excerpt":{"rendered":"<p>Kalp krizinden vefat eden polis ba\u015fm\u00fcfetti\u015fi Musa Bozkurt i\u00e7in cenaze t\u00f6reni d\u00fczenlendi.<\/p>\n","protected":false},"author":1,"featured_media":22792,"comment_status":"open","ping_status":"open","sticky":false,"template":"","format":"standard","meta":{"footnotes":""},"categories":[12],"tags":[1441],"class_list":["post-22791","post","type-post","status-publish","format-standard","has-post-thumbnail","hentry","category-siyaset","tag-emniyet"],"_links":{"self":[{"href":"https:\/\/bihavadis.com\/index.php\/wp-json\/wp\/v2\/posts\/22791","targetHints":{"allow":["GET"]}}],"collection":[{"href":"https:\/\/bihavadis.com\/index.php\/wp-json\/wp\/v2\/posts"}],"about":[{"href":"https:\/\/bihavadis.com\/index.php\/wp-json\/wp\/v2\/types\/post"}],"author":[{"embeddable":true,"href":"https:\/\/bihavadis.com\/index.php\/wp-json\/wp\/v2\/users\/1"}],"replies":[{"embeddable":true,"href":"https:\/\/bihavadis.com\/index.php\/wp-json\/wp\/v2\/comments?post=22791"}],"version-history":[{"count":1,"href":"https:\/\/bihavadis.com\/index.php\/wp-json\/wp\/v2\/posts\/22791\/revisions"}],"predecessor-version":[{"id":22793,"href":"https:\/\/bihavadis.com\/index.php\/wp-json\/wp\/v2\/posts\/22791\/revisions\/22793"}],"wp:featuredmedia":[{"embeddable":true,"href":"https:\/\/bihavadis.com\/index.php\/wp-json\/wp\/v2\/media\/22792"}],"wp:attachment":[{"href":"https:\/\/bihavadis.com\/index.php\/wp-json\/wp\/v2\/media?parent=22791"}],"wp:term":[{"taxonomy":"category","embeddable":true,"href":"https:\/\/bihavadis.com\/index.php\/wp-json\/wp\/v2\/categories?post=22791"},{"taxonomy":"post_tag","embeddable":true,"href":"https:\/\/bihavadis.com\/index.php\/wp-json\/wp\/v2\/tags?post=22791"}],"curies":[{"name":"wp","href":"https:\/\/api.w.org\/{rel}","templated":true}]}}