{"id":22826,"date":"2026-02-08T22:36:08","date_gmt":"2026-02-08T22:36:08","guid":{"rendered":"https:\/\/bihavadis.com\/?p=22826"},"modified":"2026-02-08T22:36:08","modified_gmt":"2026-02-08T22:36:08","slug":"ozbalta-15-hafta-cok-sayida-final-maci-oynayacagiz","status":"publish","type":"post","link":"https:\/\/bihavadis.com\/index.php\/2026\/02\/08\/ozbalta-15-hafta-cok-sayida-final-maci-oynayacagiz\/","title":{"rendered":"\u00d6zbalta: 15 Hafta \u00c7ok Say\u0131da Final Ma\u00e7\u0131 Oynayaca\u011f\u0131z"},"content":{"rendered":"<p>Erzurumspor FK Teknik Direkt\u00f6r\u00fc Serkan \u00d6zbalta, \u00f6nlerinde \u00e7ok uzun bir yol oldu\u011funu belirterek, &#8220;\u00d6n\u00fcm\u00fczde 15 hafta var ve \u00e7ok say\u0131da final ma\u00e7\u0131 oynayaca\u011f\u0131z&#8221; dedi.<\/p>\n<p>Trendyol 1. Lig&#8217;in 23. haftas\u0131nda Erzurumspor FK, konuk etti\u011fi Sar\u0131yerspor&#8217;u 4-0 ma\u011flup etti. Ma\u00e7\u0131n ard\u0131ndan d\u00fczenlenen bas\u0131n toplant\u0131s\u0131nda a\u00e7\u0131klamalarda bulunan Erzurumspor FK Teknik Direkt\u00f6r\u00fc Serkan \u00d6zbalta, erken bir gol bularak oyuna iyi ba\u015flad\u0131k belirterek, &#8220;Ondan sonraki b\u00f6l\u00fcmde, devreye girerken sayd\u0131m, tam 5 net pozisyonumuz vard\u0131. Ama ma\u00e7 i\u00e7inde gol ka\u00e7\u0131rd\u0131k\u00e7a biraz oyundan d\u00fc\u015fmeye ba\u015flad\u0131k. \u00c7\u00fcnk\u00fc pozisyonlar \u00e7ok netti. \u0130kinciyi ka\u00e7\u0131rd\u0131k, \u00fc\u00e7\u00fcnc\u00fcy\u00fc, d\u00f6rd\u00fcnc\u00fcy\u00fc derken bu gibi durumlarda zihinsel olarak daha g\u00fc\u00e7l\u00fc kalabilmeliyiz. Mental a\u00e7\u0131dan daha sa\u011fl\u0131kl\u0131 d\u00fc\u015f\u00fcnebilmeliyiz. O pozisyonlarda atamad\u0131\u011f\u0131m\u0131zda, yapabilece\u011fimize biraz daha fazla inanmal\u0131 ve bunun \u00fczerine gitmeliyiz. O anlamda biraz &#8220;acaba ne oluyor&#8221; dedik. Oyuncular net 5 pozisyon ka\u00e7\u0131r\u0131nca devreye girdik&#8221; diye konu\u015ftu.<\/p>\n<p>&#8220;Final gibi ma\u00e7lar oynayaca\u011f\u0131z&#8221;<\/p>\n<p>Sar\u0131yer&#8217;in ikinci yar\u0131ya iyi ba\u015flad\u0131\u011f\u0131n\u0131 ifade eden \u00d6zbalta, &#8220;Yedikleri erken gol\u00fcn \u015fokunu \u00fczerlerinden at\u0131p, top oynamak istediler. En az\u0131ndan buradan 1 puan \u00e7\u0131karma d\u00fc\u015f\u00fcncesindeydiler. Zaten o dakikadan sonra kaybedecek bir \u015feyleri kalm\u0131yor. \u00c7\u00fcnk\u00fc kritik bir yerdeler. 10-15. dakikadan sonra e\u011fer oyun o \u015fekilde devam etseydi, sahadaki dizili\u015f anlam\u0131nda de\u011fi\u015fikli\u011fe gidecektim. Ama ondan sonra oyuncular toparland\u0131. Tam toparland\u0131lar dedi\u011fimiz noktadan 2-3 dakika sonra gol\u00fc bulduk. Orada bir rahatlama oldu. Oyun ciddiyeti anlam\u0131nda devam ettik ama zihinsel olarak rahatlad\u0131lar. \u00d6n\u00fcm\u00fczdeki g\u00fcnlerde \u00e7ok s\u0131k ma\u00e7 oynayaca\u011f\u0131z ve haftada 3 m\u00fcsabaka oynayaca\u011f\u0131m\u0131z bir s\u00fcrece giriyoruz. Hem oyuncular\u0131 korumak ad\u0131na hem de di\u011fer oyunculara \u015fans vermek ad\u0131na de\u011fi\u015fiklikler yapt\u0131k. Onlar da \u00e7ok ciddi \u00e7al\u0131\u015f\u0131yorlar, kendilerine te\u015fekk\u00fcr ediyorum. Bu anlamda onlar\u0131 da de\u011ferlendirdik ve dizili\u015f de\u011fi\u015fikli\u011fine gittik. Sonras\u0131nda \u00fc\u00e7\u00fcnc\u00fc gol\u00fc bulduk ve d\u00f6rd\u00fcnc\u00fc gol\u00fc de bulduk. Tertemiz bir m\u00fcsabaka oldu. \u0130yi oynad\u0131k, iyi m\u00fccadele ettik. Taraftarlar\u0131m\u0131z ge\u00e7en haftadan cezal\u0131 olduklar\u0131 i\u00e7in gelemediler. Az say\u0131da taraftar vard\u0131 ama ellerinden geldi\u011fince bizi desteklediler. Onlara buradan te\u015fekk\u00fcr ediyorum. Galibiyet onlara ve \u015fehrimize arma\u011fan olsun. \u015eunu tekrar hat\u0131rlatmak istiyorum; ger\u00e7ekten \u00e7ok uzun bir yol var. \u00d6n\u00fcm\u00fczde 15 hafta var ve \u00e7ok say\u0131da final ma\u00e7\u0131 oynayaca\u011f\u0131z. Hepimizin, oyuncular\u0131n, kul\u00fcp y\u00f6netiminin, ba\u015fkan\u0131m\u0131z\u0131n ve en \u00f6nemlisi taraftarlar\u0131m\u0131z\u0131n zihinsel g\u00fcc\u00fc \u00e7ok \u00fcst seviyede olmal\u0131. Sakin kalabilmeliyiz&#8221; \u015feklinde konu\u015ftu. &#8211; ERZURUM<\/p>\n","protected":false},"excerpt":{"rendered":"<p>Erzurumspor FK Teknik Direkt\u00f6r\u00fc \u00d6zbalta, tak\u0131m\u0131n \u00f6n\u00fcnde zor bir s\u00fcre\u00e7 oldu\u011funu vurgulad\u0131.<\/p>\n","protected":false},"author":1,"featured_media":22827,"comment_status":"open","ping_status":"open","sticky":false,"template":"","format":"standard","meta":{"footnotes":""},"categories":[14],"tags":[269,364,2555],"class_list":["post-22826","post","type-post","status-publish","format-standard","has-post-thumbnail","hentry","category-spor","tag-gol","tag-mac","tag-oyuncular"],"_links":{"self":[{"href":"https:\/\/bihavadis.com\/index.php\/wp-json\/wp\/v2\/posts\/22826","targetHints":{"allow":["GET"]}}],"collection":[{"href":"https:\/\/bihavadis.com\/index.php\/wp-json\/wp\/v2\/posts"}],"about":[{"href":"https:\/\/bihavadis.com\/index.php\/wp-json\/wp\/v2\/types\/post"}],"author":[{"embeddable":true,"href":"https:\/\/bihavadis.com\/index.php\/wp-json\/wp\/v2\/users\/1"}],"replies":[{"embeddable":true,"href":"https:\/\/bihavadis.com\/index.php\/wp-json\/wp\/v2\/comments?post=22826"}],"version-history":[{"count":1,"href":"https:\/\/bihavadis.com\/index.php\/wp-json\/wp\/v2\/posts\/22826\/revisions"}],"predecessor-version":[{"id":22828,"href":"https:\/\/bihavadis.com\/index.php\/wp-json\/wp\/v2\/posts\/22826\/revisions\/22828"}],"wp:featuredmedia":[{"embeddable":true,"href":"https:\/\/bihavadis.com\/index.php\/wp-json\/wp\/v2\/media\/22827"}],"wp:attachment":[{"href":"https:\/\/bihavadis.com\/index.php\/wp-json\/wp\/v2\/media?parent=22826"}],"wp:term":[{"taxonomy":"category","embeddable":true,"href":"https:\/\/bihavadis.com\/index.php\/wp-json\/wp\/v2\/categories?post=22826"},{"taxonomy":"post_tag","embeddable":true,"href":"https:\/\/bihavadis.com\/index.php\/wp-json\/wp\/v2\/tags?post=22826"}],"curies":[{"name":"wp","href":"https:\/\/api.w.org\/{rel}","templated":true}]}}