{"id":22908,"date":"2026-02-08T23:45:09","date_gmt":"2026-02-08T23:45:09","guid":{"rendered":"https:\/\/bihavadis.com\/?p=22908"},"modified":"2026-02-08T23:45:09","modified_gmt":"2026-02-08T23:45:09","slug":"kumluca-ciftcilerine-sera-destegi","status":"publish","type":"post","link":"https:\/\/bihavadis.com\/index.php\/2026\/02\/08\/kumluca-ciftcilerine-sera-destegi\/","title":{"rendered":"Kumluca \u00c7ift\u00e7ilerine Sera Deste\u011fi"},"content":{"rendered":"<p> Antalya B\u00fcy\u00fck\u015fehir Belediyesi taraf\u0131ndan Kumluca&#8217;da hortumdan etkilenen \u00e7ift\u00e7ilere plastik sera \u00f6rt\u00fcs\u00fc deste\u011fi sa\u011fland\u0131.<\/p>\n<p>Antalya B\u00fcy\u00fck\u015fehir Belediyesi Kumluca Koordinasyon Ba\u015fkan\u0131 Kerem Kaya Turan, yapt\u0131\u011f\u0131 a\u00e7\u0131klamada, belediye olarak her zaman \u00fcreticinin yan\u0131nda olduklar\u0131n\u0131 belirtti.<\/p>\n<p>Bu do\u011frultuda hortumdan etkilenen Mavikent, Beykonak, Topta\u015f, Sar\u0131kavak ve G\u00fcz\u00f6ren mahallelerindeki \u00e7ift\u00e7ilere, toplam 82 dekar alan\u0131 kapsayacak sera naylonu da\u011f\u0131t\u0131ld\u0131\u011f\u0131n\u0131 aktaran Turan, \u015funlar\u0131 kaydetti: <\/p>\n<p>&#8220;Belediye olarak do\u011fal afetlerden etkilenen vatanda\u015flar\u0131m\u0131z\u0131n bir nebze olsun yaralar\u0131n\u0131 sarabilmek i\u00e7in \u00e7al\u0131\u015f\u0131yoruz. Daha \u00f6nce sel ve su bask\u0131n\u0131ndan etkilenen vatanda\u015flar\u0131m\u0131za destekler sa\u011flam\u0131\u015ft\u0131k. Bug\u00fcn de hortumdan etkilenen vatanda\u015flar\u0131m\u0131za plastik sera \u00f6rt\u00fcs\u00fc da\u011f\u0131t\u0131yoruz. Bundan sonra da desteklerimiz devam edecek.&#8221;<\/p>\n","protected":false},"excerpt":{"rendered":"<p>Antalya B\u00fcy\u00fck\u015fehir Belediyesi, hortumdan etkilenen Kumluca \u00e7ift\u00e7ilerine plastik sera \u00f6rt\u00fcs\u00fc sa\u011flad\u0131.<\/p>\n","protected":false},"author":1,"featured_media":22909,"comment_status":"open","ping_status":"open","sticky":false,"template":"","format":"standard","meta":{"footnotes":""},"categories":[9,4,13],"tags":[3989],"class_list":["post-22908","post","type-post","status-publish","format-standard","has-post-thumbnail","hentry","category-genel","category-gundem","category-son-dakika","tag-etkilenen"],"_links":{"self":[{"href":"https:\/\/bihavadis.com\/index.php\/wp-json\/wp\/v2\/posts\/22908","targetHints":{"allow":["GET"]}}],"collection":[{"href":"https:\/\/bihavadis.com\/index.php\/wp-json\/wp\/v2\/posts"}],"about":[{"href":"https:\/\/bihavadis.com\/index.php\/wp-json\/wp\/v2\/types\/post"}],"author":[{"embeddable":true,"href":"https:\/\/bihavadis.com\/index.php\/wp-json\/wp\/v2\/users\/1"}],"replies":[{"embeddable":true,"href":"https:\/\/bihavadis.com\/index.php\/wp-json\/wp\/v2\/comments?post=22908"}],"version-history":[{"count":1,"href":"https:\/\/bihavadis.com\/index.php\/wp-json\/wp\/v2\/posts\/22908\/revisions"}],"predecessor-version":[{"id":22910,"href":"https:\/\/bihavadis.com\/index.php\/wp-json\/wp\/v2\/posts\/22908\/revisions\/22910"}],"wp:featuredmedia":[{"embeddable":true,"href":"https:\/\/bihavadis.com\/index.php\/wp-json\/wp\/v2\/media\/22909"}],"wp:attachment":[{"href":"https:\/\/bihavadis.com\/index.php\/wp-json\/wp\/v2\/media?parent=22908"}],"wp:term":[{"taxonomy":"category","embeddable":true,"href":"https:\/\/bihavadis.com\/index.php\/wp-json\/wp\/v2\/categories?post=22908"},{"taxonomy":"post_tag","embeddable":true,"href":"https:\/\/bihavadis.com\/index.php\/wp-json\/wp\/v2\/tags?post=22908"}],"curies":[{"name":"wp","href":"https:\/\/api.w.org\/{rel}","templated":true}]}}