{"id":22951,"date":"2026-02-09T00:24:08","date_gmt":"2026-02-09T00:24:08","guid":{"rendered":"https:\/\/bihavadis.com\/?p=22951"},"modified":"2026-02-09T00:24:08","modified_gmt":"2026-02-09T00:24:08","slug":"fenerbahce-ayriligi-acikladi-jhon-duranin-yeni-takimi-belli-oldu","status":"publish","type":"post","link":"https:\/\/bihavadis.com\/index.php\/2026\/02\/09\/fenerbahce-ayriligi-acikladi-jhon-duranin-yeni-takimi-belli-oldu\/","title":{"rendered":"Fenerbah\u00e7e ayr\u0131l\u0131\u011f\u0131 a\u00e7\u0131klad\u0131: Jhon Duran&#8217;\u0131n yeni tak\u0131m\u0131 belli oldu"},"content":{"rendered":"<p>Fenerbah\u00e7e, sezon ba\u015f\u0131nda Al Nassr&#8217;dan b\u00fcy\u00fck umutlarla kadrosun katt\u0131\u011f\u0131 Jhon Duran&#8217;dan istedi\u011fini alamad\u0131.<\/p>\n<p>Sar\u0131-lacivertli y\u00f6netim Duran&#8217;\u0131n s\u00f6zle\u015fmesini feshetti.<\/p>\n<p>Kolombiyal\u0131 futbolcu, Rusya Premier Lig tak\u0131m\u0131 Zenit ile s\u00f6zle\u015fme imzalamak i\u00e7in Rusya&#8217;ya gitti.<\/p>\n<p><strong>ZEN\u0130T&#8217;E TRANSFER OLDU <\/strong><\/p>\n<p>Kul\u00fcplerden k\u0131sa s\u00fcre i\u00e7erisinde resmi a\u00e7\u0131klaman\u0131n yap\u0131lmas\u0131 bekleniyor.<\/p>\n<p>Bu sezon \u015fu ana kadar 21 ma\u00e7a \u00e7\u0131kan Duran bu ma\u00e7larda 5 gol, 3 asist yapt\u0131.<\/p>\n<p>Beklentilerin alt\u0131nda kalan gen\u00e7 futbolcu sar\u0131-lacivertli taraftarlar taraf\u0131ndan ele\u015ftiri oklar\u0131n\u0131n hedefindeydi.<\/p>\n<p><img decoding=\"async\" src=\"https:\/\/bihavadis.com\/wp-content\/uploads\/2026\/02\/fenerbahce-ayriligi-acikladi-jhon-duranin-yeni-takimi-belli-oldu-0-2FNesJEy.jpg\"\/><\/p>\n<p><strong>KURTLAR VAD\u0130S\u0130&#8217;N\u0130N DURAN EMM\u0130&#8217;S\u0130YLE TANITILMI\u015eTI<\/strong><\/p>\n<p>\u00d6te yandan Fenerbah\u00e7e, Jhon Duran transferi sonras\u0131 oyuncu i\u00e7in \u00f6zel bir video yay\u0131nlam\u0131\u015ft\u0131.<\/p>\n<p>Yay\u0131nlanan videoda,<b><em> &#8216;Jhon Duran isminde bir beyefendi geldi&#8217; <\/em><\/b>notuyla yap\u0131lan payla\u015f\u0131mda, efsane dizi Kurtlar Vadisi&#8217;nin unutulmaz karakterlerinden Duran Emmi&#8217;yi canland\u0131ran Kurtulu\u015f \u015eakira\u011fao\u011flu yer alm\u0131\u015ft\u0131.<\/p>\n<p>\u00dcnl\u00fc oyuncu, videoda Jhon Duran&#8217;\u0131 g\u00f6r\u00fcnt\u00fcl\u00fc olarak aram\u0131\u015ft\u0131.<\/p>\n<p><img decoding=\"async\" src=\"https:\/\/bihavadis.com\/wp-content\/uploads\/2026\/02\/fenerbahce-ayriligi-acikladi-jhon-duranin-yeni-takimi-belli-oldu-1-nxEzp44P.jpg\"\/><\/p>\n<p><strong>&#8220;SA\u011e OL EMM\u0130&#8221;<\/strong><\/p>\n<p>\u015eakira\u011fao\u011flu&#8217;nun Duran&#8217;a <b><em>&#8220;G\u00fczel \u00fclkemize ho\u015f geldin Duran ye\u011fenim. S\u0131rt\u0131nda \u00e7ubuklu forma, koca \u0130stanbul sana emanet. Jhon Duran geldi deyiversinler.&#8221;<\/em><\/b> ifadelerini kulland\u0131\u011f\u0131 duyulmu\u015ftu.<\/p>\n<p>Duran ise usta sanat\u00e7\u0131ya, <b><em>&#8220;Sa\u011f ol emmi&#8221; <\/em><\/b>\u015feklinde yan\u0131t vermi\u015fti.<\/p>\n<p><img decoding=\"async\" src=\"https:\/\/bihavadis.com\/wp-content\/uploads\/2026\/02\/fenerbahce-ayriligi-acikladi-jhon-duranin-yeni-takimi-belli-oldu-2-kFhTlrVc.jpg\"\/><\/p>\n<p><img decoding=\"async\" src=\"https:\/\/bihavadis.com\/wp-content\/uploads\/2026\/02\/fenerbahce-ayriligi-acikladi-jhon-duranin-yeni-takimi-belli-oldu-3-LYvEL5iH.jpg\"\/><\/p>\n<p><img decoding=\"async\" src=\"https:\/\/bihavadis.com\/wp-content\/uploads\/2026\/02\/fenerbahce-ayriligi-acikladi-jhon-duranin-yeni-takimi-belli-oldu-4-RmtCIWsW.jpg\"\/><\/p>\n","protected":false},"excerpt":{"rendered":"<p>Fenerbah\u00e7e, Rusya Ligi tak\u0131mlar\u0131ndan Zenit&#8217;e transfer olacak Jhon Duran&#8217;\u0131n s\u00f6zle\u015fmesini feshetti. Jhon Duran&#8217;\u0131n k\u0131sa s\u00fcre i\u00e7erisinde Zenit&#8217;e imza atmas\u0131 bekleniyor.<\/p>\n","protected":false},"author":1,"featured_media":22952,"comment_status":"open","ping_status":"open","sticky":false,"template":"","format":"standard","meta":{"footnotes":""},"categories":[14],"tags":[333,3991],"class_list":["post-22951","post","type-post","status-publish","format-standard","has-post-thumbnail","hentry","category-spor","tag-duran","tag-jhon-duran"],"_links":{"self":[{"href":"https:\/\/bihavadis.com\/index.php\/wp-json\/wp\/v2\/posts\/22951","targetHints":{"allow":["GET"]}}],"collection":[{"href":"https:\/\/bihavadis.com\/index.php\/wp-json\/wp\/v2\/posts"}],"about":[{"href":"https:\/\/bihavadis.com\/index.php\/wp-json\/wp\/v2\/types\/post"}],"author":[{"embeddable":true,"href":"https:\/\/bihavadis.com\/index.php\/wp-json\/wp\/v2\/users\/1"}],"replies":[{"embeddable":true,"href":"https:\/\/bihavadis.com\/index.php\/wp-json\/wp\/v2\/comments?post=22951"}],"version-history":[{"count":1,"href":"https:\/\/bihavadis.com\/index.php\/wp-json\/wp\/v2\/posts\/22951\/revisions"}],"predecessor-version":[{"id":22958,"href":"https:\/\/bihavadis.com\/index.php\/wp-json\/wp\/v2\/posts\/22951\/revisions\/22958"}],"wp:featuredmedia":[{"embeddable":true,"href":"https:\/\/bihavadis.com\/index.php\/wp-json\/wp\/v2\/media\/22952"}],"wp:attachment":[{"href":"https:\/\/bihavadis.com\/index.php\/wp-json\/wp\/v2\/media?parent=22951"}],"wp:term":[{"taxonomy":"category","embeddable":true,"href":"https:\/\/bihavadis.com\/index.php\/wp-json\/wp\/v2\/categories?post=22951"},{"taxonomy":"post_tag","embeddable":true,"href":"https:\/\/bihavadis.com\/index.php\/wp-json\/wp\/v2\/tags?post=22951"}],"curies":[{"name":"wp","href":"https:\/\/api.w.org\/{rel}","templated":true}]}}