{"id":23020,"date":"2026-02-09T01:15:44","date_gmt":"2026-02-09T01:15:44","guid":{"rendered":"https:\/\/bihavadis.com\/?p=23020"},"modified":"2026-02-09T01:15:44","modified_gmt":"2026-02-09T01:15:44","slug":"kadikoyde-cinayetle-anma-toreni","status":"publish","type":"post","link":"https:\/\/bihavadis.com\/index.php\/2026\/02\/09\/kadikoyde-cinayetle-anma-toreni\/","title":{"rendered":"Kad\u0131k\u00f6y&#8217;de Cinayetle Anma T\u00f6reni"},"content":{"rendered":"<p>Kad\u0131k\u00f6y&#8217;de b\u0131\u00e7aklanarak \u00f6ld\u00fcr\u00fclen Matia Ahmet Minguzzi (15), mezar\u0131 ba\u015f\u0131nda d\u00fczenlenen t\u00f6renle an\u0131ld\u0131. Anmaya, G\u00fcng\u00f6ren&#8217;de b\u0131\u00e7aklanarak \u00f6ld\u00fcr\u00fclen Atlas \u00c7a\u011flayan(17)&#8217;\u0131n ailesi de kat\u0131ld\u0131. <\/p>\n<p>Kad\u0131k\u00f6y&#8217;de, 24 Ocak 2025 tarihinde Mattia Ahmet Minguzzi&#8217;nin kaykay malzemesi almak i\u00e7in gitti\u011fi pazarda b\u0131\u00e7aklanarak \u00f6ld\u00fcr\u00fclmesinin \u00fczerinden 1 y\u0131l\u0131 ge\u00e7ti. Matia Ahmet Minguzzi, bug\u00fcn mezar\u0131 ba\u015f\u0131nda an\u0131ld\u0131. Anma t\u00f6renine Minguzzi&#8217;nin ailesi, yak\u0131nlar\u0131, arkada\u015flar\u0131 ve sevenleri kat\u0131ld\u0131. Kur&#8217;an-\u0131 Kerim okunarak dua edildi, lokma da\u011f\u0131t\u0131ld\u0131. T\u00f6rende, G\u00fcng\u00f6ren&#8217;de b\u0131\u00e7aklanarak \u00f6ld\u00fcr\u00fclen Atlas \u00c7a\u011flayan&#8217;\u0131n ailesi de yer ald\u0131. Dua sonras\u0131 Minguzzi&#8217;nin annesi Yasemin Minguzzi, a\u00e7\u0131klama yapt\u0131.<\/p>\n<p>&#8216;HEM ACIM B\u00dcY\u00dcYOR HEM \u00d6FKEM DE B\u00dcY\u00dcYOR&#8217;<\/p>\n<p>Yasemin Minguzzi, &#8220;Neredeyse bir y\u0131l olmak \u00fczere. Ama bu bir y\u0131l sanki d\u00fcnk\u00fc gibi, hi\u00e7bir de\u011fi\u015fiklik yok. Zaten 30 y\u0131l ge\u00e7se de ac\u0131 dinmeyecek diyorlar. D\u00fcnk\u00fc gibi ac\u0131. O kadar m\u00fccadele, bir y\u0131ld\u0131r da verdi\u011fimiz m\u00fccadele. Hen\u00fcz bir yasa de\u011fi\u015fikli\u011fi yok, bundan dolay\u0131 da \u00e7ok \u00f6fkeliyim. Ama her zaman her yerde s\u00f6yledi\u011fim gibi hi\u00e7bir zaman da durmay\u0131 d\u00fc\u015f\u00fcnm\u00fcyorum. E\u011fer Allah bize bu g\u00f6revi verdiyse, biz bir misyon edindiysek, bunun sonu mutlak selamettir diye d\u00fc\u015f\u00fcn\u00fcyorum. Er ya da ge\u00e7 bu yasa \u00e7\u0131kacak. Hi\u00e7 durmayaca\u011f\u0131z. Bug\u00fcn Atlas&#8217;\u0131n annesi de buradayd\u0131. Ba\u015fka di\u011fer Ay\u015fe abla o\u011flunu kaybeden, ba\u015fka ma\u011fdur aileler de vard\u0131. I\u015f\u0131l&#8217;\u0131n ailesi de burada. Yani her hafta, her g\u00fcn bu tats\u0131z olaylar\u0131 duyuyoruz, ya\u015f\u0131yoruz. Bunlara bir dur demenin art\u0131k, dur demenin vakti geldi zaten, \u00e7oktan geldi ge\u00e7ti de. Ahmet k\u0131rm\u0131z\u0131 d\u00fc\u011fmeye basm\u0131\u015ft\u0131. Yani ke\u015fke Atlas&#8217;\u0131 kaybetmeseydik. Yani ben sadece Ahmet&#8217;e yanm\u0131yorum. \u00d6yle di\u011fer \u00e7ocuklar\u0131n da ba\u015f\u0131na b\u00f6yle \u015feyler gelince benim ac\u0131m daha da b\u00fcy\u00fcyor. Hem ac\u0131m b\u00fcy\u00fcyor hem \u00f6fkem de b\u00fcy\u00fcyor. \u00c7ok \u015fey s\u00f6ylemek istiyorum ama inan\u0131lmaz derecede \u00f6fkeli ve ac\u0131l\u0131 bir kad\u0131n\u0131m. Kimse benim \u00fczerime gelmesin. Asla hi\u00e7bir zaman durmayaca\u011f\u0131m.&#8221; dedi.<\/p>\n<p>&#8216;AHMET&#8217;\u0130N Y\u00dcZ\u00dc NUR, ATLAS&#8217;IN Y\u00dcZ\u00dc NUR, MELEK G\u0130B\u0130 \u0130NSANLAR&#8217;<\/p>\n<p>Bah\u00e7elievler Belediye Ba\u015fkan\u0131 Hakan Bahad\u0131r, &#8220;Ahmet&#8217;i biz, rahmetli olduktan sonra tan\u0131d\u0131k. Tesad\u00fcf, Bah\u00e7elievler&#8217;de oturuyormu\u015f. Annesiyle tan\u0131\u015ft\u0131k, anneannesiyle, teyzesiyle, babas\u0131yla tan\u0131\u015ft\u0131k. Onun ac\u0131s\u0131 biraz hafifler derken bir de Atlas rahmetli oldu. O da yak\u0131n, G\u00fcng\u00f6ren&#8217;de; babas\u0131, amcas\u0131 Bah\u00e7elievler&#8217;de. Ger\u00e7ekten biz \u00fcz\u00fcl\u00fcyoruz. Ben t\u00fcm arkada\u015flara, gen\u00e7 arkada\u015flar\u0131mla konu\u015ftu\u011fumda \u015funu s\u00f6yl\u00fcyorum: L\u00fctfen evinize vaktinde gelin, etraf\u0131n\u0131zdaki arkada\u015flar do\u011fru d\u00fcr\u00fcst arkada\u015flar olsun. Bunun \u00e7aresi e\u011fitim. L\u00fctfen okulunuzla, e\u011fitiminizle ilgilenin. \u00d6zellikle buradan gen\u00e7 arkada\u015flar\u0131ma; okulla ilgilenmelerini, sporla, sanatla ilgilenmelerini, vakitlerini sokaklarda, k\u00f6\u015fe ba\u015flar\u0131nda ge\u00e7irmemelerini \u00f6zellikle rica ediyorum gen\u00e7 arkada\u015flar\u0131mdan. Ger\u00e7ekten bizim y\u00fcre\u011fimiz kan a\u011fl\u0131yor. Burada kom\u015fumuz oldu\u011fu i\u00e7in; bir can bu, insan, p\u0131rlanta gibi. Ahmet&#8217;in y\u00fcz\u00fc nur, Atlas&#8217;\u0131n y\u00fcz\u00fc nur, melek gibi insanlar. Allah gani gani rahmet eylesin diyorum. Ama bu sorunu da \u00e7\u00f6zece\u011fiz tabii ki. Hedefimiz b\u00f6yle olaylar\u0131n bir daha olmamas\u0131. Bak\u0131n bir sene oldu hemen hemen, Atlas gitti. Ba\u015fka arkada\u015flar, \u00e7ocuklar\u0131m\u0131z, gen\u00e7lerimiz rahmetli oluyorlar. \u0130stemiyoruz, bizim bak\u0131\u015f a\u00e7\u0131m\u0131zda \u00f6yle bir \u015fey yok. Yani \u00e7ocuklar tabii ki sokakta e\u011flenecek, kafede e\u011flenecek, oturacak. B\u00f6yle bir \u015fey olmas\u0131n\u0131 kabul edilemez. Tabii ki devletimiz, ba\u015fta Cumhurba\u015fkan\u0131m\u0131z \u00f6zellikle bu konuyla \u00e7ok ilgilendi biliyorsunuz. Hatta Yasemin Han\u0131m&#8217;la, Ahmet&#8217;in annesiyle g\u00f6r\u00fc\u015ft\u00fc, konu\u015ftu, gerekli ilgiyi deste\u011fi g\u00f6steriyor. Bu da \u00e7\u00f6z\u00fclecek diye d\u00fc\u015f\u00fcn\u00fcyorum.&#8221; diye konu\u015ftu.<\/p>\n<p>&#8216;UMARIM BU HUKUKSUZLUK YARGITAY TARAFINDAN G\u0130DER\u0130L\u0130R&#8217;<\/p>\n<p>Hukuki s\u00fcre\u00e7 hakk\u0131nda konu\u015fan ailenin avukat\u0131 Ersan Bark\u0131n, &#8220;\u0130stinaf mahkemesi karar\u0131 var malum. Biz hukuki oldu\u011fu kanaatinde olmad\u0131\u011f\u0131m\u0131z i\u00e7in bu karara kar\u015f\u0131 Yarg\u0131tay&#8217;a temyiz ba\u015fvurusunda bulunuyoruz. Ayn\u0131 zamanda hem soru\u015fturmada hem kovu\u015fturmada \u00e7e\u015fitli eksiklikler oldu\u011fu kanaatindeyiz. D\u00f6rt g\u00fcvenlik kameras\u0131 kayd\u0131yla bilirki\u015fi raporlar\u0131 haz\u0131rland\u0131 ve onlara bakarak iki ki\u015finin olayla ilgisizli\u011fine dair bir mahkeme karar\u0131 ve istinaf karar\u0131 verildi. Oysa ilgili pazar yerinde 20&#8217;den fazla g\u00fcvenlik kameras\u0131 var. Ne bu g\u00fcvenlik kameralar\u0131n\u0131n krokileri dosyaya kazand\u0131r\u0131lm\u0131\u015f ne di\u011fer g\u00fcvenlik kameralar\u0131 kazand\u0131r\u0131lm\u0131\u015f. Dolay\u0131s\u0131yla bu eksikliklerin giderilmesi talebiyle de ba\u015fvurduk mahkemeye. O eksiklikler giderilince biz de bilimsel m\u00fctalaalar\u0131 da i\u00e7eren bi\u00e7imde son temyiz ba\u015fvurusunda bulunaca\u011f\u0131z. Umar\u0131m bu hukuksuzluk Yarg\u0131tay taraf\u0131ndan giderilir&#8221; dedi.<\/p>\n","protected":false},"excerpt":{"rendered":"<p>B\u0131\u00e7aklanarak \u00f6ld\u00fcr\u00fclen Matia Ahmet Minguzzi, mezar\u0131 ba\u015f\u0131nda an\u0131ld\u0131. Ailesi ve ma\u011fdur aileler kat\u0131ld\u0131.<\/p>\n","protected":false},"author":1,"featured_media":23021,"comment_status":"open","ping_status":"open","sticky":false,"template":"","format":"standard","meta":{"footnotes":""},"categories":[9,4,13],"tags":[3497,3837,4000,4001,4002],"class_list":["post-23020","post","type-post","status-publish","format-standard","has-post-thumbnail","hentry","category-genel","category-gundem","category-son-dakika","tag-aci","tag-ahmet","tag-arkadaslar","tag-atlas","tag-minguzzi"],"_links":{"self":[{"href":"https:\/\/bihavadis.com\/index.php\/wp-json\/wp\/v2\/posts\/23020","targetHints":{"allow":["GET"]}}],"collection":[{"href":"https:\/\/bihavadis.com\/index.php\/wp-json\/wp\/v2\/posts"}],"about":[{"href":"https:\/\/bihavadis.com\/index.php\/wp-json\/wp\/v2\/types\/post"}],"author":[{"embeddable":true,"href":"https:\/\/bihavadis.com\/index.php\/wp-json\/wp\/v2\/users\/1"}],"replies":[{"embeddable":true,"href":"https:\/\/bihavadis.com\/index.php\/wp-json\/wp\/v2\/comments?post=23020"}],"version-history":[{"count":1,"href":"https:\/\/bihavadis.com\/index.php\/wp-json\/wp\/v2\/posts\/23020\/revisions"}],"predecessor-version":[{"id":23022,"href":"https:\/\/bihavadis.com\/index.php\/wp-json\/wp\/v2\/posts\/23020\/revisions\/23022"}],"wp:featuredmedia":[{"embeddable":true,"href":"https:\/\/bihavadis.com\/index.php\/wp-json\/wp\/v2\/media\/23021"}],"wp:attachment":[{"href":"https:\/\/bihavadis.com\/index.php\/wp-json\/wp\/v2\/media?parent=23020"}],"wp:term":[{"taxonomy":"category","embeddable":true,"href":"https:\/\/bihavadis.com\/index.php\/wp-json\/wp\/v2\/categories?post=23020"},{"taxonomy":"post_tag","embeddable":true,"href":"https:\/\/bihavadis.com\/index.php\/wp-json\/wp\/v2\/tags?post=23020"}],"curies":[{"name":"wp","href":"https:\/\/api.w.org\/{rel}","templated":true}]}}