{"id":23111,"date":"2026-02-09T02:21:08","date_gmt":"2026-02-09T02:21:08","guid":{"rendered":"https:\/\/bihavadis.com\/?p=23111"},"modified":"2026-02-09T02:21:08","modified_gmt":"2026-02-09T02:21:08","slug":"fenerbahceli-basketbolcular-takimlarinin-performansindan-memnun","status":"publish","type":"post","link":"https:\/\/bihavadis.com\/index.php\/2026\/02\/09\/fenerbahceli-basketbolcular-takimlarinin-performansindan-memnun\/","title":{"rendered":"Fenerbah\u00e7eli basketbolcular, tak\u0131mlar\u0131n\u0131n performans\u0131ndan memnun"},"content":{"rendered":"<p>Fenerbah\u00e7e Kul\u00fcb\u00fc&#8217;n\u00fcn basketbolcular\u0131 Sevgi Uzun ve Mert Emre Ek\u015fio\u011flu, tak\u0131mlar\u0131n\u0131n bu sezon iyi performans g\u00f6sterdi\u011fini belirtti.<\/p>\n<p>Sar\u0131-lacivertli kul\u00fcb\u00fcn kad\u0131n basketbolcusu Sevgi Uzun ile erkek basketbol tak\u0131m\u0131 oyuncular\u0131ndan Mert Emre Ek\u015fio\u011flu, Kad\u0131k\u00f6y&#8217;de kat\u0131ld\u0131klar\u0131 bir etkinlikte bas\u0131n mensuplar\u0131na a\u00e7\u0131klamalarda bulundu.<\/p>\n<p><strong>&#8220;AVRUPA SER\u00dcVEN\u0130M\u0130Z \u00c7OK \u0130Y\u0130 G\u0130D\u0130YOR&#8221;<\/strong><\/p>\n<p>Fenerbah\u00e7e Kad\u0131n Basketbol Tak\u0131m\u0131 oyuncusu Sevgi Uzun, bu sezon Avrupa&#8217;da yola \u00e7ok iyi bir \u015fekilde devam ettiklerini belirterek, <em><b>&#8220;Avrupa ser\u00fcvenimiz \u00e7ok iyi gidiyor. Sadece bir ma\u011flubiyet ya\u015fad\u0131k. \u0130yi yolda oldu\u011fumuzu d\u00fc\u015f\u00fcn\u00fcyorum. \u015eu an en kritik noktaday\u0131z. Play-in ma\u00e7lar\u0131 ba\u015flayacak. Ondan sonra da D\u00f6rtl\u00fc Final ve \u015fampiyonluk ma\u00e7\u0131 oynayaca\u011f\u0131z. Tabii ki hedefimiz her zaman oldu\u011fu gibi \u015fampiyonluk. Umar\u0131m ge\u00e7en seneyi telafi edip bu sene Avrupa&#8217;y\u0131 \u015fampiyonlukla bitirece\u011fiz.&#8221;<\/b><\/em> ifadelerini kulland\u0131.<\/p>\n<p><img decoding=\"async\" src=\"https:\/\/bihavadis.com\/wp-content\/uploads\/2026\/02\/fenerbahceli-basketbolcular-takimlarinin-performansindan-memnun-0-jbXAM8Z7.jpg\"\/><\/p>\n<p><strong>&#8220;ABD&#8217;DE \u00c7OK FARKLI B\u0130R K\u00dcLT\u00dcR VE BASKETBOL SEV\u0130YES\u0130 VAR&#8221;<\/strong><\/p>\n<p>Son olarak Amerikan Kad\u0131nlar Basketbol Ligi&#8217;nde (WNBA) Chicago Sky tak\u0131m\u0131nda parkeye \u00e7\u0131kan Uzun, ABD&#8217;de forma giymekten memnuniyet duydu\u011funu dile getirerek, <em><b>&#8220;ABD&#8217;de \u00e7ok farkl\u0131 bir k\u00fclt\u00fcr ve basketbol seviyesi var. Ben oraya hedeflerimi ger\u00e7ekle\u015ftirmek ve kendimi geli\u015ftirmek i\u00e7in gittim. Oran\u0131n bir par\u00e7as\u0131 olabilmek, ger\u00e7ekten inan\u0131lmaz bir \u015fey. \u00c7ok da keyif ald\u0131m. \u00c7ok zor d\u00f6nemler de ge\u00e7irdik. O y\u00fczden WNBA, hem kariyerime hem de basketbol g\u00f6r\u00fc\u015f a\u00e7\u0131ma \u00e7ok \u015fey katt\u0131. Kendimi de \u00e7ok geli\u015ftirdim. Umar\u0131m e\u011flenceli bir \u015fekilde devam eder. Sakatl\u0131klar ya\u015fad\u0131\u011f\u0131m bir d\u00f6nem oldu. O y\u00fczden biraz \u015fanss\u0131zl\u0131k ya\u015fad\u0131m ama ben yine de \u00e7ok keyif ald\u0131m.&#8221;<\/b><\/em> diye konu\u015ftu.<\/p>\n<p><strong>&#8220;\u00c7OK G\u00dcZEL B\u0130R M\u00dcCADELE ORTAYA KOYACA\u011eIZ&#8221;<\/strong><\/p>\n<p>Kad\u0131nlar Basketbol S\u00fcper Ligi&#8217;nin kalitesinin son y\u0131llarda y\u00fckseldi\u011fini aktaran milli oyuncu,<em><b> &#8220;Bence federasyonumuzun karar verdi\u011fi &#8216;2 T\u00fcrk oyuncunun sahada olmas\u0131 laz\u0131m&#8217; kural\u0131, bizim i\u00e7in \u00e7ok \u00f6nemli. Bizi milli tak\u0131mda da bu kural, pozitif anlamda etkiledi. \u00c7\u00fcnk\u00fc T\u00fcrk oyuncular, yabanc\u0131 oyuncular\u0131n yan\u0131nda farkl\u0131 sorumluluklar almaya ba\u015flad\u0131. Bence bu g\u00f6zle g\u00f6r\u00fclebilir bir \u015fey. O y\u00fczden bunun ekme\u011fini yiyip in\u015fallah \u00f6nce martta D\u00fcnya Kupas\u0131 Elemeleri&#8217;nde sonra nasip olursa D\u00fcnya \u015eampiyonas\u0131&#8217;nda \u00e7ok g\u00fczel bir m\u00fccadele ortaya koyaca\u011f\u0131z. Bize emek verilmesi gerekti\u011fini de g\u00f6sterece\u011fiz.&#8221;<\/b><\/em> dedi.<\/p>\n<p><strong>&#8220;TAKIM OLARAK \u00c7OK \u0130Y\u0130 OYNUYORUZ&#8221;<\/strong><\/p>\n<p>Fenerbah\u00e7e Erkek Basketbol Tak\u0131m\u0131 oyuncusu Mert Emre Ek\u015fio\u011flu da, tak\u0131m olarak \u00e7ok iyi bir durumda olduklar\u0131n\u0131 kaydederek,<em><b> &#8220;Ger\u00e7ekten tak\u0131m olarak \u00e7ok iyi oynuyoruz. Tak\u0131mdaki arkada\u015fl\u0131k da \u00e7ok iyi. Ko\u00e7larla ili\u015fkilerimiz de \u00e7ok iyi. Ge\u00e7en sezon zaten Basketbol Avrupa Ligi \u015fampiyonu olmu\u015ftuk. Bu sene de ayn\u0131 \u015fekilde devam edip alabilece\u011fimiz b\u00fct\u00fcn kupalar\u0131 almak istiyoruz. Ligde de lideriz. \u00d6n\u00fcm\u00fczde en yak\u0131n kupa olarak T\u00fcrkiye Kupas\u0131 var. \u0130lk \u00f6nce onu almak istiyoruz. Basketbol Avrupa Ligi ve T\u00fcrkiye Basketbol S\u00fcper Ligi \u015fampiyonluklar\u0131yla da sezonu tamamlamak istiyoruz.&#8221;<\/b><\/em> \u015feklinde konu\u015ftu.<\/p>\n<p><img decoding=\"async\" src=\"https:\/\/bihavadis.com\/wp-content\/uploads\/2026\/02\/fenerbahceli-basketbolcular-takimlarinin-performansindan-memnun-1-Afq3vxcA.jpg\"\/><\/p>\n<p><strong>&#8220;ASLINDA S\u00d6YLENECEK B\u0130R \u015eEY YOK&#8221;<\/strong><\/p>\n<p>Ligde hafta sonu oynanacak Fenerbah\u00e7e-Galatasaray ma\u00e7\u0131na de\u011finen Ek\u015fio\u011flu \u015funlar\u0131 kaydetti:<\/p>\n<p>Asl\u0131nda s\u00f6ylenecek bir \u015fey yok. \u0130lk ma\u00e7ta biz kazanm\u0131\u015ft\u0131k. \u0130kinci ma\u00e7ta da Fenerbah\u00e7e&#8217;ye yak\u0131\u015f\u0131r \u015fekilde oynay\u0131p derbiyi kazanmak istiyoruz. Taraftar\u0131m\u0131z bizi \u00e7ok iyi destekliyor. Desteklerini g\u00f6rmek, arkam\u0131zda o g\u00fcveni hissettiriyor. Ayn\u0131 \u015fekilde devam etmeleri \u00f6nemli.<\/p>\n","protected":false},"excerpt":{"rendered":"<p>Fenerbah\u00e7e Kad\u0131n Basketbol Tak\u0131m\u0131 oyuncusu Sevgi Uzun ve Fenerbah\u00e7e Erkek Basketbol Tak\u0131m\u0131 oyuncusu Mert Emre Ek\u015fio\u011flu a\u00e7\u0131klamalarda bulundu.<\/p>\n","protected":false},"author":1,"featured_media":23112,"comment_status":"open","ping_status":"open","sticky":false,"template":"","format":"standard","meta":{"footnotes":""},"categories":[14],"tags":[1090,39,1858,2061,366],"class_list":["post-23111","post","type-post","status-publish","format-standard","has-post-thumbnail","hentry","category-spor","tag-avrupa","tag-basketbol","tag-fenerbahce","tag-ligi","tag-takim"],"_links":{"self":[{"href":"https:\/\/bihavadis.com\/index.php\/wp-json\/wp\/v2\/posts\/23111","targetHints":{"allow":["GET"]}}],"collection":[{"href":"https:\/\/bihavadis.com\/index.php\/wp-json\/wp\/v2\/posts"}],"about":[{"href":"https:\/\/bihavadis.com\/index.php\/wp-json\/wp\/v2\/types\/post"}],"author":[{"embeddable":true,"href":"https:\/\/bihavadis.com\/index.php\/wp-json\/wp\/v2\/users\/1"}],"replies":[{"embeddable":true,"href":"https:\/\/bihavadis.com\/index.php\/wp-json\/wp\/v2\/comments?post=23111"}],"version-history":[{"count":1,"href":"https:\/\/bihavadis.com\/index.php\/wp-json\/wp\/v2\/posts\/23111\/revisions"}],"predecessor-version":[{"id":23115,"href":"https:\/\/bihavadis.com\/index.php\/wp-json\/wp\/v2\/posts\/23111\/revisions\/23115"}],"wp:featuredmedia":[{"embeddable":true,"href":"https:\/\/bihavadis.com\/index.php\/wp-json\/wp\/v2\/media\/23112"}],"wp:attachment":[{"href":"https:\/\/bihavadis.com\/index.php\/wp-json\/wp\/v2\/media?parent=23111"}],"wp:term":[{"taxonomy":"category","embeddable":true,"href":"https:\/\/bihavadis.com\/index.php\/wp-json\/wp\/v2\/categories?post=23111"},{"taxonomy":"post_tag","embeddable":true,"href":"https:\/\/bihavadis.com\/index.php\/wp-json\/wp\/v2\/tags?post=23111"}],"curies":[{"name":"wp","href":"https:\/\/api.w.org\/{rel}","templated":true}]}}