{"id":23130,"date":"2026-02-09T02:39:08","date_gmt":"2026-02-09T02:39:08","guid":{"rendered":"https:\/\/bihavadis.com\/?p=23130"},"modified":"2026-02-09T02:39:08","modified_gmt":"2026-02-09T02:39:08","slug":"almanyada-olulerin-dislerinden-8-kilogram-altin-caldi","status":"publish","type":"post","link":"https:\/\/bihavadis.com\/index.php\/2026\/02\/09\/almanyada-olulerin-dislerinden-8-kilogram-altin-caldi\/","title":{"rendered":"Almanya&#8217;da \u00f6l\u00fclerin di\u015flerinden 8 kilogram alt\u0131n \u00e7ald\u0131"},"content":{"rendered":"<p>Almanya&#8217;da inan\u0131lmas\u0131 g\u00fc\u00e7 bir olay ya\u015fand\u0131.<\/p>\n<p>Freiburg kentinde \u015fehir mezarl\u0131klar\u0131 idaresi \u00e7al\u0131\u015fan\u0131 adam ile e\u015fi, 2019-2024 y\u0131llar\u0131 aras\u0131nda kremasyon \u00f6ncesi \u00f6l\u00fclerin alt\u0131n di\u015fleri ile yak\u0131nlar\u0131n\u0131n birlikte g\u00f6m\u00fclmesini istedi\u011fi de\u011ferli e\u015fyalar\u0131 \u00e7almakla ve \u00f6l\u00fclerin foto\u011fraflar\u0131n\u0131 \u00e7ekmekle su\u00e7land\u0131.<\/p>\n<p><strong>\u00d6L\u00dcLER\u0130N ALTIN D\u0130\u015eLER\u0130N\u0130 S\u00d6KT\u00dcLER <\/strong><\/p>\n<p>Freiburg Savc\u0131l\u0131\u011f\u0131, olay\u0131n ortaya \u00e7\u0131kmas\u0131ndan sonra g\u00f6revden el \u00e7ektirilen \u00e7al\u0131\u015fan\u0131n hem mesai saatleri i\u00e7inde hem de d\u0131\u015f\u0131nda yak\u0131lmak \u00fczere s\u0131rada bekleyen \u00f6l\u00fclerin di\u015flerinden alt\u0131n dolgu, alt\u0131n di\u015f k\u00f6pr\u00fcs\u00fc, alt\u0131n protezleri s\u00f6kt\u00fc\u011f\u00fcn\u00fc, \u00f6lenlerin yak\u0131nlar\u0131 taraf\u0131ndan cenazeyle birlikte g\u00f6m\u00fclmesini istedikleri m\u00fccevherleri, saatleri ve di\u011fer de\u011ferli e\u015fyalar\u0131 da \u00e7ald\u0131\u011f\u0131n\u0131 belirtti.<\/p>\n<p><strong>MAHREM G\u00d6R\u00dcNT\u00dcLER\u0130N\u0130 \u00c7EKT\u0130 <\/strong><\/p>\n<p>A\u00e7\u0131klamada ayr\u0131ca, \u00e7al\u0131\u015fan\u0131n yak\u0131lmalar\u0131 i\u00e7in kendisine teslim edilen cenazelerin foto\u011fraflar\u0131n\u0131 \u00e7ekti\u011fi, mahrem b\u00f6lgelerini g\u00f6r\u00fcnt\u00fcledi\u011fi ve \u00f6l\u00fc dahi olsa ki\u015fisel haklar\u0131 ihlal etti\u011fi aktar\u0131ld\u0131.<\/p>\n<p><img decoding=\"async\" src=\"https:\/\/bihavadis.com\/wp-content\/uploads\/2026\/02\/almanyada-olulerin-dislerinden-8-kilogram-altin-caldi-0-xSMAfOAx.jpg\"\/><\/p>\n<p><strong>\u00c7ALI\u015eAN VE E\u015e\u0130 HAKKINDA DAVA A\u00c7ILDI <\/strong><\/p>\n<p>Freiburg Savc\u0131l\u0131\u011f\u0131 taraf\u0131ndan 27 Ocak&#8217;ta yap\u0131lan a\u00e7\u0131klamada, \u00e7al\u0131\u015fan ile e\u015fi hakk\u0131nda <em><b>&#8220;\u00f6l\u00fclerin huzurunu bozma, h\u0131rs\u0131zl\u0131k ve kara para aklama&#8221; <\/b><\/em>su\u00e7lamas\u0131yla dava a\u00e7\u0131ld\u0131\u011f\u0131 bildirildi.<\/p>\n<p>Savc\u0131l\u0131k a\u00e7\u0131klamas\u0131na g\u00f6re \u00e7al\u0131\u015fan ve e\u015fi, soru\u015fturmaya konu olan 5 y\u0131lda 50&#8217;si h\u0131rs\u0131zl\u0131k, 21&#8217;i kara para aklama da dahil olmak \u00fczere 250 vakada \u00f6l\u00fclerin huzurunu bozmakla su\u00e7lan\u0131yor.<\/p>\n<p><strong>CENAZELERDEN \u00c7ALARAK 250 B\u0130N EURO GEL\u0130R ELDE ETT\u0130LER <\/strong><\/p>\n<p>Savc\u0131l\u0131k, su\u00e7 tarihlerinin 2013 ile 2024 y\u0131llar\u0131 aras\u0131n\u0131 kapsad\u0131\u011f\u0131n\u0131 ancak zaman a\u015f\u0131m\u0131 nedeniyle sadece 2019-2024 y\u0131llar\u0131 aras\u0131ndaki su\u00e7lar hakk\u0131nda su\u00e7lamada bulunduklar\u0131n\u0131 bildirdi.<\/p>\n<p>Savc\u0131l\u0131\u011fa g\u00f6re \u015f\u00fcpheli \u00e7ift, 2013 ile 2024 y\u0131llar\u0131 aras\u0131nda i\u015fledikleri su\u00e7larda di\u015flerden 8 kilogramdan fazla alt\u0131n ve 360 gramdan fazla alt\u0131n tak\u0131 sat\u0131\u015f\u0131 ile yakla\u015f\u0131k 250 bin euro kazan\u00e7 elde etti.<\/p>\n<p>Ancak bunun 180 bin eurosu zaman a\u015f\u0131m\u0131na u\u011frayan 2013-2019 y\u0131llar\u0131 aras\u0131nda elde edildi.<\/p>\n<p><strong>KADIN \u00d6L\u00dcLERDEN \u00c7ALINAN M\u00dcCEHVERLER\u0130 KULLANMI\u015e <\/strong><\/p>\n<p>Savc\u0131l\u0131k, cenaze g\u00f6revlisinin e\u015fi hakk\u0131nda ise i\u015flenen su\u00e7lara yard\u0131m ve yatakl\u0131k etme ile 17 vakada kara para aklama su\u00e7lamas\u0131nda bulundu.<\/p>\n<p>Savc\u0131l\u0131\u011fa g\u00f6re kad\u0131n, \u00f6l\u00fclerin alt\u0131n di\u015flerinin s\u00f6k\u00fcm\u00fc de dahil olmak \u00fczere e\u015finin yapt\u0131\u011f\u0131 eylemlere yard\u0131m etti ve e\u015finin h\u0131rs\u0131zl\u0131k s\u0131ras\u0131nda ba\u015fkalar\u0131 taraf\u0131ndan rahats\u0131z edilmemesini sa\u011flayarak g\u00f6zc\u00fcl\u00fck yapt\u0131.<\/p>\n<p>\u00c7al\u0131nan e\u015fyalar\u0131n sat\u0131\u015f\u0131na yard\u0131m etmekle de su\u00e7lanan kad\u0131n, \u00e7al\u0131nt\u0131 mal kabul etmekle de su\u00e7land\u0131.<\/p>\n<p>Savc\u0131l\u0131\u011fa g\u00f6re kad\u0131n, e\u015finin \u00f6l\u00fclerden \u00e7ald\u0131\u011f\u0131 ziynet e\u015fyalar\u0131n\u0131 kendisine aitmi\u015f gibi kulland\u0131.<\/p>\n<p><img decoding=\"async\" src=\"https:\/\/bihavadis.com\/wp-content\/uploads\/2026\/02\/almanyada-olulerin-dislerinden-8-kilogram-altin-caldi-1-VQj4IYnb.jpg\"\/><\/p>\n<p><strong>\u0130\u015e B\u0130RL\u0130K\u00c7\u0130 KUYUMCU DA SU\u00c7A YARDIM ETMEKLE SU\u00c7LANIYOR <\/strong><\/p>\n<p>Freiburg Savc\u0131l\u0131\u011f\u0131n\u0131n a\u00e7\u0131klamas\u0131na g\u00f6re, \u00e7al\u0131\u015fan ile e\u015fi \u00e7ald\u0131klar\u0131 alt\u0131n ve tak\u0131lar\u0131 bir kuyumcuda satarak, nakit paraya \u00e7evirdi.<\/p>\n<p>Savc\u0131l\u0131k, Waldkirch kentindeki kuyumcuya su\u00e7a yard\u0131m etme, 10 vakada kara para aklama ve yasa d\u0131\u015f\u0131 edinilen mallar\u0131n sat\u0131\u015f\u0131n\u0131 kabul ederek \u015f\u00fcphelilerin l\u00fcks bir ya\u015fam s\u00fcrmelerini finanse etme su\u00e7lamalar\u0131n\u0131 y\u00f6neltti.<\/p>\n<p>Savc\u0131l\u0131k, dosyan\u0131n Freiburg B\u00f6lge Mahkemesine g\u00f6nderildi\u011fini, y\u00fcksek mahkemenin dava a\u00e7\u0131l\u0131p a\u00e7\u0131lmayaca\u011f\u0131na karar verece\u011fini de bildirdi.<\/p>\n","protected":false},"excerpt":{"rendered":"<p>Freiburg kentinde, mezarl\u0131k \u00e7al\u0131\u015fan\u0131 ve e\u015fi 11 y\u0131l boyunca \u00f6l\u00fclerin di\u015flerinden elde ettikleri 8 kilogramdan fazla alt\u0131n\u0131 satarak 250 bin euro kazan\u00e7 elde etti.<\/p>\n","protected":false},"author":1,"featured_media":23131,"comment_status":"open","ping_status":"open","sticky":false,"template":"","format":"standard","meta":{"footnotes":""},"categories":[6],"tags":[387,1529,709,2216,286],"class_list":["post-23130","post","type-post","status-publish","format-standard","has-post-thumbnail","hentry","category-dunya","tag-altin","tag-calisan","tag-dis","tag-etme","tag-suc"],"_links":{"self":[{"href":"https:\/\/bihavadis.com\/index.php\/wp-json\/wp\/v2\/posts\/23130","targetHints":{"allow":["GET"]}}],"collection":[{"href":"https:\/\/bihavadis.com\/index.php\/wp-json\/wp\/v2\/posts"}],"about":[{"href":"https:\/\/bihavadis.com\/index.php\/wp-json\/wp\/v2\/types\/post"}],"author":[{"embeddable":true,"href":"https:\/\/bihavadis.com\/index.php\/wp-json\/wp\/v2\/users\/1"}],"replies":[{"embeddable":true,"href":"https:\/\/bihavadis.com\/index.php\/wp-json\/wp\/v2\/comments?post=23130"}],"version-history":[{"count":1,"href":"https:\/\/bihavadis.com\/index.php\/wp-json\/wp\/v2\/posts\/23130\/revisions"}],"predecessor-version":[{"id":23134,"href":"https:\/\/bihavadis.com\/index.php\/wp-json\/wp\/v2\/posts\/23130\/revisions\/23134"}],"wp:featuredmedia":[{"embeddable":true,"href":"https:\/\/bihavadis.com\/index.php\/wp-json\/wp\/v2\/media\/23131"}],"wp:attachment":[{"href":"https:\/\/bihavadis.com\/index.php\/wp-json\/wp\/v2\/media?parent=23130"}],"wp:term":[{"taxonomy":"category","embeddable":true,"href":"https:\/\/bihavadis.com\/index.php\/wp-json\/wp\/v2\/categories?post=23130"},{"taxonomy":"post_tag","embeddable":true,"href":"https:\/\/bihavadis.com\/index.php\/wp-json\/wp\/v2\/tags?post=23130"}],"curies":[{"name":"wp","href":"https:\/\/api.w.org\/{rel}","templated":true}]}}