{"id":23173,"date":"2026-02-09T03:12:09","date_gmt":"2026-02-09T03:12:09","guid":{"rendered":"https:\/\/bihavadis.com\/?p=23173"},"modified":"2026-02-09T03:12:09","modified_gmt":"2026-02-09T03:12:09","slug":"esnaf-odasi-yeni-yonetimi-toplandi","status":"publish","type":"post","link":"https:\/\/bihavadis.com\/index.php\/2026\/02\/09\/esnaf-odasi-yeni-yonetimi-toplandi\/","title":{"rendered":"Esnaf Odas\u0131 Yeni Y\u00f6netimi Topland\u0131"},"content":{"rendered":"<p> Erzurum Matbaac\u0131lar, K\u0131rtasiyeciler, Tabelac\u0131lar ve Foto\u011fraf\u00e7\u0131lar Esnaf Odas\u0131n\u0131n 11 Ocak 2026 tarihinde yap\u0131lan ola\u011fan genel kurulunda \u00fcyelerinin b\u00fcy\u00fck \u00e7o\u011funlu\u011funun oyunu alarak yeniden se\u00e7ilen Hikmet Karaca ba\u015fkanl\u0131\u011f\u0131ndaki yeni y\u00f6netim ve denetim kurulu y\u0131l\u0131n ilk toplant\u0131s\u0131n\u0131 yapt\u0131.<\/p>\n<p>Oda Ba\u015fkan\u0131 Hikmet Karaca&#8217;n\u0131n ba\u015fkanl\u0131\u011f\u0131nda toplanan y\u00f6netim ve denetim kurulu hizmet yolunda h\u0131zl\u0131 ad\u0131mlarla y\u00fcr\u00fcmek i\u00e7in g\u00f6rev b\u00f6l\u00fcm\u00fc yapt\u0131. Yap\u0131lan ola\u011fan genel kurulda Matbaac\u0131lar, K\u0131rtasiyeciler, Tabelac\u0131lar ve Foto\u011fraf\u00e7\u0131lar Esnaf Odas\u0131 y\u00f6netim ve denetim kurulu, oda \u00fcyelerinden ald\u0131\u011f\u0131 yetki ile d\u00f6rt y\u0131ll\u0131\u011f\u0131na g\u00f6reve getirildi.<\/p>\n<p>Ba\u015fkan vekilli\u011fine Vedat Ad\u0131g\u00fczel, dershaneler, kre\u015fler ve s\u00fcr\u00fcc\u00fc kurslar\u0131ndan sorumlu ba\u015fkan yard\u0131mc\u0131l\u0131\u011f\u0131na Adnan Atalay, kitap\u00e7\u0131 ve k\u0131rtasiyecilerden sorumlu ba\u015fkan yard\u0131mc\u0131l\u0131\u011f\u0131na Arif S\u00f6nmez, Tabelac\u0131 ve reklamc\u0131lardan sorumlu ba\u015fkan yard\u0131mc\u0131l\u0131\u011f\u0131na Hanifi So\u011fanc\u0131, foto\u011fraf\u00e7\u0131 ve \u00e7i\u00e7ek\u00e7ilerden sorumlu ba\u015fkan yard\u0131mc\u0131l\u0131\u011f\u0131na Fatih G\u00fcnarl\u0131, z\u00fccaciyeci, oyuncak\u00e7\u0131 ve hediyelik e\u015fya sat\u0131c\u0131lar\u0131ndan sorumlu ba\u015fkan yard\u0131mc\u0131l\u0131\u011f\u0131na ise Yusuf Sincar getirildi.<\/p>\n<p>Odan\u0131n denetim kurulu ba\u015fkanl\u0131\u011f\u0131na Nizamettin Korucu, ba\u015fkan yard\u0131mc\u0131l\u0131\u011f\u0131na \u00dcmit Karabulut, \u00fcyeli\u011fe ise \u00d6mer Ay\u0131k getirildi.<\/p>\n<p>G\u00f6rev b\u00f6l\u00fcm\u00fcnden sonra a\u00e7\u0131klama yapan Karaca, &#8220;Bundan \u00f6nce esnaf\u0131m\u0131z\u0131n yan\u0131nda oldu\u011fumuz gibi bundan sonra da esnaf\u0131m\u0131z\u0131n yan\u0131nda olaca\u011f\u0131z. Sorunlar\u0131m\u0131z\u0131n \u00e7\u00f6z\u00fcm\u00fc i\u00e7in gerek yerel gerekse genel bazda \u00e7al\u0131\u015fmalar\u0131m\u0131za ara vermeden devam edece\u011fiz, esnaf\u0131m\u0131z, son yapt\u0131\u011f\u0131m\u0131z genel kurulda da bize olan destek ve g\u00fcvenini verdi\u011fi oylarla tazelemi\u015ftir. Biz de y\u00f6netim olarak onlara lay\u0131k olmaya ve bize olan g\u00fcvenlerini bo\u015fa \u00e7\u0131karmamak i\u00e7in var g\u00fcc\u00fcm\u00fczle \u00e7al\u0131\u015fmalar\u0131m\u0131za devam edece\u011fiz&#8221; dedi. &#8211; ERZURUM<\/p>\n","protected":false},"excerpt":{"rendered":"<p>Hikmet Karaca ba\u015fkanl\u0131\u011f\u0131ndaki yeni y\u00f6netim, esnaf sorunlar\u0131 i\u00e7in ilk toplant\u0131s\u0131n\u0131 ger\u00e7ekle\u015ftirdi.<\/p>\n","protected":false},"author":1,"featured_media":23174,"comment_status":"open","ping_status":"open","sticky":false,"template":"","format":"standard","meta":{"footnotes":""},"categories":[8],"tags":[516,533,3529],"class_list":["post-23173","post","type-post","status-publish","format-standard","has-post-thumbnail","hentry","category-ekonomi","tag-baskan","tag-esnaf","tag-oda"],"_links":{"self":[{"href":"https:\/\/bihavadis.com\/index.php\/wp-json\/wp\/v2\/posts\/23173","targetHints":{"allow":["GET"]}}],"collection":[{"href":"https:\/\/bihavadis.com\/index.php\/wp-json\/wp\/v2\/posts"}],"about":[{"href":"https:\/\/bihavadis.com\/index.php\/wp-json\/wp\/v2\/types\/post"}],"author":[{"embeddable":true,"href":"https:\/\/bihavadis.com\/index.php\/wp-json\/wp\/v2\/users\/1"}],"replies":[{"embeddable":true,"href":"https:\/\/bihavadis.com\/index.php\/wp-json\/wp\/v2\/comments?post=23173"}],"version-history":[{"count":1,"href":"https:\/\/bihavadis.com\/index.php\/wp-json\/wp\/v2\/posts\/23173\/revisions"}],"predecessor-version":[{"id":23175,"href":"https:\/\/bihavadis.com\/index.php\/wp-json\/wp\/v2\/posts\/23173\/revisions\/23175"}],"wp:featuredmedia":[{"embeddable":true,"href":"https:\/\/bihavadis.com\/index.php\/wp-json\/wp\/v2\/media\/23174"}],"wp:attachment":[{"href":"https:\/\/bihavadis.com\/index.php\/wp-json\/wp\/v2\/media?parent=23173"}],"wp:term":[{"taxonomy":"category","embeddable":true,"href":"https:\/\/bihavadis.com\/index.php\/wp-json\/wp\/v2\/categories?post=23173"},{"taxonomy":"post_tag","embeddable":true,"href":"https:\/\/bihavadis.com\/index.php\/wp-json\/wp\/v2\/tags?post=23173"}],"curies":[{"name":"wp","href":"https:\/\/api.w.org\/{rel}","templated":true}]}}