{"id":23208,"date":"2026-02-09T03:42:39","date_gmt":"2026-02-09T03:42:39","guid":{"rendered":"https:\/\/bihavadis.com\/?p=23208"},"modified":"2026-02-09T03:42:39","modified_gmt":"2026-02-09T03:42:39","slug":"fatih-urekin-vefatindan-sonra-izzet-capadan-ortaligi-karistiracak-paylasim","status":"publish","type":"post","link":"https:\/\/bihavadis.com\/index.php\/2026\/02\/09\/fatih-urekin-vefatindan-sonra-izzet-capadan-ortaligi-karistiracak-paylasim\/","title":{"rendered":"Fatih \u00dcrek&#8217;in vefat\u0131ndan sonra \u0130zzet \u00c7apa&#8217;dan ortal\u0131\u011f\u0131 kar\u0131\u015ft\u0131racak payla\u015f\u0131m"},"content":{"rendered":"<p>15 Ekim 2025&#8217;te kalp krizi ge\u00e7irerek hastaneye kald\u0131r\u0131lan ve 107 g\u00fcn yo\u011fun bak\u0131mda tedavi g\u00f6ren \u015fark\u0131c\u0131 Fatih \u00dcrek, 30 Ocak ak\u015fam\u0131 hayat\u0131n\u0131 kaybetti. \u015eark\u0131c\u0131n\u0131n vefat\u0131 sanat d\u00fcnyas\u0131n\u0131 ve yak\u0131n \u00e7evresini yasa bo\u011fdu.<\/p>\n<p><b>&#8220;\u0130NSANDA B\u0130RAZ UTANMA OLUR&#8221;<\/b><\/p>\n<p>Fatih \u00dcrek&#8217;in hayat\u0131n\u0131 kaybetmesinin ard\u0131ndan i\u015fletmeci \u0130zzet \u00c7apa&#8217;dan dikkat \u00e7eken bir payla\u015f\u0131m geldi. \u00c7apa sosyal medya hesab\u0131ndan yapt\u0131\u011f\u0131 a\u00e7\u0131klamada, &#8220;\u0130nsanda biraz utanma olur. Daha d\u00fcne kadar sahneye \u00e7\u0131kmas\u0131na izin vermedi\u011finiz o &#8216;koca y\u00fcre\u011fi&#8217; \u015fimdi timsah g\u00f6zya\u015flar\u0131yla u\u011furlamak da size yak\u0131\u015f\u0131rd\u0131.&#8221; ifadelerini kulland\u0131.<\/p>\n<div>\n<figure><img decoding=\"async\" src=\"https:\/\/bihavadis.com\/wp-content\/uploads\/2026\/02\/fatih-urekin-vefatindan-sonra-izzet-capadan-ortaligi-karistiracak-paylasim-0-nTJRqaqV.jpg\"\/><\/figure>\n<\/div>\n<p><b>CENAZE PROGRAMI BELL\u0130 OLDU<\/b><\/p>\n<p>Fatih \u00dcrek&#8217;in cenazesinin 1 \u015eubat Pazar g\u00fcn\u00fc, Levent&#8217;te bulunan Barbaros Hayrettin Pa\u015fa Camii&#8217;nde ikindi namaz\u0131na m\u00fcteakip k\u0131l\u0131nacak cenaze namaz\u0131n\u0131n ard\u0131ndan defnedilece\u011fi bildirildi.<\/p>\n<div>\n<figure><img decoding=\"async\" src=\"https:\/\/bihavadis.com\/wp-content\/uploads\/2026\/02\/fatih-urekin-vefatindan-sonra-izzet-capadan-ortaligi-karistiracak-paylasim-1-kKg5hHsy.jpg\"\/><\/figure>\n<\/div>\n","protected":false},"excerpt":{"rendered":"<p>Tedavi g\u00f6rd\u00fc\u011f\u00fc hastanede hayat\u0131n\u0131 kaybeden \u00fcnl\u00fc \u015fark\u0131c\u0131 Fatih \u00dcrek&#8217;le ilgili i\u015fletmeci \u0130zzet \u00c7apa dikkat \u00e7eken bir payla\u015f\u0131mda bulundu. \u00c7apa, &#8220;\u0130nsanda biraz utanma olur. Daha d\u00fcne kadar sahneye \u00e7\u0131kmas\u0131na izin vermedi\u011finiz o &#8216;koca y\u00fcre\u011fi&#8217; \u015fimdi timsah g\u00f6zya\u015flar\u0131yla u\u011furlamak da size yak\u0131\u015f\u0131rd\u0131.&#8221; dedi.<\/p>\n","protected":false},"author":1,"featured_media":23209,"comment_status":"open","ping_status":"open","sticky":false,"template":"","format":"standard","meta":{"footnotes":""},"categories":[1],"tags":[],"class_list":["post-23208","post","type-post","status-publish","format-standard","has-post-thumbnail","hentry","category-uncategorized"],"_links":{"self":[{"href":"https:\/\/bihavadis.com\/index.php\/wp-json\/wp\/v2\/posts\/23208","targetHints":{"allow":["GET"]}}],"collection":[{"href":"https:\/\/bihavadis.com\/index.php\/wp-json\/wp\/v2\/posts"}],"about":[{"href":"https:\/\/bihavadis.com\/index.php\/wp-json\/wp\/v2\/types\/post"}],"author":[{"embeddable":true,"href":"https:\/\/bihavadis.com\/index.php\/wp-json\/wp\/v2\/users\/1"}],"replies":[{"embeddable":true,"href":"https:\/\/bihavadis.com\/index.php\/wp-json\/wp\/v2\/comments?post=23208"}],"version-history":[{"count":1,"href":"https:\/\/bihavadis.com\/index.php\/wp-json\/wp\/v2\/posts\/23208\/revisions"}],"predecessor-version":[{"id":23212,"href":"https:\/\/bihavadis.com\/index.php\/wp-json\/wp\/v2\/posts\/23208\/revisions\/23212"}],"wp:featuredmedia":[{"embeddable":true,"href":"https:\/\/bihavadis.com\/index.php\/wp-json\/wp\/v2\/media\/23209"}],"wp:attachment":[{"href":"https:\/\/bihavadis.com\/index.php\/wp-json\/wp\/v2\/media?parent=23208"}],"wp:term":[{"taxonomy":"category","embeddable":true,"href":"https:\/\/bihavadis.com\/index.php\/wp-json\/wp\/v2\/categories?post=23208"},{"taxonomy":"post_tag","embeddable":true,"href":"https:\/\/bihavadis.com\/index.php\/wp-json\/wp\/v2\/tags?post=23208"}],"curies":[{"name":"wp","href":"https:\/\/api.w.org\/{rel}","templated":true}]}}