{"id":23222,"date":"2026-02-09T03:54:08","date_gmt":"2026-02-09T03:54:08","guid":{"rendered":"https:\/\/bihavadis.com\/?p=23222"},"modified":"2026-02-09T03:54:08","modified_gmt":"2026-02-09T03:54:08","slug":"hyeongyu-oh-kucukken-besiktas-maclarini-televizyondan-izlerdim","status":"publish","type":"post","link":"https:\/\/bihavadis.com\/index.php\/2026\/02\/09\/hyeongyu-oh-kucukken-besiktas-maclarini-televizyondan-izlerdim\/","title":{"rendered":"Hyeongyu Oh: K\u00fc\u00e7\u00fckken Be\u015fikta\u015f ma\u00e7lar\u0131n\u0131 televizyondan izlerdim"},"content":{"rendered":"<p>Be\u015fikta\u015f&#8217;\u0131n Bel\u00e7ika temsilcisi Genk&#8217;ten transfer etti\u011fi G\u00fcney Koreli santrfor Hyeongyu Oh, siyah-beyazl\u0131 kul\u00fcpte yer alman\u0131n kendisi i\u00e7in bir hayalin ger\u00e7ekle\u015fmesi gibi oldu\u011funu s\u00f6yledi.<\/p>\n<p>Siyah-beyazl\u0131 kul\u00fcb\u00fcn YouTube hesab\u0131na a\u00e7\u0131klamalarda bulunan Oh, Be\u015fikta\u015f&#8217;ta oldu\u011fu i\u00e7in \u00e7ok mutlu ve heyecanl\u0131 oldu\u011funu ifade ederek,<em><b> &#8220;Haberi ald\u0131\u011f\u0131mda, arkada\u015flar\u0131mla birlikteydim. Bunun benim i\u00e7in \u00e7ok iyi bir f\u0131rsat oldu\u011funu s\u00f6ylediler. Ben de bunu biliyordum \u00e7\u00fcnk\u00fc Be\u015fikta\u015f, Avrupa&#8217;daki en iyi tak\u0131mlardan biri. K\u00fc\u00e7\u00fckken Be\u015fikta\u015f ma\u00e7lar\u0131n\u0131 televizyondan izlerdim. Bu y\u00fczden buraya gelmek istedi\u011fimi biliyordum ve sonunda buraday\u0131m. \u00c7ok mutluyum. Bundan \u00f6nce Celtic&#8217;te ve Genk&#8217;de oynad\u0131m. Bu benim i\u00e7in \u00e7ok iyi bir ad\u0131m. Bu kul\u00fcb\u00fcn bir oyuncusu olmak gurur verici. O y\u00fczden, tabii ki buraya gelmeliydim.&#8221; <\/b><\/em>diye konu\u015ftu.<\/p>\n<p><img decoding=\"async\" src=\"https:\/\/bihavadis.com\/wp-content\/uploads\/2026\/02\/hyeongyu-oh-kucukken-besiktas-maclarini-televizyondan-izlerdim-0-7iDJWYLB.jpg\"\/><\/p>\n<p><strong>&#8220;\u00c7OK MUTLUYUM&#8221;<\/strong><\/p>\n<p>Kendisini agresif, h\u0131zl\u0131 ve \u00e7al\u0131\u015fkan bir oyuncu olarak tan\u0131mlayan 24 ya\u015f\u0131ndaki futbolcu, Be\u015fikta\u015f tarihinin ilk G\u00fcney Koreli oyuncusu olaca\u011f\u0131 i\u00e7in de gururlu oldu\u011funu vurgulayarak, <em><b>&#8220;Bu kul\u00fcb\u00fcn bir par\u00e7as\u0131 olmak \u00e7ok gurur verici. Bunun i\u00e7in minnettar\u0131m. Bunu sa\u011flayan herkese \u00e7ok te\u015fekk\u00fcr ederim. Hayat g\u00fczel. \u00c7ok mutluyum.&#8221;<\/b><\/em> de\u011ferlendirmesinde bulundu.<\/p>\n<p><strong>&#8220;D\u00dcNYA KUPASI&#8217;NA HAZIR OLMAK \u0130ST\u0130YORUM&#8221;<\/strong><\/p>\n<p><em><b>&#8220;Bu yaz milli tak\u0131mla D\u00fcnya Kupas\u0131&#8217;na kat\u0131lacaks\u0131n. Sen de milli tak\u0131m\u0131n \u00f6nemli bir par\u00e7as\u0131s\u0131n. Neler s\u00f6ylersin?&#8221; <\/b><\/em>sorusu \u00fczerine G\u00fcney Koreli oyuncu, \u015funlar\u0131 kaydettii:<\/p>\n<p>Milli tak\u0131m\u0131n ma\u00e7lar\u0131n\u0131 ve T\u00fcrk ligini izledi\u011fimde oynanan futbolu be\u011fendim. Benim tarz\u0131ma uygun bir oyun var. D\u00fcnya Kupas\u0131&#8217;nda oynamak benim i\u00e7in b\u00fcy\u00fck bir hayal. K\u00fc\u00e7\u00fckl\u00fckten beri en b\u00fcy\u00fck hayallerimden biri, \u00fclkemi D\u00fcnya Kupas\u0131&#8217;nda temsil etmekti. Futbola bunun i\u00e7in ba\u015flad\u0131m diyebilirim. 2002 D\u00fcnya Kupas\u0131&#8217;nda T\u00fcrkiye ve G\u00fcney Kore&#8217;nin kar\u015f\u0131la\u015ft\u0131\u011f\u0131n\u0131 biliyorum. \u0130zledim. Kaybetmi\u015ftik ama ben o ma\u00e7lar\u0131 izleyip hayaller kurarak b\u00fcy\u00fcd\u00fcm. Bu y\u00fczden, milli tak\u0131mda oynama fikri \u00e7ok mutlu edici. Her \u015feyden \u00f6nce, D\u00fcnya Kupas\u0131 i\u00e7in haz\u0131r olmak istiyorum.<\/p>\n<p><strong>&#8220;GOL ATTI\u011eIMDA KARTAL SEV\u0130NC\u0130 YAPMAK \u0130ST\u0130YORUM&#8221;<\/strong><\/p>\n<p>Hyeongyu Oh, daha \u00f6nce \u0130stanbul&#8217;da hi\u00e7 bulunmad\u0131\u011f\u0131 dile getirerek, <em><b>&#8220;\u00c7ok b\u00fcy\u00fck bir \u015fehir ve b\u00fcy\u00fck \u015fehirde oynamak istiyordum. Ayr\u0131ca burada ya\u015famak istiyorum. Futbol haricinde de burada oldu\u011fum i\u00e7in mutluyum ve bir Be\u015fikta\u015f oyuncusu olmak; bir hayalin ger\u00e7ekle\u015fmesi gibi. Burada oldu\u011fuma hala inanam\u0131yorum. Sahaya \u00e7\u0131kmak i\u00e7in sab\u0131rs\u0131zlan\u0131yorum. Taraftar\u0131m\u0131z\u0131n kar\u015f\u0131s\u0131nda, elimden geldi\u011fince skor katk\u0131s\u0131 vermek istiyorum ve gol att\u0131\u011f\u0131mda kartal sevinci yapmak istiyorum.&#8221;<\/b><\/em> ifadelerini kulland\u0131.<\/p>\n<p><strong>&#8220;BU TAKIMA \u00c7OK KATKI SA\u011eLAYACA\u011eIM&#8221;<\/strong><\/p>\n<p>Son olarak siyah-beyazl\u0131 kul\u00fcpte yer alma f\u0131rsat\u0131 i\u00e7in Be\u015fikta\u015f Kul\u00fcb\u00fc Ba\u015fkan\u0131 Serdal Adal\u0131, Genk ekibi, ailesi ve menajerine te\u015fekk\u00fcr eden Oh, <em><b>&#8220;Gol ataca\u011f\u0131m ve bu tak\u0131ma \u00e7ok katk\u0131 sa\u011flayaca\u011f\u0131m, b\u00f6ylece bu tak\u0131m i\u00e7in \u00f6nemli ve ger\u00e7ekten sevilen bir oyuncu olaca\u011f\u0131m. \u00c7ok \u00e7al\u0131\u015faca\u011f\u0131m ve kesinlikle bu taraftar taraf\u0131ndan sevilecek bir oyuncu olaca\u011f\u0131m.&#8221; <\/b><\/em>diyerek s\u00f6zlerini noktalad\u0131.<\/p>\n<p><img decoding=\"async\" src=\"https:\/\/bihavadis.com\/wp-content\/uploads\/2026\/02\/hyeongyu-oh-kucukken-besiktas-maclarini-televizyondan-izlerdim-1-ewE6xPPH.jpg\"\/><\/p>\n","protected":false},"excerpt":{"rendered":"<p>Be\u015fikta\u015f&#8217;\u0131n yeni transferi Hyeongyu Oh, &#8220;K\u00fc\u00e7\u00fckken Be\u015fikta\u015f ma\u00e7lar\u0131n\u0131 televizyondan izlerdim. Bu y\u00fczden buraya gelmek istedi\u011fimi biliyordum ve sonunda buraday\u0131m&#8221; ifadelerini kulland\u0131.<\/p>\n","protected":false},"author":1,"featured_media":23223,"comment_status":"open","ping_status":"open","sticky":false,"template":"","format":"standard","meta":{"footnotes":""},"categories":[14],"tags":[651,3066,4023,4024,366],"class_list":["post-23222","post","type-post","status-publish","format-standard","has-post-thumbnail","hentry","category-spor","tag-besiktas","tag-dunya-kupasi","tag-istiyorum","tag-olmak","tag-takim"],"_links":{"self":[{"href":"https:\/\/bihavadis.com\/index.php\/wp-json\/wp\/v2\/posts\/23222","targetHints":{"allow":["GET"]}}],"collection":[{"href":"https:\/\/bihavadis.com\/index.php\/wp-json\/wp\/v2\/posts"}],"about":[{"href":"https:\/\/bihavadis.com\/index.php\/wp-json\/wp\/v2\/types\/post"}],"author":[{"embeddable":true,"href":"https:\/\/bihavadis.com\/index.php\/wp-json\/wp\/v2\/users\/1"}],"replies":[{"embeddable":true,"href":"https:\/\/bihavadis.com\/index.php\/wp-json\/wp\/v2\/comments?post=23222"}],"version-history":[{"count":1,"href":"https:\/\/bihavadis.com\/index.php\/wp-json\/wp\/v2\/posts\/23222\/revisions"}],"predecessor-version":[{"id":23226,"href":"https:\/\/bihavadis.com\/index.php\/wp-json\/wp\/v2\/posts\/23222\/revisions\/23226"}],"wp:featuredmedia":[{"embeddable":true,"href":"https:\/\/bihavadis.com\/index.php\/wp-json\/wp\/v2\/media\/23223"}],"wp:attachment":[{"href":"https:\/\/bihavadis.com\/index.php\/wp-json\/wp\/v2\/media?parent=23222"}],"wp:term":[{"taxonomy":"category","embeddable":true,"href":"https:\/\/bihavadis.com\/index.php\/wp-json\/wp\/v2\/categories?post=23222"},{"taxonomy":"post_tag","embeddable":true,"href":"https:\/\/bihavadis.com\/index.php\/wp-json\/wp\/v2\/tags?post=23222"}],"curies":[{"name":"wp","href":"https:\/\/api.w.org\/{rel}","templated":true}]}}