{"id":23247,"date":"2026-02-09T04:15:37","date_gmt":"2026-02-09T04:15:37","guid":{"rendered":"https:\/\/bihavadis.com\/?p=23247"},"modified":"2026-02-09T04:15:37","modified_gmt":"2026-02-09T04:15:37","slug":"pinarbasi-esnaf-odasinda-uyeler-bediri-secti","status":"publish","type":"post","link":"https:\/\/bihavadis.com\/index.php\/2026\/02\/09\/pinarbasi-esnaf-odasinda-uyeler-bediri-secti\/","title":{"rendered":"P\u0131narba\u015f\u0131 Esnaf Odas\u0131&#8217;nda \u00fcyeler Bedir&#8217;i se\u00e7ti"},"content":{"rendered":"<p>P\u0131narba\u015f\u0131 Esnaf Odas\u0131 se\u00e7imli Ola\u011fan Genel Kurulu&#8217;nda mevcut ba\u015fkan B\u00fcnyamin Bedir yeniden ba\u015fkan se\u00e7ildi.<\/p>\n<p>P\u0131narba\u015f\u0131 Esnaf Odas\u0131 se\u00e7imli Ola\u011fan Genel Kurul Toplant\u0131s\u0131, P\u0131narba\u015f\u0131 Belediyesi D\u00fc\u011f\u00fcn Salonu&#8217;nda ger\u00e7ekle\u015ftirildi. Genel kurul divan ba\u015fkanl\u0131\u011f\u0131n\u0131 KESOB Ba\u015fkan\u0131 \u015eeyhi Odak\u0131r yapt\u0131. Kurulu y\u00f6neten Ba\u015fkan Odak\u0131r taraf\u0131ndan \u00fcyelere aktar\u0131lan g\u00fcndem maddeleri oybirli\u011fiyle kabul edildi. G\u00fcndem maddelerinin ard\u0131ndan se\u00e7imlere ge\u00e7ildi. Se\u00e7imlere 2 liste girerken, oylar\u0131n \u00e7o\u011funlu\u011funu alan mevcut ba\u015fkan B\u00fcnyamin Bedir yeniden ba\u015fkan se\u00e7ildi.<\/p>\n<p>KESOB Ba\u015fkan\u0131 \u015eeyhi Odak\u0131r, Bedir&#8217;i tebrik ederek, g\u00f6revinde ba\u015far\u0131lar diledi. &#8211; KAYSER\u0130<\/p>\n","protected":false},"excerpt":{"rendered":"<p>P\u0131narba\u015f\u0131 Esnaf Odas\u0131&#8217;n\u0131n Ola\u011fan Genel Kurulu&#8217;nda mevcut ba\u015fkan B\u00fcnyamin Bedir, oylar\u0131n \u00e7o\u011funlu\u011funu alarak yeniden ba\u015fkan se\u00e7ildi. Se\u00e7imlerde iki liste yar\u0131\u015ft\u0131; g\u00fcndem maddeleri oybirli\u011fiyle kabul edildi.<\/p>\n","protected":false},"author":1,"featured_media":23248,"comment_status":"open","ping_status":"open","sticky":false,"template":"","format":"standard","meta":{"footnotes":""},"categories":[12],"tags":[516],"class_list":["post-23247","post","type-post","status-publish","format-standard","has-post-thumbnail","hentry","category-siyaset","tag-baskan"],"_links":{"self":[{"href":"https:\/\/bihavadis.com\/index.php\/wp-json\/wp\/v2\/posts\/23247","targetHints":{"allow":["GET"]}}],"collection":[{"href":"https:\/\/bihavadis.com\/index.php\/wp-json\/wp\/v2\/posts"}],"about":[{"href":"https:\/\/bihavadis.com\/index.php\/wp-json\/wp\/v2\/types\/post"}],"author":[{"embeddable":true,"href":"https:\/\/bihavadis.com\/index.php\/wp-json\/wp\/v2\/users\/1"}],"replies":[{"embeddable":true,"href":"https:\/\/bihavadis.com\/index.php\/wp-json\/wp\/v2\/comments?post=23247"}],"version-history":[{"count":1,"href":"https:\/\/bihavadis.com\/index.php\/wp-json\/wp\/v2\/posts\/23247\/revisions"}],"predecessor-version":[{"id":23249,"href":"https:\/\/bihavadis.com\/index.php\/wp-json\/wp\/v2\/posts\/23247\/revisions\/23249"}],"wp:featuredmedia":[{"embeddable":true,"href":"https:\/\/bihavadis.com\/index.php\/wp-json\/wp\/v2\/media\/23248"}],"wp:attachment":[{"href":"https:\/\/bihavadis.com\/index.php\/wp-json\/wp\/v2\/media?parent=23247"}],"wp:term":[{"taxonomy":"category","embeddable":true,"href":"https:\/\/bihavadis.com\/index.php\/wp-json\/wp\/v2\/categories?post=23247"},{"taxonomy":"post_tag","embeddable":true,"href":"https:\/\/bihavadis.com\/index.php\/wp-json\/wp\/v2\/tags?post=23247"}],"curies":[{"name":"wp","href":"https:\/\/api.w.org\/{rel}","templated":true}]}}