{"id":23308,"date":"2026-02-09T04:54:09","date_gmt":"2026-02-09T04:54:09","guid":{"rendered":"https:\/\/bihavadis.com\/?p=23308"},"modified":"2026-02-09T04:54:09","modified_gmt":"2026-02-09T04:54:09","slug":"pfdk-milan-skriniarin-cezasini-acikladi","status":"publish","type":"post","link":"https:\/\/bihavadis.com\/index.php\/2026\/02\/09\/pfdk-milan-skriniarin-cezasini-acikladi\/","title":{"rendered":"PFDK, Milan Skriniar&#8217;\u0131n cezas\u0131n\u0131 a\u00e7\u0131klad\u0131"},"content":{"rendered":"<p>T\u00fcrkiye Futbol Federasyonu (TFF) Hukuk M\u00fc\u015favirli\u011fi, S\u00fcper Lig&#8217;den 9 kul\u00fcb\u00fc Profesyonel Futbol Disiplin Kuruluna (PFDK) sevk etmi\u015fti.<\/p>\n<p>TFF&#8217;nin sitesinde yer alan a\u00e7\u0131klamaya g\u00f6re Antalyaspor, Ba\u015fak\u015fehir, Rizespor, Ey\u00fcpspor, Fenerbah\u00e7e, Galatasaray, Gen\u00e7lerbirli\u011fi, Kocaelispor ve Konyaspor \u00e7e\u015fitli sebeplerden dolay\u0131 disipline sevk edilmi\u015fti.<\/p>\n<p>Kul\u00fcplerin yan\u0131 s\u0131ra Be\u015fikta\u015fl\u0131 futbolcu Kristjan Asllani kural d\u0131\u015f\u0131 hareketinden dolay\u0131 tedbirli olarak, Fenerbah\u00e7eli oyuncu Milan Skriniar hakaret nedeniyle tedbirli olarak, Fenerbah\u00e7e kul\u00fcp idarecisi Emir Hulusi Yola\u00e7 sportmenli\u011fe ayk\u0131r\u0131 hareketi sebebiyle tedbirli olarak, Antalyaspor Teknik Direkt\u00f6r\u00fc Sami U\u011furlu hakaret nedeniyle tedbirli olarak, Ba\u015fak\u015fehir y\u00f6neticisi Mesut Altan ise talimatlara ayk\u0131r\u0131 hareket dolay\u0131s\u0131yla tedbirsiz olarak disipline sevk edilmi\u015fti.<\/p>\n<p><strong>SKRINIAR&#8217;A MEN CEZASI<\/strong><\/p>\n<p>PFDK, sevk edilmelerin ard\u0131ndan kararlar\u0131n\u0131 duyurdu.<\/p>\n<p>Buna g\u00f6re\u00a0Fenerbah\u00e7e formas\u0131 giyen Milan Skriniar, Kocaelispor ma\u00e7\u0131ndaki hareketi nedeniyle 2 ma\u00e7 ceza ald\u0131.<\/p>\n<p>Skriniar, T\u00fcrkiye Kupas\u0131&#8217;nda Erzurumspor FK ve S\u00fcper Lig&#8217;de Gen\u00e7lerbirli\u011fi ma\u00e7\u0131nda forma giyemeyecek.<\/p>\n<p>Slovak oyuncu, Trabzonspor ile deplasmanda oynanacak lig ma\u00e7\u0131nda sahadaki yerini alabilecek.<\/p>\n<p><img decoding=\"async\" src=\"https:\/\/bihavadis.com\/wp-content\/uploads\/2026\/02\/pfdk-milan-skriniarin-cezasini-acikladi-0-y7mSNPJ2.jpg\"\/><\/p>\n<p>(G\u00f6r\u00fcnt\u00fcler BeIN Sports&#8217;tan al\u0131nm\u0131\u015ft\u0131r.)<\/p>\n","protected":false},"excerpt":{"rendered":"<p>Profesyonel Futbol Disiplin Kurulu, Fenerbah\u00e7eli oyuncu Milan Skriniar&#8217;a 2 ma\u00e7 ceza verdi.<\/p>\n","protected":false},"author":1,"featured_media":23309,"comment_status":"open","ping_status":"open","sticky":false,"template":"","format":"standard","meta":{"footnotes":""},"categories":[14],"tags":[],"class_list":["post-23308","post","type-post","status-publish","format-standard","has-post-thumbnail","hentry","category-spor"],"_links":{"self":[{"href":"https:\/\/bihavadis.com\/index.php\/wp-json\/wp\/v2\/posts\/23308","targetHints":{"allow":["GET"]}}],"collection":[{"href":"https:\/\/bihavadis.com\/index.php\/wp-json\/wp\/v2\/posts"}],"about":[{"href":"https:\/\/bihavadis.com\/index.php\/wp-json\/wp\/v2\/types\/post"}],"author":[{"embeddable":true,"href":"https:\/\/bihavadis.com\/index.php\/wp-json\/wp\/v2\/users\/1"}],"replies":[{"embeddable":true,"href":"https:\/\/bihavadis.com\/index.php\/wp-json\/wp\/v2\/comments?post=23308"}],"version-history":[{"count":1,"href":"https:\/\/bihavadis.com\/index.php\/wp-json\/wp\/v2\/posts\/23308\/revisions"}],"predecessor-version":[{"id":23311,"href":"https:\/\/bihavadis.com\/index.php\/wp-json\/wp\/v2\/posts\/23308\/revisions\/23311"}],"wp:featuredmedia":[{"embeddable":true,"href":"https:\/\/bihavadis.com\/index.php\/wp-json\/wp\/v2\/media\/23309"}],"wp:attachment":[{"href":"https:\/\/bihavadis.com\/index.php\/wp-json\/wp\/v2\/media?parent=23308"}],"wp:term":[{"taxonomy":"category","embeddable":true,"href":"https:\/\/bihavadis.com\/index.php\/wp-json\/wp\/v2\/categories?post=23308"},{"taxonomy":"post_tag","embeddable":true,"href":"https:\/\/bihavadis.com\/index.php\/wp-json\/wp\/v2\/tags?post=23308"}],"curies":[{"name":"wp","href":"https:\/\/api.w.org\/{rel}","templated":true}]}}