{"id":23335,"date":"2026-02-09T05:15:05","date_gmt":"2026-02-09T05:15:05","guid":{"rendered":"https:\/\/bihavadis.com\/?p=23335"},"modified":"2026-02-09T05:15:05","modified_gmt":"2026-02-09T05:15:05","slug":"amed-sportif-faaliyetler-cem-ustundagi-renklerine-bagladi","status":"publish","type":"post","link":"https:\/\/bihavadis.com\/index.php\/2026\/02\/09\/amed-sportif-faaliyetler-cem-ustundagi-renklerine-bagladi\/","title":{"rendered":"Amed Sportif Faaliyetler, Cem \u00dcst\u00fcnda\u011f&#8217;\u0131 renklerine ba\u011flad\u0131"},"content":{"rendered":"<p>1. Lig ekiplerinden Amed Sportif Faaliyetler, orta saha oyuncusu Cem \u00dcst\u00fcnda\u011f&#8217;\u0131 renklerine ba\u011flad\u0131.<\/p>\n<p>Merkez Kayap\u0131nar il\u00e7esindeki \u015eehmus \u00d6zer Tesisleri&#8217;nde d\u00fczenlenen imza t\u00f6reninde 25 ya\u015f\u0131ndaki \u00dcst\u00fcnda\u011f ile 2,5 y\u0131ll\u0131k s\u00f6zle\u015fme imzaland\u0131.<\/p>\n<p><strong>&#8220;KUL\u00dcB\u00dcM\u00dcZE HAYIRLI OLSUN&#8221;<\/strong><\/p>\n<p>Amed Sportif Faaliyetler Kul\u00fcb\u00fc Ba\u015fkan\u0131 Nahit Eren, imza t\u00f6reninde gazetecilere yapt\u0131\u011f\u0131 a\u00e7\u0131klamada, ara transfer d\u00f6neminde eksik b\u00f6lgelere y\u00f6nelik transferler ger\u00e7ekle\u015ftirdiklerini belirterek, Cem \u00dcst\u00fcnda\u011f&#8217;\u0131 da bu do\u011frultuda kadroya dahil ettiklerini s\u00f6yledi.<\/p>\n<p>\u00dcst\u00fcnda\u011f&#8217;\u0131n S\u00fcper Lig ekiplerinden Kas\u0131mpa\u015fa&#8217;da forma giydi\u011fini hat\u0131rlatan Eren, <em><b>&#8220;Cem \u00dcst\u00fcnda\u011f ile bonservis bedelini de \u00f6deyerek 2,5 y\u0131ll\u0131k s\u00f6zle\u015fme imzalad\u0131k. \u0130n\u015fallah bu y\u0131lki \u015fampiyonluk hedefimize \u00f6nemli katk\u0131lar sunar. Kendisi 6 ve 8 numara pozisyonlar\u0131nda g\u00f6rev yapabilen bir orta saha oyuncusu. Kendisine, ailesine ve kul\u00fcb\u00fcm\u00fcze hay\u0131rl\u0131 olsun.&#8221;<\/b><\/em> diye konu\u015ftu.<\/p>\n<p><strong>&#8220;\u00c7ALI\u015eMALARIMIZI S\u00dcRD\u00dcR\u00dcYORUZ&#8221;<\/strong><\/p>\n<p>Eren, Amed Sportif Faaliyetler&#8217;in 1. Lig&#8217;e b\u00fcy\u00fck bir heyecan katt\u0131\u011f\u0131n\u0131 belirterek, \u015funlar\u0131 s\u00f6yledi:<\/p>\n<p>Kul\u00fcb\u00fcm\u00fcz, seyir zevki y\u00fcksek bir futbol oynayan ve taraftar\u0131yla bu lige ayr\u0131 bir anlam katan bir kul\u00fcp. Sezon ba\u015f\u0131ndaki kadro yap\u0131lanmam\u0131z ve ara transfer d\u00f6neminde ger\u00e7ekle\u015ftirdi\u011fimiz takviyelerle S\u00fcper Lig&#8217;e y\u00fckselme hedefi do\u011frultusunda \u00e7al\u0131\u015fmalar\u0131m\u0131z\u0131 s\u00fcrd\u00fcr\u00fcyoruz.<\/p>\n<p><strong>&#8220;S\u00d6ZLE\u015eMEN\u0130N FESH\u0130 KONUSUNDA G\u00d6R\u00dc\u015eMELER\u0130M\u0130Z S\u00dcR\u00dcYOR&#8221;<\/strong><\/p>\n<p>Yabanc\u0131 futbolcu kontenjan\u0131nda ya\u015fad\u0131klar\u0131 s\u0131k\u0131nt\u0131ya da de\u011finen Eren, \u015funlar\u0131 kaydetti:<\/p>\n<p>Normal \u015fartlarda 7 yabanc\u0131 futbolcu oynatma hakk\u0131m\u0131z var. Ancak 23 ya\u015f alt\u0131 oyuncu oynat\u0131lmas\u0131 durumunda bu say\u0131 8&#8217;e \u00e7\u0131k\u0131yor. Kamuoyunda \u00e7ok bilinmeyen bir kural daha bulunuyor. Bu kurala g\u00f6re, 8 yabanc\u0131 kontenjan\u0131na sahip olsan\u0131z dahi ayn\u0131 anda sahada en fazla 6 yabanc\u0131 oyuncu oynatabiliyorsunuz. Bizim yaln\u0131zca iki stoperimiz vard\u0131 ve bu b\u00f6lgeye ciddi takviye yapmam\u0131z gerekiyordu. Nitekim bu b\u00f6lgelere iki transfer ger\u00e7ekle\u015ftirdik. Bu durum, bir futbolcumuzla yollar\u0131m\u0131z\u0131 ay\u0131rmam\u0131z\u0131 zorunlu k\u0131ld\u0131. Y\u00f6netim olarak yapt\u0131\u011f\u0131m\u0131z de\u011ferlendirme sonucunda orta saha oyuncumuz Andre Biyogo Poko ile yollar\u0131 ay\u0131rma karar\u0131 ald\u0131k. Bu durumu kendisine \u00fcz\u00fclerek bildirdik. Kendisi kul\u00fcpte kalmak istiyordu ancak kar\u015f\u0131l\u0131kl\u0131 anla\u015farak s\u00f6zle\u015fmenin feshi konusunda g\u00f6r\u00fc\u015fmelerimiz s\u00fcr\u00fcyor.<\/p>\n<p><strong>&#8220;HEDEFLERLE GELD\u0130M&#8221;<\/strong><\/p>\n<p>Cem \u00dcst\u00fcnda\u011f da, Amed Sportif Faaliyetler formas\u0131 giyecek olmaktan mutluluk ve gurur duydu\u011funu s\u00f6yledi.<\/p>\n<p>\u00dcst\u00fcnda\u011f, <em><b>&#8220;Amedspor&#8217;a hedeflerle geldim. Bir hedefimiz var, o da \u015fampiyonluk. Bunu bir aile ortam\u0131 i\u00e7inde ba\u015farmaya \u00e7al\u0131\u015faca\u011f\u0131z. Tak\u0131ma, ba\u015fkan\u0131m\u0131za, teknik ekibe ve futbolcu arkada\u015flar\u0131ma g\u00fcveniyorum. Amedspor&#8217;u gelecek sezon S\u00fcper Lig&#8217;de g\u00f6rmeyi umut ediyorum.&#8221;<\/b><\/em> ifadelerini kulland\u0131.<\/p>\n","protected":false},"excerpt":{"rendered":"<p>Amed Sportif Faaliyetler Kul\u00fcb\u00fc Ba\u015fkan\u0131 Nahit Eren, Cem \u00dcst\u00fcnda\u011f&#8217;\u0131n imza t\u00f6reninde &#8220;Ara transfer d\u00f6neminde ger\u00e7ekle\u015ftirdi\u011fimiz takviyelerle S\u00fcper Lig&#8217;e y\u00fckselme hedefi do\u011frultusunda \u00e7al\u0131\u015fmalar\u0131m\u0131z\u0131 s\u00fcrd\u00fcr\u00fcyoruz&#8221; dedi.<\/p>\n","protected":false},"author":1,"featured_media":23336,"comment_status":"open","ping_status":"open","sticky":false,"template":"","format":"standard","meta":{"footnotes":""},"categories":[14],"tags":[446,365,597,1728,4028],"class_list":["post-23335","post","type-post","status-publish","format-standard","has-post-thumbnail","hentry","category-spor","tag-amed","tag-futbol","tag-lig","tag-oyuncu","tag-ustundag"],"_links":{"self":[{"href":"https:\/\/bihavadis.com\/index.php\/wp-json\/wp\/v2\/posts\/23335","targetHints":{"allow":["GET"]}}],"collection":[{"href":"https:\/\/bihavadis.com\/index.php\/wp-json\/wp\/v2\/posts"}],"about":[{"href":"https:\/\/bihavadis.com\/index.php\/wp-json\/wp\/v2\/types\/post"}],"author":[{"embeddable":true,"href":"https:\/\/bihavadis.com\/index.php\/wp-json\/wp\/v2\/users\/1"}],"replies":[{"embeddable":true,"href":"https:\/\/bihavadis.com\/index.php\/wp-json\/wp\/v2\/comments?post=23335"}],"version-history":[{"count":1,"href":"https:\/\/bihavadis.com\/index.php\/wp-json\/wp\/v2\/posts\/23335\/revisions"}],"predecessor-version":[{"id":23337,"href":"https:\/\/bihavadis.com\/index.php\/wp-json\/wp\/v2\/posts\/23335\/revisions\/23337"}],"wp:featuredmedia":[{"embeddable":true,"href":"https:\/\/bihavadis.com\/index.php\/wp-json\/wp\/v2\/media\/23336"}],"wp:attachment":[{"href":"https:\/\/bihavadis.com\/index.php\/wp-json\/wp\/v2\/media?parent=23335"}],"wp:term":[{"taxonomy":"category","embeddable":true,"href":"https:\/\/bihavadis.com\/index.php\/wp-json\/wp\/v2\/categories?post=23335"},{"taxonomy":"post_tag","embeddable":true,"href":"https:\/\/bihavadis.com\/index.php\/wp-json\/wp\/v2\/tags?post=23335"}],"curies":[{"name":"wp","href":"https:\/\/api.w.org\/{rel}","templated":true}]}}