{"id":23338,"date":"2026-02-09T05:18:05","date_gmt":"2026-02-09T05:18:05","guid":{"rendered":"https:\/\/bihavadis.com\/?p=23338"},"modified":"2026-02-09T05:18:05","modified_gmt":"2026-02-09T05:18:05","slug":"ozgur-ozelden-baris-ve-demokrasi-vurgusu","status":"publish","type":"post","link":"https:\/\/bihavadis.com\/index.php\/2026\/02\/09\/ozgur-ozelden-baris-ve-demokrasi-vurgusu\/","title":{"rendered":"\u00d6zg\u00fcr \u00d6zel&#8217;den Bar\u0131\u015f ve Demokrasi Vurgusu"},"content":{"rendered":"<p>Cumhuriyet Halk Partisi (CHP) Genel Ba\u015fkan\u0131 \u00d6zg\u00fcr \u00d6zel, partisi taraf\u0131ndan d\u00fczenlenen Toplumsal Bar\u0131\u015f ve Demokrasi Konferans\u0131&#8217;na kat\u0131ld\u0131. Konferansta konu\u015fan \u00d6zel, &#8221; Suriye&#8217;nin huzur ve refah\u0131 T\u00fcrkiye&#8217;ye de kazand\u0131r\u0131r. Bu kez kazanan emperyalistler de\u011fil bu topraklar\u0131n insan\u0131 olsun diye m\u00fccadele ediyoruz&#8221; dedi.<\/p>\n<p>Cumhuriyet Halk Partisi (CHP) Genel Ba\u015fkan\u0131 \u00d6zg\u00fcr \u00d6zel, partisi taraf\u0131ndan \u0130stanbul Kongre Merkezi&#8217;nde d\u00fczenlenen Toplumsal Bar\u0131\u015f ve Demokrasi Konferans\u0131&#8217;na kat\u0131ld\u0131.<\/p>\n<p>Konferans\u0131 &#8216;Ortak Gelecek Bulu\u015fmalar\u0131&#8217; ad\u0131 alt\u0131nda tasarlad\u0131klar\u0131 bulu\u015fmalar serisinin bir ba\u015flang\u0131c\u0131 olarak de\u011ferlendiren CHP Genel Ba\u015fkan\u0131 \u00d6zg\u00fcr \u00d6zel, &#8220;\u00dclkemizin, b\u00f6lgemizin ve d\u00fcnyan\u0131n ya\u015fad\u0131\u011f\u0131 \u00e7oklu krizleri ge\u00e7mi\u015fimizin ve gelece\u011fimizin ortak oldu\u011fu bilinciyle a\u015fabilece\u011fimize inan\u0131yoruz. Evet; \u00fclkemizde, b\u00f6lgemizde, d\u00fcnyada \u00e7oklu krizler ya\u015f\u0131yoruz. Bu salon ise \u00e7oklu kimlikleri, siyasi aidiyetleri, hayat g\u00f6r\u00fc\u015flerini, ya\u015fam tarzlar\u0131n\u0131 birle\u015ftiriyor. Bizim de beklentimiz ve amac\u0131m\u0131z tam olarak budur; \u00c7oklu krizleri, \u00e7oklu kimliklerimizle yan yana durarak a\u015fabilmeyi ba\u015farmak; T\u00fcrkiye i\u00e7in \u00f6zg\u00fcr, adil, huzurlu bir gelecek hayalinde ortakla\u015fmakt\u0131r&#8221; dedi.<\/p>\n<p>&#8220;\u00c7at\u0131\u015fmay\u0131, sava\u015f\u0131 de\u011fil; uzla\u015f\u0131y\u0131 ve bar\u0131\u015f\u0131 savunuyoruz&#8221;<\/p>\n<p>Suriye&#8217;nin toprak b\u00fct\u00fcnl\u00fc\u011f\u00fcn\u00fc, siyasi istikrar\u0131n\u0131, t\u00fcm inan\u00e7lar\u0131n, kimliklerin anayasal g\u00fcvence alt\u0131nda birlikte ya\u015famas\u0131n\u0131 istediklerini ifade eden CHP lideri \u00d6zg\u00fcr \u00d6zel, &#8220;B\u00f6lgeye kendi g\u00fc\u00e7 hesaplar\u0131n\u0131n i\u00e7inden bakanlar, bug\u00fcn &#8216;ak&#8217; dediklerine yar\u0131n &#8216;kara&#8217; diyebiliyorlar. Emperyalist devletler tarih boyunca oldu\u011fu gibi bu topraklar\u0131n \u00e7\u0131karlar\u0131n\u0131 de\u011fil, kendi menfaatlerini d\u00fc\u015f\u00fcn\u00fcyorlar. Bizim yolumuz; T\u00fcrklerin, K\u00fcrtlerin, Araplar\u0131n, \u015eiilerin, Alevilerin ve D\u00fcrzilerin birlikte kazanaca\u011f\u0131 bir m\u00fccadeleyi vermek olmal\u0131d\u0131r. Suriye&#8217;deki T\u00fcrkmenler, K\u00fcrtler, Araplar hepsi bizim akrabam\u0131zd\u0131r, karde\u015fimizdir. Bu kapsamda K\u00fcrtleri hedef alan, onurlar\u0131n\u0131 zedeleyen ve &#8216;K\u00fcrt e\u015fittir ter\u00f6rist&#8217; alg\u0131s\u0131n\u0131 yeniden \u00fcretmeye \u00e7al\u0131\u015fan eski, y\u0131k\u0131c\u0131, d\u0131\u015flay\u0131c\u0131 s\u00f6ylemleri a\u00e7\u0131k\u00e7a reddediyoruz. T\u00fcrkiye&#8217;deki K\u00fcrtleri de Suriye&#8217;deki akrabalar\u0131n\u0131 da inciten hi\u00e7bir politikaya boyun e\u011fmedik, e\u011fmeyece\u011fiz. \u00c7at\u0131\u015fmay\u0131, sava\u015f\u0131 de\u011fil; uzla\u015f\u0131y\u0131 ve bar\u0131\u015f\u0131 savunuyoruz&#8221; diye konu\u015ftu.<\/p>\n<p>K\u00fcrt meselesinin ortak bir \u00e7\u00f6z\u00fcm meselesi oldu\u011funu dile getiren \u00d6zel, &#8220;\u00dclkenin her meselesinde oldu\u011fu gibi K\u00fcrt meselesinin \u00e7\u00f6z\u00fcm\u00fcnde de tarihin do\u011fru yerinde durduk, duruyoruz ve bundan sonra da duraca\u011f\u0131z. \u00c7\u00fcnk\u00fc bu mesele hepimizin ortak meselesidir. Bu mesele ku\u015faklar boyunca ta\u015f\u0131nan a\u011f\u0131r, toplumsal bir y\u00fckt\u00fcr. Bug\u00fcn milletimiz art\u0131k bu y\u00fckten kurtulmak ve ferahlamak istiyor. Milletimiz, ter\u00f6r\u00fcn bitmesini, bar\u0131\u015f\u0131n in\u015fas\u0131n\u0131 ve demokrasinin aya\u011fa kalkmas\u0131n\u0131 istiyor&#8221; dedi. &#8211; \u0130STANBUL<\/p>\n","protected":false},"excerpt":{"rendered":"<p>CHP Genel Ba\u015fkan\u0131 \u00d6zg\u00fcr \u00d6zel, konferansta Suriye&#8217;de bar\u0131\u015f ve adalet i\u00e7in ortak m\u00fccadele \u00e7a\u011fr\u0131s\u0131 yapt\u0131.<\/p>\n","protected":false},"author":1,"featured_media":0,"comment_status":"open","ping_status":"open","sticky":false,"template":"","format":"standard","meta":{"footnotes":""},"categories":[12],"tags":[1888,4030,356,4029,3848],"class_list":["post-23338","post","type-post","status-publish","format-standard","hentry","category-siyaset","tag-baris","tag-coklu","tag-kurt","tag-meselesi","tag-ortak"],"_links":{"self":[{"href":"https:\/\/bihavadis.com\/index.php\/wp-json\/wp\/v2\/posts\/23338","targetHints":{"allow":["GET"]}}],"collection":[{"href":"https:\/\/bihavadis.com\/index.php\/wp-json\/wp\/v2\/posts"}],"about":[{"href":"https:\/\/bihavadis.com\/index.php\/wp-json\/wp\/v2\/types\/post"}],"author":[{"embeddable":true,"href":"https:\/\/bihavadis.com\/index.php\/wp-json\/wp\/v2\/users\/1"}],"replies":[{"embeddable":true,"href":"https:\/\/bihavadis.com\/index.php\/wp-json\/wp\/v2\/comments?post=23338"}],"version-history":[{"count":1,"href":"https:\/\/bihavadis.com\/index.php\/wp-json\/wp\/v2\/posts\/23338\/revisions"}],"predecessor-version":[{"id":23339,"href":"https:\/\/bihavadis.com\/index.php\/wp-json\/wp\/v2\/posts\/23338\/revisions\/23339"}],"wp:attachment":[{"href":"https:\/\/bihavadis.com\/index.php\/wp-json\/wp\/v2\/media?parent=23338"}],"wp:term":[{"taxonomy":"category","embeddable":true,"href":"https:\/\/bihavadis.com\/index.php\/wp-json\/wp\/v2\/categories?post=23338"},{"taxonomy":"post_tag","embeddable":true,"href":"https:\/\/bihavadis.com\/index.php\/wp-json\/wp\/v2\/tags?post=23338"}],"curies":[{"name":"wp","href":"https:\/\/api.w.org\/{rel}","templated":true}]}}