{"id":23346,"date":"2026-02-09T05:24:08","date_gmt":"2026-02-09T05:24:08","guid":{"rendered":"https:\/\/bihavadis.com\/?p=23346"},"modified":"2026-02-09T05:24:08","modified_gmt":"2026-02-09T05:24:08","slug":"baskan-arslan-sarimsak-iscilerini-ziyaret-etti","status":"publish","type":"post","link":"https:\/\/bihavadis.com\/index.php\/2026\/02\/09\/baskan-arslan-sarimsak-iscilerini-ziyaret-etti\/","title":{"rendered":"Ba\u015fkan Arslan, Sar\u0131msak \u0130\u015f\u00e7ilerini Ziyaret Etti"},"content":{"rendered":"<p>Ta\u015fk\u00f6pr\u00fc Belediye Ba\u015fkan\u0131 H\u00fcseyin Arslan, sar\u0131msak dikiminde \u00e7al\u0131\u015fan i\u015f\u00e7ileri ziyaret etti.<\/p>\n<p>Avrupa Co\u011frafi \u0130\u015faret Belgesi&#8217;ne sahip Ta\u015fk\u00f6pr\u00fc sar\u0131msa\u011f\u0131n\u0131n dikim sezonu ba\u015flad\u0131. Sezonun ilk g\u00fcnlerinde Seyitler k\u00f6y\u00fcnde Nam\u0131k G\u00fcne\u015f&#8217;e ait sar\u0131msak tarlas\u0131nda \u00e7al\u0131\u015fan g\u00fcnl\u00fck\u00e7\u00fcleri ziyaret eden Arslan, sofralar\u0131na konuk oldu.<\/p>\n<p>Arslan, AA muhabirine, sar\u0131msa\u011f\u0131n b\u00f6lge a\u00e7\u0131s\u0131ndan \u00e7ok \u00f6nemli oldu\u011funu belirterek, &#8220;Sar\u0131msak, \u00fcreticilerimizin en b\u00fcy\u00fck ge\u00e7im kayna\u011f\u0131d\u0131r. Kimimiz d\u00fc\u011f\u00fcn\u00fcn\u00fc, kimimiz ge\u00e7imini sar\u0131msak hasad\u0131na g\u00f6re planlar. G\u00fcnl\u00fck\u00e7\u00fclerimizle ayn\u0131 sofrada bulu\u015farak ekme\u011fimizi payla\u015ft\u0131k. Yeni sezonun il\u00e7emize, Kastamonu&#8217;muza ve t\u00fcm \u00fcreticilerimize hay\u0131rl\u0131 ve u\u011furlu olmas\u0131n\u0131 diliyorum.&#8221; dedi.<\/p>\n<p>Nam\u0131k G\u00fcne\u015f ise ziyaretten duydu\u011fu memnuniyeti dile getirerek, &#8220;Belediye Ba\u015fkan\u0131m\u0131z\u0131n tarlam\u0131za gelmesi bizleri \u00e7ok mutlu etti. Sofram\u0131za misafir oldu, birlikte yemek yedik, ard\u0131ndan sar\u0131msa\u011f\u0131m\u0131z\u0131 diktik. Nazik ziyaretleri i\u00e7in kendisine te\u015fekk\u00fcr ediyorum.&#8221; ifadesini kulland\u0131.<\/p>\n","protected":false},"excerpt":{"rendered":"<p>Ta\u015fk\u00f6pr\u00fc Belediye Ba\u015fkan\u0131 H\u00fcseyin Arslan, sar\u0131msak dikiminde \u00e7al\u0131\u015fan i\u015f\u00e7ilerle bir araya geldi.<\/p>\n","protected":false},"author":1,"featured_media":23347,"comment_status":"open","ping_status":"open","sticky":false,"template":"","format":"standard","meta":{"footnotes":""},"categories":[12],"tags":[],"class_list":["post-23346","post","type-post","status-publish","format-standard","has-post-thumbnail","hentry","category-siyaset"],"_links":{"self":[{"href":"https:\/\/bihavadis.com\/index.php\/wp-json\/wp\/v2\/posts\/23346","targetHints":{"allow":["GET"]}}],"collection":[{"href":"https:\/\/bihavadis.com\/index.php\/wp-json\/wp\/v2\/posts"}],"about":[{"href":"https:\/\/bihavadis.com\/index.php\/wp-json\/wp\/v2\/types\/post"}],"author":[{"embeddable":true,"href":"https:\/\/bihavadis.com\/index.php\/wp-json\/wp\/v2\/users\/1"}],"replies":[{"embeddable":true,"href":"https:\/\/bihavadis.com\/index.php\/wp-json\/wp\/v2\/comments?post=23346"}],"version-history":[{"count":1,"href":"https:\/\/bihavadis.com\/index.php\/wp-json\/wp\/v2\/posts\/23346\/revisions"}],"predecessor-version":[{"id":23348,"href":"https:\/\/bihavadis.com\/index.php\/wp-json\/wp\/v2\/posts\/23346\/revisions\/23348"}],"wp:featuredmedia":[{"embeddable":true,"href":"https:\/\/bihavadis.com\/index.php\/wp-json\/wp\/v2\/media\/23347"}],"wp:attachment":[{"href":"https:\/\/bihavadis.com\/index.php\/wp-json\/wp\/v2\/media?parent=23346"}],"wp:term":[{"taxonomy":"category","embeddable":true,"href":"https:\/\/bihavadis.com\/index.php\/wp-json\/wp\/v2\/categories?post=23346"},{"taxonomy":"post_tag","embeddable":true,"href":"https:\/\/bihavadis.com\/index.php\/wp-json\/wp\/v2\/tags?post=23346"}],"curies":[{"name":"wp","href":"https:\/\/api.w.org\/{rel}","templated":true}]}}