{"id":23354,"date":"2026-02-09T05:30:13","date_gmt":"2026-02-09T05:30:13","guid":{"rendered":"https:\/\/bihavadis.com\/?p=23354"},"modified":"2026-02-09T05:30:13","modified_gmt":"2026-02-09T05:30:13","slug":"mustafa-sen-pkk-teror-orgutudur-baris-teroristlerle-olmaz","status":"publish","type":"post","link":"https:\/\/bihavadis.com\/index.php\/2026\/02\/09\/mustafa-sen-pkk-teror-orgutudur-baris-teroristlerle-olmaz\/","title":{"rendered":"Mustafa \u015een: PKK Ter\u00f6r \u00d6rg\u00fct\u00fcd\u00fcr, Bar\u0131\u015f Ter\u00f6ristlerle Olmaz"},"content":{"rendered":"<p> AK Parti Genel Ba\u015fkan Yard\u0131mc\u0131s\u0131 Mustafa \u015een, &#8220;Bizim g\u00fcvenlik g\u00fc\u00e7lerimizin kar\u015f\u0131s\u0131nda bir ter\u00f6r \u00f6rg\u00fct\u00fc var dolay\u0131s\u0131yla bu yap\u0131lan bar\u0131\u015f de\u011fil. Bar\u0131\u015f sava\u015fan ordular, devletler aras\u0131nda olur, PKK bir ter\u00f6r \u00f6rg\u00fct\u00fcd\u00fcr bir devlet de\u011fildir.&#8221; dedi.<\/p>\n<p>\u015een, T\u00fcrkiye Petrolleri Anonim Ortakl\u0131\u011f\u0131 (TPAO) konferans salonunda d\u00fczenlenen Geni\u015fletilmi\u015f Ad\u0131yaman \u0130l Dan\u0131\u015fma Meclisi Toplant\u0131s\u0131&#8217;nda Ad\u0131yamanl\u0131lar\u0131n her se\u00e7imde Cumhurba\u015fkan\u0131 Recep Tayyip Erdo\u011fan&#8217;a \u00e7ok iyi bir destek verdi\u011fini s\u00f6yledi.<\/p>\n<p>Ter\u00f6rs\u00fcz T\u00fcrkiye s\u00fcrecindeki komisyonda bulundu\u011funu ifade eden \u015een, \u015f\u00f6yle devam etti: <\/p>\n<p>&#8220;Ter\u00f6rs\u00fcz T\u00fcrkiye Komisyonu&#8217;nda yani Milli Dan\u0131\u015fma Karde\u015flik ve Demokrasi Komisyonu&#8217;nda partimiz ad\u0131na 3 genel ba\u015fkan yard\u0131mc\u0131s\u0131 olarak bulunuyoruz ve toplam 21 milletvekili olarak oraday\u0131z. 6 aya kadar s\u00fcren o s\u00fcre\u00e7te partimizin bir raporunu da meseleye bak\u0131\u015f a\u00e7\u0131s\u0131n\u0131 da izah edecek \u015fekilde bir raporunu da daha dar bir yine komisyonlar arkada\u015flarla daha dar bir grupla yazd\u0131k ve meclis ba\u015fkanl\u0131\u011f\u0131na teslim ettik.&#8221;<\/p>\n<p>PKK&#8217;n\u0131n ter\u00f6r \u00f6rg\u00fct\u00fc oldu\u011funu hat\u0131rlatan \u015een, &#8220;Toplumda huzur ve g\u00fcven olacak baz\u0131 arkada\u015flar diyorlar ki bar\u0131\u015f olacak. Biz diyoruz ki bar\u0131\u015f \u00e7ok g\u00fczel bir kelime ama bar\u0131\u015f sava\u015fan taraflar aras\u0131nda olur. 2 devlet birbiriyle sava\u015f\u0131r sonra bar\u0131\u015f yaparlar. Biz kimseyle sava\u015fm\u0131yoruz. Bizim kar\u015f\u0131m\u0131zda bir ordu yok. Bizim g\u00fcvenlik g\u00fc\u00e7lerimizin kar\u015f\u0131s\u0131nda bir ter\u00f6r \u00f6rg\u00fct\u00fc var dolay\u0131s\u0131yla bu yap\u0131lan bar\u0131\u015f de\u011fil. Bar\u0131\u015f sava\u015fan ordular, devletler aras\u0131nda olur, PKK bir ter\u00f6r \u00f6rg\u00fct\u00fcd\u00fcr bir devlet de\u011fildir. Bir devletin ordusu ya da g\u00fcvenlik kuvvetleri de\u011fildir.&#8221; dedi.<\/p>\n<p>PKK&#8217;n\u0131n t\u00fcm unsurlar\u0131yla yurt i\u00e7i ve d\u0131\u015f\u0131nda kendini fesih etmesi gerekti\u011fini anlatan \u015een, &#8220;Ter\u00f6r \u00f6rg\u00fct\u00fc kendini fes edecek, etti. Silahlar\u0131n\u0131 teslim edecek, etmeye ba\u015flad\u0131. Bunu somut delillerle devletin ilgili kurumlar\u0131 tespit edecek sonra o somut delillerle teyit edecek. Bunun yurt i\u00e7inde ve yurt d\u0131\u015f\u0131nda PKK&#8217;n\u0131n b\u00fct\u00fcn unsurlar\u0131yla, b\u00fct\u00fcn \u015fubeleriyle b\u00fct\u00fcn uzant\u0131lar\u0131yla ama yurt i\u00e7inde ve yurt d\u0131\u015f\u0131nda sadece \u015furada de\u011fil. Yani diyorum ona ki Suriye&#8217;de de b\u0131rakacaks\u0131n. Arjantin&#8217;deki kamp\u0131 da kapatacaks\u0131n hi\u00e7biri ondan bahsetmiyor bana o Arjantin&#8217;deki farkla yapt\u0131\u011f\u0131n kamp\u0131 da kapatacaks\u0131n ki orada FET\u00d6 de var. Sen bana demiyorsun ama ben onlar\u0131 biliyorum.&#8221;<\/p>\n<p>PKK&#8217;n\u0131n ka\u00e7akl\u0131k yapt\u0131\u011f\u0131n\u0131 belirten \u015een, &#8220;\u0130nsan ka\u00e7ak\u00e7\u0131l\u0131\u011f\u0131 yap\u0131yorsun. 12-15 ya\u015f\u0131ndaki \u00e7ocuklar\u0131 da\u011fa ka\u00e7\u0131r\u0131yorsun. Kamp diyorsun kampa ka\u00e7\u0131r\u0131yorsun, kulu\u00e7ka diyorsun kulu\u00e7kaya ka\u00e7\u0131r\u0131yorsun. \u0130nsan ka\u00e7ak\u00e7\u0131l\u0131\u011f\u0131n\u0131 da b\u0131rakacaks\u0131n, silahlar\u0131n\u0131 teslim edeceksin. Kendin de teslim olacaks\u0131n. Sokaklardaki esnaflardan sen hara\u00e7 al\u0131yorsun, devlet vergi al\u0131r. Sen vergi diyorsun ama ald\u0131\u011f\u0131n hara\u00e7t\u0131r.&#8221; diye konu\u015ftu.<\/p>\n<p>Toplant\u0131ya, AK Parti Ad\u0131yaman milletvekilleri, partililer ve ilgililer kat\u0131ld\u0131.<\/p>\n","protected":false},"excerpt":{"rendered":"<p>AK Parti Genel Ba\u015fkan Yard\u0131mc\u0131s\u0131 Mustafa \u015een, Ad\u0131yaman&#8217;da d\u00fczenlenen toplant\u0131da PKK&#8217;y\u0131 ter\u00f6r \u00f6rg\u00fct\u00fc olarak tan\u0131mlayarak, &#8216;Bar\u0131\u015f ter\u00f6ristlerle olmaz&#8217; dedi. \u015een, T\u00fcrkiye&#8217;nin g\u00fcvenlik g\u00fc\u00e7leriyle kar\u015f\u0131 kar\u015f\u0131ya bir ordu de\u011fil, bir ter\u00f6r \u00f6rg\u00fct\u00fc bulundu\u011funu vurgulad\u0131. PKK&#8217;n\u0131n yurt i\u00e7i ve d\u0131\u015f\u0131nda tamamen feshedilmesi gerekti\u011fini belirtilerek, ka\u00e7ak\u00e7\u0131l\u0131k ve insan ka\u00e7ak\u00e7\u0131l\u0131\u011f\u0131na da de\u011findi.<\/p>\n","protected":false},"author":1,"featured_media":23355,"comment_status":"open","ping_status":"open","sticky":false,"template":"","format":"standard","meta":{"footnotes":""},"categories":[12],"tags":[1888,1247,933,4031,1928],"class_list":["post-23354","post","type-post","status-publish","format-standard","has-post-thumbnail","hentry","category-siyaset","tag-baris","tag-devlet","tag-edecek","tag-pkk","tag-sen"],"_links":{"self":[{"href":"https:\/\/bihavadis.com\/index.php\/wp-json\/wp\/v2\/posts\/23354","targetHints":{"allow":["GET"]}}],"collection":[{"href":"https:\/\/bihavadis.com\/index.php\/wp-json\/wp\/v2\/posts"}],"about":[{"href":"https:\/\/bihavadis.com\/index.php\/wp-json\/wp\/v2\/types\/post"}],"author":[{"embeddable":true,"href":"https:\/\/bihavadis.com\/index.php\/wp-json\/wp\/v2\/users\/1"}],"replies":[{"embeddable":true,"href":"https:\/\/bihavadis.com\/index.php\/wp-json\/wp\/v2\/comments?post=23354"}],"version-history":[{"count":1,"href":"https:\/\/bihavadis.com\/index.php\/wp-json\/wp\/v2\/posts\/23354\/revisions"}],"predecessor-version":[{"id":23356,"href":"https:\/\/bihavadis.com\/index.php\/wp-json\/wp\/v2\/posts\/23354\/revisions\/23356"}],"wp:featuredmedia":[{"embeddable":true,"href":"https:\/\/bihavadis.com\/index.php\/wp-json\/wp\/v2\/media\/23355"}],"wp:attachment":[{"href":"https:\/\/bihavadis.com\/index.php\/wp-json\/wp\/v2\/media?parent=23354"}],"wp:term":[{"taxonomy":"category","embeddable":true,"href":"https:\/\/bihavadis.com\/index.php\/wp-json\/wp\/v2\/categories?post=23354"},{"taxonomy":"post_tag","embeddable":true,"href":"https:\/\/bihavadis.com\/index.php\/wp-json\/wp\/v2\/tags?post=23354"}],"curies":[{"name":"wp","href":"https:\/\/api.w.org\/{rel}","templated":true}]}}