{"id":23497,"date":"2026-02-09T07:15:09","date_gmt":"2026-02-09T07:15:09","guid":{"rendered":"https:\/\/bihavadis.com\/?p=23497"},"modified":"2026-02-09T07:15:09","modified_gmt":"2026-02-09T07:15:09","slug":"domenico-tedesco-son-ana-kadar-gozumuz-acik-olacak","status":"publish","type":"post","link":"https:\/\/bihavadis.com\/index.php\/2026\/02\/09\/domenico-tedesco-son-ana-kadar-gozumuz-acik-olacak\/","title":{"rendered":"Domenico Tedesco: Son ana kadar g\u00f6z\u00fcm\u00fcz a\u00e7\u0131k olacak"},"content":{"rendered":"<p>Fenerbah\u00e7e, T\u00fcrkiye Kupas\u0131 C Grubu \u00fc\u00e7\u00fcnc\u00fc hafta ma\u00e7\u0131nda sahas\u0131nda a\u011f\u0131rlad\u0131\u011f\u0131 Erzurumspor FK\u2019y\u0131 3-1 ma\u011flup etti.<\/p>\n<p>Bu sonucun ard\u0131ndan Fenerbah\u00e7e puan\u0131n\u0131 6 yaparken Erzurumspor FK ise 3 puanda kald\u0131.<\/p>\n<p>Fenerbah\u00e7e Teknik Direkt\u00f6r\u00fc Domenico Tedesco, ma\u00e7\u0131n ard\u0131ndan \u00f6nemli a\u00e7\u0131klamalarda bulundu.<\/p>\n<p><strong>&#8220;SON ANA KADAR TRANSFER!&#8221;<\/strong><\/p>\n<p>Tedesco, \u015funlar\u0131 dedi:<\/p>\n<p><img decoding=\"async\" src=\"https:\/\/bihavadis.com\/wp-content\/uploads\/2026\/02\/domenico-tedesco-son-ana-kadar-gozumuz-acik-olacak-0-P73bV4Cv.jpg\"\/><\/p>\n<p><strong>&#8220;DEVREDE 4 DE\u011e\u0130\u015e\u0130KL\u0130K \u00dcZ\u00dcC\u00dc&#8221;<\/strong><\/p>\n<p>Domenico Tedesco ayr\u0131ca \u015fu s\u00f6zleri sarf etti:<\/p>\n<p>Asl\u0131nda ilk yar\u0131da \u00e7ok iyi performans sergiledi\u011fimiz ma\u00e7lar vard\u0131. Bu ma\u00e7\u0131n ilk yar\u0131s\u0131 kabul edilebilir de\u011fil. Biz bu rakibe de ciddi haz\u0131rland\u0131k. Rakibimiz bir alt ligde ama ikinci s\u0131rada, son 11 ma\u00e7ta 10 galibiyetleri vard\u0131. Rizespor&#8217;u yenmi\u015flerdi. Bu ma\u00e7\u0131 ciddiye almam\u0131z gerekiyordu. Oyuncular\u0131mla konu\u015ftum ama ilk yar\u0131 kabul edilebilir de\u011fildi. Devrede 4 de\u011fi\u015fiklik yapmak \u00fcz\u00fcc\u00fc. Arka arkaya \u00e7ok ma\u00e7 oynuyoruz. Bir \u00f6nceki ay 8 ma\u00e7 oynad\u0131k. \u00d6n\u00fcm\u00fczde arka arkaya ma\u00e7lar var. Biraz dinlenmek \u00f6nemli olacakt\u0131 ama yapamad\u0131k.<\/p>\n<p><img decoding=\"async\" src=\"https:\/\/bihavadis.com\/wp-content\/uploads\/2026\/02\/domenico-tedesco-son-ana-kadar-gozumuz-acik-olacak-1-CUTvexEg.jpg\"\/><\/p>\n","protected":false},"excerpt":{"rendered":"<p>Fenerbah\u00e7e Teknik Direkt\u00f6r\u00fc Domenico Tedesco, &#8220;Bir forvet almak i\u00e7in forvet almayaca\u011f\u0131z. Alaca\u011f\u0131m\u0131z zaman oyuncunun karakterine, mantalitesine bakaca\u011f\u0131z. Son ana kadar g\u00f6z\u00fcm\u00fcz a\u00e7\u0131k olacak&#8221; dedi.<\/p>\n","protected":false},"author":1,"featured_media":23498,"comment_status":"open","ping_status":"open","sticky":false,"template":"","format":"standard","meta":{"footnotes":""},"categories":[14],"tags":[364],"class_list":["post-23497","post","type-post","status-publish","format-standard","has-post-thumbnail","hentry","category-spor","tag-mac"],"_links":{"self":[{"href":"https:\/\/bihavadis.com\/index.php\/wp-json\/wp\/v2\/posts\/23497","targetHints":{"allow":["GET"]}}],"collection":[{"href":"https:\/\/bihavadis.com\/index.php\/wp-json\/wp\/v2\/posts"}],"about":[{"href":"https:\/\/bihavadis.com\/index.php\/wp-json\/wp\/v2\/types\/post"}],"author":[{"embeddable":true,"href":"https:\/\/bihavadis.com\/index.php\/wp-json\/wp\/v2\/users\/1"}],"replies":[{"embeddable":true,"href":"https:\/\/bihavadis.com\/index.php\/wp-json\/wp\/v2\/comments?post=23497"}],"version-history":[{"count":1,"href":"https:\/\/bihavadis.com\/index.php\/wp-json\/wp\/v2\/posts\/23497\/revisions"}],"predecessor-version":[{"id":23501,"href":"https:\/\/bihavadis.com\/index.php\/wp-json\/wp\/v2\/posts\/23497\/revisions\/23501"}],"wp:featuredmedia":[{"embeddable":true,"href":"https:\/\/bihavadis.com\/index.php\/wp-json\/wp\/v2\/media\/23498"}],"wp:attachment":[{"href":"https:\/\/bihavadis.com\/index.php\/wp-json\/wp\/v2\/media?parent=23497"}],"wp:term":[{"taxonomy":"category","embeddable":true,"href":"https:\/\/bihavadis.com\/index.php\/wp-json\/wp\/v2\/categories?post=23497"},{"taxonomy":"post_tag","embeddable":true,"href":"https:\/\/bihavadis.com\/index.php\/wp-json\/wp\/v2\/tags?post=23497"}],"curies":[{"name":"wp","href":"https:\/\/api.w.org\/{rel}","templated":true}]}}