{"id":23541,"date":"2026-02-09T07:54:07","date_gmt":"2026-02-09T07:54:07","guid":{"rendered":"https:\/\/bihavadis.com\/?p=23541"},"modified":"2026-02-09T07:54:07","modified_gmt":"2026-02-09T07:54:07","slug":"suriye-devlet-televizyonunda-ilk-kez-kurtce-yayin-yapildi","status":"publish","type":"post","link":"https:\/\/bihavadis.com\/index.php\/2026\/02\/09\/suriye-devlet-televizyonunda-ilk-kez-kurtce-yayin-yapildi\/","title":{"rendered":"Suriye devlet televizyonunda ilk kez K\u00fcrt\u00e7e yay\u0131n yap\u0131ld\u0131"},"content":{"rendered":"<p>Suriye&#8217;de Baas rejimi d\u00f6neminde sistematik olarak uygulanan ayr\u0131mc\u0131 politikalar, \u00f6zellikle 1962 Haseke ola\u011fan\u00fcst\u00fc n\u00fcfus say\u0131m\u0131yla on binlerce K\u00fcrt&#8217;\u00fcn vatanda\u015fl\u0131k haklar\u0131ndan mahrum b\u0131rak\u0131lmas\u0131na yol a\u00e7m\u0131\u015ft\u0131.<\/p>\n<p>Bu say\u0131m sonucunda binlerce K\u00fcrt<em><b> &#8216;yabanc\u0131&#8217;<\/b><\/em> veya <b><em>&#8216;kay\u0131ts\u0131z&#8217;<\/em><\/b> stat\u00fcs\u00fcne al\u0131nm\u0131\u015f; kimlik, pasaport, m\u00fclkiyet hakk\u0131, e\u011fitim ve kamu hizmetlerinden yararlanamama gibi a\u011f\u0131r ma\u011fduriyetler ya\u015fanm\u0131\u015ft\u0131.<\/p>\n<p>Ge\u00e7i\u015f s\u00fcresinde yeni y\u00f6netim, bu durumu de\u011fi\u015ftirme y\u00f6n\u00fcnde ad\u0131mlar att\u0131.<\/p>\n<p>16 Ocak 2026 tarihinde Suriye Cumhurba\u015fkan\u0131 Ahmed \u015eara&#8217;n\u0131n 2026 Y\u0131l\u0131 13 Numaral\u0131 Cumhurba\u015fkanl\u0131\u011f\u0131 Kararnamesi&#8217;ni imzalamas\u0131n\u0131n ard\u0131ndan \u00fclkede\u00a0Suriyeli K\u00fcrtler, Suriye halk\u0131n\u0131n <em><b>&#8216;temel ve asli bir par\u00e7as\u0131&#8217;<\/b><\/em> olarak resmen kabul edildi.<\/p>\n<p>Ya\u015fanan geli\u015fme sonras\u0131, bug\u00fcn Suriye devlet televizyonunda ilk kez K\u00fcrt\u00e7e yay\u0131n yap\u0131ld\u0131.<\/p>\n<p><strong>HABER K\u00dcRT\u00c7E SUNULDU<\/strong><\/p>\n<p>El-\u0130hbariyye kanal\u0131 sunucusu, <em><b>&#8220;Suriye K\u00fcrt Ulusal Konseyi (ENKS)&#8221;<\/b><\/em> heyetinin Cumhurba\u015fkan\u0131 Ahmed \u015eara ile \u015eam&#8217;daki Halk Saray\u0131&#8217;nda yapt\u0131\u011f\u0131 g\u00f6r\u00fc\u015fmeye ili\u015fkin haberi K\u00fcrt\u00e7e sundu.<\/p>\n<p><strong>&#8220;SUR\u0130YE VE K\u00dcRT HALKI \u0130\u00c7\u0130N TAR\u0130H\u0130 B\u0130R G\u00dcN&#8221;<\/strong><\/p>\n<p>G\u00f6r\u00fc\u015fmeye ili\u015fkin Davut, <em><b>&#8220;Bug\u00fcn Suriye ve K\u00fcrt halk\u0131 i\u00e7in tarihi bir g\u00fcn. Biz K\u00fcrtler olarak Suriye&#8217;nin bir par\u00e7as\u0131, tarih boyunca da orta\u011f\u0131 oldu\u011fumuzu d\u00fc\u015f\u00fcn\u00fcyoruz, gelecekte de orta\u011f\u0131 olmay\u0131 s\u00fcrd\u00fcrece\u011fiz.&#8221;<\/b><\/em> dedi.<\/p>\n<p>Davut, <em><b>&#8220;\u015eam&#8217;da bulunmam\u0131z ve h\u00fck\u00fcmetle bir araya gelmemiz ulusal g\u00f6revimizdir.&#8221;<\/b><\/em> ifadesini kulland\u0131.<\/p>\n<p><img decoding=\"async\" src=\"https:\/\/bihavadis.com\/wp-content\/uploads\/2026\/02\/suriye-devlet-televizyonunda-ilk-kez-kurtce-yayin-yapildi-0-xAcPfdBj.jpg\"\/><\/p>\n","protected":false},"excerpt":{"rendered":"<p>Suriye&#8217;de Cumhurba\u015fkan\u0131 Ahmed \u015eara&#8217;n\u0131n imzalad\u0131\u011f\u0131 kararnameyle ba\u015flayan de\u011fi\u015fim sonras\u0131 Suriye devlet televizyonunda ilk kez K\u00fcrt\u00e7e yay\u0131n yap\u0131ld\u0131.<\/p>\n","protected":false},"author":1,"featured_media":23542,"comment_status":"open","ping_status":"open","sticky":false,"template":"","format":"standard","meta":{"footnotes":""},"categories":[6],"tags":[356,361],"class_list":["post-23541","post","type-post","status-publish","format-standard","has-post-thumbnail","hentry","category-dunya","tag-kurt","tag-suriye"],"_links":{"self":[{"href":"https:\/\/bihavadis.com\/index.php\/wp-json\/wp\/v2\/posts\/23541","targetHints":{"allow":["GET"]}}],"collection":[{"href":"https:\/\/bihavadis.com\/index.php\/wp-json\/wp\/v2\/posts"}],"about":[{"href":"https:\/\/bihavadis.com\/index.php\/wp-json\/wp\/v2\/types\/post"}],"author":[{"embeddable":true,"href":"https:\/\/bihavadis.com\/index.php\/wp-json\/wp\/v2\/users\/1"}],"replies":[{"embeddable":true,"href":"https:\/\/bihavadis.com\/index.php\/wp-json\/wp\/v2\/comments?post=23541"}],"version-history":[{"count":1,"href":"https:\/\/bihavadis.com\/index.php\/wp-json\/wp\/v2\/posts\/23541\/revisions"}],"predecessor-version":[{"id":23544,"href":"https:\/\/bihavadis.com\/index.php\/wp-json\/wp\/v2\/posts\/23541\/revisions\/23544"}],"wp:featuredmedia":[{"embeddable":true,"href":"https:\/\/bihavadis.com\/index.php\/wp-json\/wp\/v2\/media\/23542"}],"wp:attachment":[{"href":"https:\/\/bihavadis.com\/index.php\/wp-json\/wp\/v2\/media?parent=23541"}],"wp:term":[{"taxonomy":"category","embeddable":true,"href":"https:\/\/bihavadis.com\/index.php\/wp-json\/wp\/v2\/categories?post=23541"},{"taxonomy":"post_tag","embeddable":true,"href":"https:\/\/bihavadis.com\/index.php\/wp-json\/wp\/v2\/tags?post=23541"}],"curies":[{"name":"wp","href":"https:\/\/api.w.org\/{rel}","templated":true}]}}