{"id":23587,"date":"2026-02-09T08:33:07","date_gmt":"2026-02-09T08:33:07","guid":{"rendered":"https:\/\/bihavadis.com\/?p=23587"},"modified":"2026-02-09T08:33:07","modified_gmt":"2026-02-09T08:33:07","slug":"ak-parti-grup-baskanvekili-akbasoglu-kutahyada-konustu-aciklamasi","status":"publish","type":"post","link":"https:\/\/bihavadis.com\/index.php\/2026\/02\/09\/ak-parti-grup-baskanvekili-akbasoglu-kutahyada-konustu-aciklamasi\/","title":{"rendered":"AK Parti Grup Ba\u015fkanvekili Akba\u015fo\u011flu, K\u00fctahya&#8217;da konu\u015ftu A\u00e7\u0131klamas\u0131"},"content":{"rendered":"<p> AK Parti Grup Ba\u015fkanvekili Muhammet Emin Akba\u015fo\u011flu, &#8220;\u015eimdi ilk 25 y\u0131ll\u0131k d\u00f6nemimizde ortaya koydu\u011fumuz bu performans\u0131n \u00e7ok daha fevkinde, \u00e7ok daha b\u00fcy\u00fck hedeflere ikinci 25 y\u0131ll\u0131k d\u00f6nemimize haz\u0131rlan\u0131yoruz. \u0130kinci 25 y\u0131ll\u0131k d\u00f6nemimizi in\u015fallah hep beraber &#8216;\u015fahlan\u0131\u015f d\u00f6nemi&#8217; olarak isimlendiriyoruz.&#8221; dedi.<\/p>\n<p>Akba\u015fo\u011flu, AK Parti K\u00fctahya Geni\u015fletilmi\u015f \u0130l Dan\u0131\u015fma Meclisi Toplant\u0131s\u0131&#8217;nda yapt\u0131\u011f\u0131 konu\u015fmada, T\u00fcrkiye&#8217;nin b\u00f6lgesel ve k\u00fcresel anlamda muazzam mesafeler kat ederek, muazzam reformlara, devrimlere imza att\u0131\u011f\u0131n\u0131, Cumhurba\u015fkan\u0131 Recep Tayyip Erdo\u011fan liderli\u011finde muas\u0131r medeniyetler seviyesinin \u00fcst\u00fcne \u00e7\u0131kt\u0131\u011f\u0131n\u0131 s\u00f6yledi.<\/p>\n<p>AK Parti iktidar\u0131n\u0131n ikinci 25 y\u0131ll\u0131k d\u00f6neme haz\u0131rland\u0131\u011f\u0131n\u0131 belirten Akba\u015fo\u011flu, \u015f\u00f6yle konu\u015ftu: <\/p>\n<p>&#8220;\u015eimdi ilk 25 y\u0131ll\u0131k d\u00f6nemimizde ortaya koydu\u011fumuz bu performans\u0131n \u00e7ok daha fevkinde, \u00e7ok daha b\u00fcy\u00fck hedeflere ikinci 25 y\u0131ll\u0131k d\u00f6nemimize haz\u0131rlan\u0131yoruz. \u0130kinci 25 y\u0131ll\u0131k d\u00f6nemimizi in\u015fallah hep beraber \u015fahlan\u0131\u015f d\u00f6nemi olarak isimlendiriyoruz. \u00c7\u00fcnk\u00fc \u00f6yle bir e\u015fikteyiz ki yepyeni bir d\u00fcnya kuruluyor. T\u00fcrkiye bir kutup y\u0131ld\u0131z\u0131 olarak b\u00f6lgesinde bir b\u00f6lgesel g\u00fc\u00e7 ve k\u00fcresel bir akt\u00f6r olarak b\u00fct\u00fcn insanl\u0131\u011f\u0131n \u00f6zledi\u011fi, bekledi\u011fi bir nizam\u0131 alemi, bir k\u00fcresel d\u00fczeni t\u0131pk\u0131 ecdad\u0131m\u0131z\u0131n ortaya koydu\u011fu gibi bug\u00fcn de bu misyonu \u00fcstlenen bu kadrolar olu\u015fturacak.&#8221;<\/p>\n<p>Akba\u015fo\u011flu, Ter\u00f6rs\u00fcz T\u00fcrkiye&#8217;yi ve T\u00fcrkiye Y\u00fczy\u0131l\u0131&#8217;n\u0131 ger\u00e7ekle\u015ftirmeyi emin ad\u0131mlarla Cumhur \u0130ttifak\u0131 olarak at\u0131ld\u0131\u011f\u0131n\u0131 vurgulad\u0131.<\/p>\n<p>T\u00fcrkiye&#8217;nin aktif d\u0131\u015f politikas\u0131yla dengeyi olu\u015fturdu\u011funu belirten Akba\u015fo\u011flu, birlik ve beraberlik i\u00e7inde yeni d\u00f6nemde \u00e7ok daha b\u00fcy\u00fck zaferlere, \u00e7ok daha b\u00fcy\u00fck ba\u015far\u0131lara imza at\u0131laca\u011f\u0131n\u0131 ifade etti.<\/p>\n<p>&#8220;2026 y\u0131l\u0131 bir\u00e7ok alanda reformlar y\u0131l\u0131 olacak&#8221;<\/p>\n<p>Halk\u0131n beklentilerine hi\u00e7bir zaman kulak t\u0131kamad\u0131klar\u0131n\u0131 vurgulayan Akba\u015fo\u011flu, \u015f\u00f6yle devam etti: <\/p>\n<p>&#8220;Biliyorum baz\u0131 s\u0131k\u0131nt\u0131lar var, baz\u0131 talepler var. Ba\u015fta emeklilerimiz olmak \u00fczere \u00e7ift\u00e7ilerimizin, i\u015f\u00e7ilerimizin farkl\u0131 talepleri s\u00f6z konusu. Biz bunlara hi\u00e7bir zaman kula\u011f\u0131m\u0131z\u0131 t\u0131kamad\u0131k. Her daim Allah&#8217;\u0131n izniyle g\u00f6nl\u00fcm\u00fcz de kula\u011f\u0131m\u0131z da her t\u00fcrl\u00fc bedenimizin b\u00fct\u00fcn h\u00fccreleriyle milletimizin sesine kulak vererek buralara geldik. Allah&#8217;\u0131n izniyle 2026 y\u0131l\u0131 bir\u00e7ok alanda reformlar y\u0131l\u0131 olacak ve in\u015fallah y\u00fczde 20&#8217;nin alt\u0131na enflasyonu d\u00fc\u015f\u00fcrece\u011fiz. \u00d6n\u00fcm\u00fczdeki y\u0131l ise bunu tek rakama, tek haneli noktaya indirece\u011fiz.&#8221;<\/p>\n","protected":false},"excerpt":{"rendered":"<p>AK Parti Grup Ba\u015fkanvekili Muhammet Emin Akba\u015fo\u011flu, &#8220;\u015eimdi ilk 25 y\u0131ll\u0131k d\u00f6nemimizde ortaya koydu\u011fumuz bu performans\u0131n \u00e7ok daha fevkinde, \u00e7ok daha b\u00fcy\u00fck hedeflere ikinci 25 y\u0131ll\u0131k d\u00f6nemimize haz\u0131rlan\u0131yoruz.<\/p>\n","protected":false},"author":1,"featured_media":23588,"comment_status":"open","ping_status":"open","sticky":false,"template":"","format":"standard","meta":{"footnotes":""},"categories":[12],"tags":[3448,197],"class_list":["post-23587","post","type-post","status-publish","format-standard","has-post-thumbnail","hentry","category-siyaset","tag-akbasoglu","tag-turkiye"],"_links":{"self":[{"href":"https:\/\/bihavadis.com\/index.php\/wp-json\/wp\/v2\/posts\/23587","targetHints":{"allow":["GET"]}}],"collection":[{"href":"https:\/\/bihavadis.com\/index.php\/wp-json\/wp\/v2\/posts"}],"about":[{"href":"https:\/\/bihavadis.com\/index.php\/wp-json\/wp\/v2\/types\/post"}],"author":[{"embeddable":true,"href":"https:\/\/bihavadis.com\/index.php\/wp-json\/wp\/v2\/users\/1"}],"replies":[{"embeddable":true,"href":"https:\/\/bihavadis.com\/index.php\/wp-json\/wp\/v2\/comments?post=23587"}],"version-history":[{"count":1,"href":"https:\/\/bihavadis.com\/index.php\/wp-json\/wp\/v2\/posts\/23587\/revisions"}],"predecessor-version":[{"id":23589,"href":"https:\/\/bihavadis.com\/index.php\/wp-json\/wp\/v2\/posts\/23587\/revisions\/23589"}],"wp:featuredmedia":[{"embeddable":true,"href":"https:\/\/bihavadis.com\/index.php\/wp-json\/wp\/v2\/media\/23588"}],"wp:attachment":[{"href":"https:\/\/bihavadis.com\/index.php\/wp-json\/wp\/v2\/media?parent=23587"}],"wp:term":[{"taxonomy":"category","embeddable":true,"href":"https:\/\/bihavadis.com\/index.php\/wp-json\/wp\/v2\/categories?post=23587"},{"taxonomy":"post_tag","embeddable":true,"href":"https:\/\/bihavadis.com\/index.php\/wp-json\/wp\/v2\/tags?post=23587"}],"curies":[{"name":"wp","href":"https:\/\/api.w.org\/{rel}","templated":true}]}}