{"id":23597,"date":"2026-02-09T08:42:07","date_gmt":"2026-02-09T08:42:07","guid":{"rendered":"https:\/\/bihavadis.com\/?p=23597"},"modified":"2026-02-09T08:42:07","modified_gmt":"2026-02-09T08:42:07","slug":"bakanliklar-ve-kamu-kurumlarina-atama-kararlari-resmi-gazetede","status":"publish","type":"post","link":"https:\/\/bihavadis.com\/index.php\/2026\/02\/09\/bakanliklar-ve-kamu-kurumlarina-atama-kararlari-resmi-gazetede\/","title":{"rendered":"Bakanl\u0131klar ve kamu kurumlar\u0131na atama kararlar\u0131 Resmi Gazete&#8217;de"},"content":{"rendered":"<p>Cumhurba\u015fkan\u0131 Recep Tayyip Erdo\u011fan&#8217;\u0131n imzas\u0131yla Resmi Gazete&#8217;de yer alan kararlara g\u00f6re Sosyal G\u00fcvenlik Kurumu Ba\u015fkanl\u0131\u011f\u0131&#8217;na 3 say\u0131l\u0131 Cumhurba\u015fkanl\u0131\u011f\u0131 Kararnamesi&#8217;nin 2 ve 3&#8217;\u00fcnc\u00fc maddeleri gere\u011fince Yunus Elita\u015f atand\u0131.<\/p>\n<p>Sosyal G\u00fcvenlik Kurumu&#8217;nda a\u00e7\u0131k bulunan y\u00f6netim kurulu \u00fcyeli\u011fine ise Celalettin S\u0131vac\u0131 getirildi.<\/p>\n<p><strong>\u00c7ALI\u015eMA VE SOSYAL G\u00dcVENL\u0130K BAKANLI\u011eI<\/strong><\/p>\n<p>\u00c7al\u0131\u015fma ve Sosyal G\u00fcvenlik Bakanl\u0131\u011f\u0131 ve Sosyal G\u00fcvenlik Kurumu Ba\u015fkanl\u0131\u011f\u0131&#8217;n\u0131n \u00fcst kademe kamu y\u00f6neticilerinden Rehberlik ve Tefti\u015f Ba\u015fkan\u0131 Bekir Akt\u00fcrk, \u0130\u015f Sa\u011fl\u0131\u011f\u0131 ve G\u00fcvenli\u011fi Genel M\u00fcd\u00fcr\u00fc \u0130brahim Esenkar ve Sosyal G\u00fcvenlik Kurumu Ba\u015fkan Yard\u0131mc\u0131s\u0131 \u0130smail Ert\u00fcz\u00fcn g\u00f6revinden al\u0131nd\u0131.<\/p>\n<p>\u00c7al\u0131\u015fma ve Sosyal G\u00fcvenlik Bakanl\u0131\u011f\u0131 Uluslararas\u0131 \u0130\u015fg\u00fcc\u00fc Genel M\u00fcd\u00fcrl\u00fc\u011f\u00fc yard\u0131mc\u0131l\u0131klar\u0131na Harun Aydo\u011fmu\u015f ve Cem G\u00f6kmen G\u00f6k\u00e7e, D\u0131\u015f \u0130li\u015fkiler ve Avrupa Birli\u011fi Genel M\u00fcd\u00fcrl\u00fc\u011f\u00fc yard\u0131mc\u0131l\u0131\u011f\u0131na Selim Da\u011fl\u0131o\u011flu, Hukuk Hizmetleri Genel M\u00fcd\u00fcrl\u00fc\u011f\u00fc yard\u0131mc\u0131l\u0131\u011f\u0131na Salih Turgay I\u015f\u0131k ve Sosyal G\u00fcvenlik Kurumu Ba\u015fkanl\u0131\u011f\u0131 Rehberlik ve Tefti\u015f Ba\u015fkanl\u0131\u011f\u0131&#8217;na ise R\u0131fat Koray K\u00f6pr\u00fcl\u00fco\u011flu&#8217;nun atamas\u0131 yap\u0131ld\u0131.<\/p>\n<p><strong>M\u0130LL\u0130 E\u011e\u0130T\u0130M BAKANLI\u011eI<\/strong><\/p>\n<p>Milli E\u011fitim Bakanl\u0131\u011f\u0131 \u00c7ank\u0131r\u0131 \u0130l Milli E\u011fitim M\u00fcd\u00fcr\u00fc Muammer \u00d6zt\u00fcrk g\u00f6revden al\u0131n\u0131rken \u00c7ank\u0131r\u0131 \u0130l MiIli E\u011fitim M\u00fcd\u00fcrl\u00fc\u011f\u00fc&#8217;ne Ayhan I\u015f\u0131k, Bursa \u0130l Milli E\u011fitim M\u00fcd\u00fcrl\u00fc\u011f\u00fc&#8217;ne G\u00fcrhan \u00c7okgezer, Edirne \u0130l Milli E\u011fitim M\u00fcd\u00fcrl\u00fc\u011f\u00fc&#8217;ne Bursa \u0130I Milli E\u011fitim M\u00fcd\u00fcr\u00fc Ahmet Alireiso\u011flu, Adana \u0130l Milli E\u011fitim M\u00fcd\u00fcrl\u00fc\u011f\u00fc&#8217;ne Van \u0130l Milli E\u011fitim M\u00fcd\u00fcr\u00fc Mehmet Nurettin Aras, Van \u0130l Milli E\u011fitim M\u00fcd\u00fcrl\u00fc\u011f\u00fc&#8217;ne \u015e\u0131rnak \u0130l Milli E\u011fitim M\u00fcd\u00fcr\u00fc Bilal Y\u0131lmaz \u00c7and\u0131ro\u011flu, Bal\u0131kesir \u0130l Milli E\u011fitim M\u00fcd\u00fcrl\u00fc\u011f\u00fc&#8217;ne Selehattin Kal atand\u0131.<\/p>\n<p>Milli E\u011fitim Bakanl\u0131\u011f\u0131&#8217;nda a\u00e7\u0131k bulunan m\u00fcfetti\u015fli\u011fe ise Hac\u0131 Atakan Do\u011fan getirildi.<\/p>\n","protected":false},"excerpt":{"rendered":"<p>Baz\u0131 bakanl\u0131k ve kamu kurumlar\u0131na ili\u015fkin atama ve g\u00f6revden alma kararlar\u0131 Resmi Gazete&#8217;de yer ald\u0131.<\/p>\n","protected":false},"author":1,"featured_media":23598,"comment_status":"open","ping_status":"open","sticky":false,"template":"","format":"standard","meta":{"footnotes":""},"categories":[9,13],"tags":[1778,516,4049,2932,3491],"class_list":["post-23597","post","type-post","status-publish","format-standard","has-post-thumbnail","hentry","category-genel","category-son-dakika","tag-bakanligi","tag-baskan","tag-kurumu","tag-milli-egitim","tag-muduru"],"_links":{"self":[{"href":"https:\/\/bihavadis.com\/index.php\/wp-json\/wp\/v2\/posts\/23597","targetHints":{"allow":["GET"]}}],"collection":[{"href":"https:\/\/bihavadis.com\/index.php\/wp-json\/wp\/v2\/posts"}],"about":[{"href":"https:\/\/bihavadis.com\/index.php\/wp-json\/wp\/v2\/types\/post"}],"author":[{"embeddable":true,"href":"https:\/\/bihavadis.com\/index.php\/wp-json\/wp\/v2\/users\/1"}],"replies":[{"embeddable":true,"href":"https:\/\/bihavadis.com\/index.php\/wp-json\/wp\/v2\/comments?post=23597"}],"version-history":[{"count":1,"href":"https:\/\/bihavadis.com\/index.php\/wp-json\/wp\/v2\/posts\/23597\/revisions"}],"predecessor-version":[{"id":23599,"href":"https:\/\/bihavadis.com\/index.php\/wp-json\/wp\/v2\/posts\/23597\/revisions\/23599"}],"wp:featuredmedia":[{"embeddable":true,"href":"https:\/\/bihavadis.com\/index.php\/wp-json\/wp\/v2\/media\/23598"}],"wp:attachment":[{"href":"https:\/\/bihavadis.com\/index.php\/wp-json\/wp\/v2\/media?parent=23597"}],"wp:term":[{"taxonomy":"category","embeddable":true,"href":"https:\/\/bihavadis.com\/index.php\/wp-json\/wp\/v2\/categories?post=23597"},{"taxonomy":"post_tag","embeddable":true,"href":"https:\/\/bihavadis.com\/index.php\/wp-json\/wp\/v2\/tags?post=23597"}],"curies":[{"name":"wp","href":"https:\/\/api.w.org\/{rel}","templated":true}]}}