{"id":23631,"date":"2026-02-09T09:15:08","date_gmt":"2026-02-09T09:15:08","guid":{"rendered":"https:\/\/bihavadis.com\/?p=23631"},"modified":"2026-02-09T09:15:08","modified_gmt":"2026-02-09T09:15:08","slug":"karabukte-minibus-kazasi-17-yarali","status":"publish","type":"post","link":"https:\/\/bihavadis.com\/index.php\/2026\/02\/09\/karabukte-minibus-kazasi-17-yarali\/","title":{"rendered":"Karab\u00fck&#8217;te Minib\u00fcs Kazas\u0131: 17 Yaral\u0131"},"content":{"rendered":"<p>\n<p>KARAB\u00dcK&#8217;te hafta sonu tatili i\u00e7in gittikleri kayak merkezinden d\u00f6nen Senegalli \u00fcniversite \u00f6\u011frencilerini ta\u015f\u0131yan minib\u00fcs\u00fcn, kontrolden \u00e7\u0131karak yakla\u015f\u0131k 5 metre y\u00fckseklikten alt yola u\u00e7mas\u0131 sonucu 17 ki\u015fi yaraland\u0131.<\/p>\n<p>Kaza, saat 16.30 s\u0131ralar\u0131nda D\u00fcz\u00e7am k\u00f6y\u00fc mevkisinde meydana geldi. Hafta sonu tatili i\u00e7in Keltepe Kayak Merkezi&#8217;ne giden Senegalli Karab\u00fck \u00dcniversitesi \u00f6\u011frencilerini ta\u015f\u0131yan Yasin \u00d6zdal idaresindeki 78 ACL 031 plakal\u0131 minib\u00fcs, s\u00fcr\u00fcc\u00fcs\u00fcn\u00fcn kontrol\u00fcn\u00fc kaybetmesi sonucu yakla\u015f\u0131k 5 metre y\u00fckseklikten alt yola u\u00e7tu. \u00c7evredekilerin ihbar\u0131 \u00fczerine kaza yerine jandarma, sa\u011fl\u0131k, itfaiye UMKE ve AFAD ekipleri sevk edildi. Kazada yaralanan \u00fcniversitesi \u00f6\u011frencisi 16 gen\u00e7 ile minib\u00fcs \u015fof\u00f6r\u00fc, ambulanslarla Karab\u00fck \u00dcniversitesi E\u011fitim ve Ara\u015ft\u0131rma Hastanesi&#8217;ne kald\u0131r\u0131ld\u0131. <\/p>\n<p>Kazayla ilgili soru\u015fturma ba\u015flat\u0131ld\u0131. <\/p>\n","protected":false},"excerpt":{"rendered":"<p>Senegalli \u00fcniversite \u00f6\u011frencilerini ta\u015f\u0131yan minib\u00fcs, 5 metre y\u00fckseklikten yol kenar\u0131na d\u00fc\u015ft\u00fc.<\/p>\n","protected":false},"author":1,"featured_media":23632,"comment_status":"open","ping_status":"open","sticky":false,"template":"","format":"standard","meta":{"footnotes":""},"categories":[9,4,13],"tags":[],"class_list":["post-23631","post","type-post","status-publish","format-standard","has-post-thumbnail","hentry","category-genel","category-gundem","category-son-dakika"],"_links":{"self":[{"href":"https:\/\/bihavadis.com\/index.php\/wp-json\/wp\/v2\/posts\/23631","targetHints":{"allow":["GET"]}}],"collection":[{"href":"https:\/\/bihavadis.com\/index.php\/wp-json\/wp\/v2\/posts"}],"about":[{"href":"https:\/\/bihavadis.com\/index.php\/wp-json\/wp\/v2\/types\/post"}],"author":[{"embeddable":true,"href":"https:\/\/bihavadis.com\/index.php\/wp-json\/wp\/v2\/users\/1"}],"replies":[{"embeddable":true,"href":"https:\/\/bihavadis.com\/index.php\/wp-json\/wp\/v2\/comments?post=23631"}],"version-history":[{"count":1,"href":"https:\/\/bihavadis.com\/index.php\/wp-json\/wp\/v2\/posts\/23631\/revisions"}],"predecessor-version":[{"id":23633,"href":"https:\/\/bihavadis.com\/index.php\/wp-json\/wp\/v2\/posts\/23631\/revisions\/23633"}],"wp:featuredmedia":[{"embeddable":true,"href":"https:\/\/bihavadis.com\/index.php\/wp-json\/wp\/v2\/media\/23632"}],"wp:attachment":[{"href":"https:\/\/bihavadis.com\/index.php\/wp-json\/wp\/v2\/media?parent=23631"}],"wp:term":[{"taxonomy":"category","embeddable":true,"href":"https:\/\/bihavadis.com\/index.php\/wp-json\/wp\/v2\/categories?post=23631"},{"taxonomy":"post_tag","embeddable":true,"href":"https:\/\/bihavadis.com\/index.php\/wp-json\/wp\/v2\/tags?post=23631"}],"curies":[{"name":"wp","href":"https:\/\/api.w.org\/{rel}","templated":true}]}}