{"id":23651,"date":"2026-02-09T09:33:08","date_gmt":"2026-02-09T09:33:08","guid":{"rendered":"https:\/\/bihavadis.com\/?p=23651"},"modified":"2026-02-09T09:33:08","modified_gmt":"2026-02-09T09:33:08","slug":"6-subat-depremlerinin-3-yilinda-11-ilde-sessiz-anma","status":"publish","type":"post","link":"https:\/\/bihavadis.com\/index.php\/2026\/02\/09\/6-subat-depremlerinin-3-yilinda-11-ilde-sessiz-anma\/","title":{"rendered":"6 \u015eubat depremlerinin 3. y\u0131l\u0131nda 11 ilde sessiz anma"},"content":{"rendered":"<p>T\u00fcrkiye, 2023 y\u0131l\u0131n\u0131n 6 \u015eubat&#8217;\u0131nda saat 04.17&#8217;de Kahramanmara\u015f Pazarc\u0131k&#8217;ta 7.7, saat 13.24&#8217;te ise Kahramanmara\u015f Elbistan&#8217;da meydana gelen 7.6 b\u00fcy\u00fckl\u00fc\u011f\u00fcndeki depremlerin ac\u0131s\u0131yla sars\u0131ld\u0131.<\/p>\n<p>Resmi bilgilere g\u00f6re asr\u0131n felaketinde 53 bin 537 ki\u015fi hayat\u0131n\u0131 kaybetti, 107 bin 213 ki\u015fi yaraland\u0131.<\/p>\n<p><img decoding=\"async\" src=\"https:\/\/bihavadis.com\/wp-content\/uploads\/2026\/02\/6-subat-depremlerinin-3-yilinda-11-ilde-sessiz-anma-0-Urewc4tr.jpg\"\/><\/p>\n<p><strong>11 \u0130LDE SESS\u0130Z ANMA<\/strong><\/p>\n<p>Felaketin 3. y\u0131ld\u00f6n\u00fcm\u00fcnde 11 kentte sessiz y\u00fcr\u00fcy\u00fc\u015fler d\u00fczenlendi.<\/p>\n<p>Depremlerin vurdu\u011fu Kahramanmara\u015f,\u00a0Hatay, Ad\u0131yaman, Gaziantep, Malatya, Kilis, Diyarbak\u0131r, Adana, Osmaniye, \u015eanl\u0131urfa ve Elaz\u0131\u011f&#8217;da yitirilen canlar i\u00e7in 61 saniyelik sayg\u0131 duru\u015fu yap\u0131ld\u0131.<\/p>\n<p>Ard\u0131ndan hayat\u0131n\u0131 kaybedenler i\u00e7in Kuran-\u0131 Kerim tilaveti okundu, dualar edildi.\u00a0<\/p>\n<p><img decoding=\"async\" src=\"https:\/\/bihavadis.com\/wp-content\/uploads\/2026\/02\/6-subat-depremlerinin-3-yilinda-11-ilde-sessiz-anma-1-wTlWMutd.jpg\"\/><\/p>\n<p><strong>MEZARLIK Z\u0130YARETLER\u0130 GECEDEN BA\u015eLADI<\/strong><\/p>\n<p>\u00d6te yandan, yak\u0131nlar\u0131n\u0131 kaybedenler mezarl\u0131k ziyaretinde bulundu.<\/p>\n<p>Gecenin karanl\u0131\u011f\u0131na ra\u011fmen Kahramanmara\u015f Kap\u0131\u00e7am \u015eehir Mezarl\u0131\u011f\u0131&#8217;na giden vatanda\u015flar yak\u0131nlar\u0131n\u0131n kabirlerini sulay\u0131p \u00e7i\u00e7ek b\u0131rakt\u0131.<\/p>\n<p>T\u00fcrk bayraklar\u0131 ile donat\u0131lm\u0131\u015f mezarlar\u0131n \u00e7evre temizli\u011fini ve bak\u0131m\u0131n\u0131 da yapan ziyaret\u00e7iler yak\u0131nlar\u0131 i\u00e7in dua edip Kuran-\u0131 Kerim okudu.<\/p>\n<p><img decoding=\"async\" src=\"https:\/\/bihavadis.com\/wp-content\/uploads\/2026\/02\/6-subat-depremlerinin-3-yilinda-11-ilde-sessiz-anma-2-9fYiTdAO.jpg\"\/><\/p>\n<p>Ebrar Sitesi&#8217;nde enkaz\u0131n alt\u0131nda kalan 16 ya\u015f\u0131ndaki k\u0131z\u0131 Irmak Leyla&#8217;n\u0131n elini tuttu\u011fu foto\u011fraf karesiyle ak\u0131llara kaz\u0131nan Mesut Han\u00e7er ve e\u015fi G\u00fclseren Han\u00e7er de k\u0131zlar\u0131n\u0131n mezar\u0131 ba\u015f\u0131ndayd\u0131.<\/p>\n<p>Enkaz alt\u0131nda k\u0131z\u0131n\u0131n cans\u0131z bedenini buldu\u011fu anlar\u0131 anlatan ac\u0131l\u0131 baba, \u015funlar\u0131 s\u00f6yledi:<\/p>\n<p>Senesi geldi, hi\u00e7bir zaman unutulmuyor bu ac\u0131. K\u0131z\u0131m\u0131 kaybettim, ailemi kaybettim. Yani hi\u00e7 tarif edilecek gibi de\u011fil. Biz \u015fu anda Ankara&#8217;day\u0131z, deprem sonras\u0131 oraya yerle\u015ftik. 6 \u015eubat&#8217;ta senesi geldi\u011fi i\u00e7in k\u0131z\u0131m\u0131z\u0131 ziyarete geldik.<\/p>\n<p><img decoding=\"async\" src=\"https:\/\/bihavadis.com\/wp-content\/uploads\/2026\/02\/6-subat-depremlerinin-3-yilinda-11-ilde-sessiz-anma-3-gLV6an7f.jpg\"\/><\/p>\n<p><img decoding=\"async\" src=\"https:\/\/bihavadis.com\/wp-content\/uploads\/2026\/02\/6-subat-depremlerinin-3-yilinda-11-ilde-sessiz-anma-4-dCCbmGkz.jpg\"\/><\/p>\n","protected":false},"excerpt":{"rendered":"<p>6 \u015eubat depremlerinde hayat\u0131n\u0131 kaybedenler asr\u0131n felaketinin 3. y\u0131ld\u00f6n\u00fcm\u00fcnde 11 ilde saat 04.17&#8217;de d\u00fczenlenen sessiz y\u00fcr\u00fcy\u00fc\u015flerle an\u0131ld\u0131.<\/p>\n","protected":false},"author":1,"featured_media":23652,"comment_status":"open","ping_status":"open","sticky":false,"template":"","format":"standard","meta":{"footnotes":""},"categories":[9,13],"tags":[],"class_list":["post-23651","post","type-post","status-publish","format-standard","has-post-thumbnail","hentry","category-genel","category-son-dakika"],"_links":{"self":[{"href":"https:\/\/bihavadis.com\/index.php\/wp-json\/wp\/v2\/posts\/23651","targetHints":{"allow":["GET"]}}],"collection":[{"href":"https:\/\/bihavadis.com\/index.php\/wp-json\/wp\/v2\/posts"}],"about":[{"href":"https:\/\/bihavadis.com\/index.php\/wp-json\/wp\/v2\/types\/post"}],"author":[{"embeddable":true,"href":"https:\/\/bihavadis.com\/index.php\/wp-json\/wp\/v2\/users\/1"}],"replies":[{"embeddable":true,"href":"https:\/\/bihavadis.com\/index.php\/wp-json\/wp\/v2\/comments?post=23651"}],"version-history":[{"count":1,"href":"https:\/\/bihavadis.com\/index.php\/wp-json\/wp\/v2\/posts\/23651\/revisions"}],"predecessor-version":[{"id":23658,"href":"https:\/\/bihavadis.com\/index.php\/wp-json\/wp\/v2\/posts\/23651\/revisions\/23658"}],"wp:featuredmedia":[{"embeddable":true,"href":"https:\/\/bihavadis.com\/index.php\/wp-json\/wp\/v2\/media\/23652"}],"wp:attachment":[{"href":"https:\/\/bihavadis.com\/index.php\/wp-json\/wp\/v2\/media?parent=23651"}],"wp:term":[{"taxonomy":"category","embeddable":true,"href":"https:\/\/bihavadis.com\/index.php\/wp-json\/wp\/v2\/categories?post=23651"},{"taxonomy":"post_tag","embeddable":true,"href":"https:\/\/bihavadis.com\/index.php\/wp-json\/wp\/v2\/tags?post=23651"}],"curies":[{"name":"wp","href":"https:\/\/api.w.org\/{rel}","templated":true}]}}