{"id":23692,"date":"2026-02-09T10:15:15","date_gmt":"2026-02-09T10:15:15","guid":{"rendered":"https:\/\/bihavadis.com\/?p=23692"},"modified":"2026-02-09T10:15:15","modified_gmt":"2026-02-09T10:15:15","slug":"youssef-en-nesyri-al-ittihadin-hayalini-kuruyordum","status":"publish","type":"post","link":"https:\/\/bihavadis.com\/index.php\/2026\/02\/09\/youssef-en-nesyri-al-ittihadin-hayalini-kuruyordum\/","title":{"rendered":"Youssef En-Nesyri: Al-Ittihad&#8217;\u0131n hayalini kuruyordum"},"content":{"rendered":"<p>Fenerbah\u00e7e&#8217;den Suudi Arabistan Ligi ekibi Al-Ittihad&#8217;a transfer olan Youssef En-Nesyri dikkat \u00e7eken bir a\u00e7\u0131klama yapt\u0131.<\/p>\n<p>Fasl\u0131 golc\u00fc, Al-Ittihad&#8217;da oynaman\u0131n hayalini kurdu\u011funu s\u00f6yledi.<\/p>\n<p><strong>&#8220;HAYAL\u0130N\u0130 KURUYORDUM&#8221;<\/strong><\/p>\n<p>28 ya\u015f\u0131ndaki futbolcu, Suudi Arabistan Ligi&#8217;ni yak\u0131ndan takip etti\u011fini belirterek,<b><em> &#8220;Son y\u0131llarda Suudi Ligi&#8217;ni \u00e7ok izledim ve \u00f6zellikle Al Ittihad kul\u00fcb\u00fcn\u00fc takip ettim. Al Ittihad&#8217;a kar\u015f\u0131 bir haz\u0131rl\u0131k ma\u00e7\u0131nda oynad\u0131\u011f\u0131mda, bir g\u00fcn bu tak\u0131m\u0131n forveti olaca\u011f\u0131m\u0131 hayal ediyordum&#8221;<\/em><\/b> ifadelerini kulland\u0131.<\/p>\n<p>En-Nesyri, Al Ittihad&#8217;\u0131n hedefleri ve atmosferinin kendisini etkiledi\u011fini dile getirirken, bu transferin kariyerinde \u00f6zel bir yere sahip oldu\u011funu vurgulad\u0131.<\/p>\n<p><img decoding=\"async\" src=\"https:\/\/bihavadis.com\/wp-content\/uploads\/2026\/02\/youssef-en-nesyri-al-ittihadin-hayalini-kuruyordum-0-WLv1wV5W.jpg\"\/><\/p>\n<p><strong>YEN\u0130 TAKIMI TARAFINDAN KAR\u015eILANDI<\/strong><\/p>\n<p>Fasl\u0131 golc\u00fc, yeni kul\u00fcb\u00fcyle ba\u015far\u0131lar ya\u015famak istedi\u011fini de s\u00f6zlerine ekledi.<\/p>\n<p>\u00d6te yandan Al-Ittihad&#8217;da ilk idman\u0131na \u00e7\u0131kan Youssef En-Nesyri, tak\u0131m arkada\u015flar\u0131 ve teknik heyet taraf\u0131ndan kar\u015f\u0131land\u0131.<\/p>\n<p><img decoding=\"async\" src=\"https:\/\/bihavadis.com\/wp-content\/uploads\/2026\/02\/youssef-en-nesyri-al-ittihadin-hayalini-kuruyordum-1-NbuNLIw1.jpg\"\/><\/p>\n","protected":false},"excerpt":{"rendered":"<p>Fenerbah\u00e7e&#8217;den Al Ittihad&#8217;a transfer olan Youssef En-Nesyri, Suudi ekibinde forma giymenin uzun s\u00fcredir kurdu\u011fu bir hayalin ger\u00e7ekle\u015fmesi oldu\u011funu s\u00f6yledi.<\/p>\n","protected":false},"author":1,"featured_media":23693,"comment_status":"open","ping_status":"open","sticky":false,"template":"","format":"standard","meta":{"footnotes":""},"categories":[14],"tags":[4061],"class_list":["post-23692","post","type-post","status-publish","format-standard","has-post-thumbnail","hentry","category-spor","tag-ittihad"],"_links":{"self":[{"href":"https:\/\/bihavadis.com\/index.php\/wp-json\/wp\/v2\/posts\/23692","targetHints":{"allow":["GET"]}}],"collection":[{"href":"https:\/\/bihavadis.com\/index.php\/wp-json\/wp\/v2\/posts"}],"about":[{"href":"https:\/\/bihavadis.com\/index.php\/wp-json\/wp\/v2\/types\/post"}],"author":[{"embeddable":true,"href":"https:\/\/bihavadis.com\/index.php\/wp-json\/wp\/v2\/users\/1"}],"replies":[{"embeddable":true,"href":"https:\/\/bihavadis.com\/index.php\/wp-json\/wp\/v2\/comments?post=23692"}],"version-history":[{"count":1,"href":"https:\/\/bihavadis.com\/index.php\/wp-json\/wp\/v2\/posts\/23692\/revisions"}],"predecessor-version":[{"id":23696,"href":"https:\/\/bihavadis.com\/index.php\/wp-json\/wp\/v2\/posts\/23692\/revisions\/23696"}],"wp:featuredmedia":[{"embeddable":true,"href":"https:\/\/bihavadis.com\/index.php\/wp-json\/wp\/v2\/media\/23693"}],"wp:attachment":[{"href":"https:\/\/bihavadis.com\/index.php\/wp-json\/wp\/v2\/media?parent=23692"}],"wp:term":[{"taxonomy":"category","embeddable":true,"href":"https:\/\/bihavadis.com\/index.php\/wp-json\/wp\/v2\/categories?post=23692"},{"taxonomy":"post_tag","embeddable":true,"href":"https:\/\/bihavadis.com\/index.php\/wp-json\/wp\/v2\/tags?post=23692"}],"curies":[{"name":"wp","href":"https:\/\/api.w.org\/{rel}","templated":true}]}}