{"id":23735,"date":"2026-02-09T10:51:08","date_gmt":"2026-02-09T10:51:08","guid":{"rendered":"https:\/\/bihavadis.com\/?p=23735"},"modified":"2026-02-09T10:51:08","modified_gmt":"2026-02-09T10:51:08","slug":"erzurumda-eve-zorla-tutulan-kadinin-imdadina-polisler-yetisti","status":"publish","type":"post","link":"https:\/\/bihavadis.com\/index.php\/2026\/02\/09\/erzurumda-eve-zorla-tutulan-kadinin-imdadina-polisler-yetisti\/","title":{"rendered":"Erzurum&#8217;da eve zorla tutulan kad\u0131n\u0131n imdad\u0131na polisler yeti\u015fti"},"content":{"rendered":"<p>Erzurum&#8217;un Yakutiye il\u00e7esi Rabiaana Mahallesi Veyisefendi Sokak&#8217;ta bir kad\u0131n\u0131n ikamette zorlu tutuldu\u011fu ihbar\u0131 \u00fczerine olay yerine giden polis, alt kat\u0131 d\u00fckk\u00e2n olan iki katl\u0131 binan\u0131n \u00fcst kat\u0131n\u0131n penceresindeki kad\u0131n\u0131 tespit etti.<\/p>\n<p>B.K. isimli gen\u00e7 kad\u0131n, ayn\u0131 evde kald\u0131\u011f\u0131 \u015e.\u00d6. taraf\u0131ndan binan\u0131n giri\u015f kap\u0131s\u0131 kilitlenerek kendisinin evde zorla tutuldu\u011funu s\u00f6yledi.<\/p>\n<p><strong>VAL\u0130ZLER\u0130YLE \u00c7IKARDI<\/strong><\/p>\n<p>\u0130tfaiye ekiplerinin deste\u011fiyle evin kap\u0131s\u0131 a\u00e7\u0131ld\u0131 ve polis, B.K.\u2019yi bulundu\u011fu evden valizleriyle \u00e7\u0131kard\u0131.<\/p>\n<p><img decoding=\"async\" src=\"https:\/\/bihavadis.com\/wp-content\/uploads\/2026\/02\/erzurumda-eve-zorla-tutulan-kadinin-imdadina-polisler-yetisti-0-XyK1X3UY.jpg\"\/><\/p>\n<p><strong>SORU\u015eTURMA BA\u015eLADI<\/strong><\/p>\n<p>Erzurum \u015eehir Hastanesi\u2019nde doktor kontrol\u00fcnden ge\u00e7n B.K., Emniyet M\u00fcd\u00fcrl\u00fc\u011f\u00fc Aile \u0130\u00e7i \u015eube M\u00fcd\u00fcrl\u00fc\u011f\u00fc\u2019ne teslim edildi.<\/p>\n<p>Polisi \u015fikayet \u00fczerine \u015e.\u00d6.\u2019n\u00fcn yakalanmas\u0131 i\u00e7in \u00e7al\u0131\u015fma ba\u015flatt\u0131. Olayla ilgili soru\u015fturma devam ediyor.<\/p>\n<p><img decoding=\"async\" src=\"https:\/\/bihavadis.com\/wp-content\/uploads\/2026\/02\/erzurumda-eve-zorla-tutulan-kadinin-imdadina-polisler-yetisti-1-RmEkl2G8.jpg\"\/><\/p>\n<p><img decoding=\"async\" src=\"https:\/\/bihavadis.com\/wp-content\/uploads\/2026\/02\/erzurumda-eve-zorla-tutulan-kadinin-imdadina-polisler-yetisti-2-tatqJ2zk.jpg\"\/><\/p>\n","protected":false},"excerpt":{"rendered":"<p>&#8211; Erzurum&#8217;da bir evde zorla tutuldu\u011funu ileri s\u00fcren 21 ya\u015f\u0131ndaki B.K., polis ve itfaiye ekipleri taraf\u0131ndan kurtar\u0131ld\u0131.<\/p>\n","protected":false},"author":1,"featured_media":23736,"comment_status":"open","ping_status":"open","sticky":false,"template":"","format":"standard","meta":{"footnotes":""},"categories":[4,13],"tags":[],"class_list":["post-23735","post","type-post","status-publish","format-standard","has-post-thumbnail","hentry","category-gundem","category-son-dakika"],"_links":{"self":[{"href":"https:\/\/bihavadis.com\/index.php\/wp-json\/wp\/v2\/posts\/23735","targetHints":{"allow":["GET"]}}],"collection":[{"href":"https:\/\/bihavadis.com\/index.php\/wp-json\/wp\/v2\/posts"}],"about":[{"href":"https:\/\/bihavadis.com\/index.php\/wp-json\/wp\/v2\/types\/post"}],"author":[{"embeddable":true,"href":"https:\/\/bihavadis.com\/index.php\/wp-json\/wp\/v2\/users\/1"}],"replies":[{"embeddable":true,"href":"https:\/\/bihavadis.com\/index.php\/wp-json\/wp\/v2\/comments?post=23735"}],"version-history":[{"count":1,"href":"https:\/\/bihavadis.com\/index.php\/wp-json\/wp\/v2\/posts\/23735\/revisions"}],"predecessor-version":[{"id":23740,"href":"https:\/\/bihavadis.com\/index.php\/wp-json\/wp\/v2\/posts\/23735\/revisions\/23740"}],"wp:featuredmedia":[{"embeddable":true,"href":"https:\/\/bihavadis.com\/index.php\/wp-json\/wp\/v2\/media\/23736"}],"wp:attachment":[{"href":"https:\/\/bihavadis.com\/index.php\/wp-json\/wp\/v2\/media?parent=23735"}],"wp:term":[{"taxonomy":"category","embeddable":true,"href":"https:\/\/bihavadis.com\/index.php\/wp-json\/wp\/v2\/categories?post=23735"},{"taxonomy":"post_tag","embeddable":true,"href":"https:\/\/bihavadis.com\/index.php\/wp-json\/wp\/v2\/tags?post=23735"}],"curies":[{"name":"wp","href":"https:\/\/api.w.org\/{rel}","templated":true}]}}